{"id":165774,"date":"2016-04-13T15:18:59","date_gmt":"2016-04-13T12:18:59","guid":{"rendered":"https:\/\/analyse.optim.biz\/?p=165774"},"modified":"2016-04-13T15:18:59","modified_gmt":"2016-04-13T12:18:59","slug":"pnl-il-propune-pe-mihai-voicu-vicepresedinte-al-camerei-deputatilor-in-locul-lui-ludovic-orban","status":"publish","type":"post","link":"https:\/\/analyse.optim.biz\/?p=165774","title":{"rendered":"PNL \u00eel propune pe Mihai Voicu vicepre\u0219edinte al Camerei Deputa\u021bilor, \u00een locul lui Ludovic Orban"},"content":{"rendered":"<div class=\"entry data-app-meta data-app-meta-article\" data-embed-base-url-canonical=\"https:\/\/www.digi24.ro\/embed\/stiri\/actualitate\/politica\/pnl-il-propune-pe-mihai-voicu-vicepresedinte-al-camerei-deputatilor-in-locul-lui-ludovic-orban-506495\">\n<p data-index=\"1\"><img decoding=\"async\" src=\"https:\/\/analyse.optim.biz\/wp-content\/uploads\/2024\/09\/m2izotyyy2m1yzrjztawyti1odjjztfjztjlnji5oq-thumb_.jpg\" data-skip-htmlfix=\"1\" title=\"m2izotyyy2m1yzrjztawyti1odjjztfjztjlnji5oq-thumb_\"><\/p>\n<p data-index=\"2\"><em>Mihai Voicu \/ FOTO: Facebook<\/em><\/p>\n<p data-index=\"3\">Pe ordinea de zi a \u0219edin\u021bei Biroului permanent al Camerei Deputa\u021bilor de miercuri figureaz\u0103 demisia deputatului PNL Ludovic Orban din func\u021bia de vicepre\u0219edinte al acestui for, dar \u0219i propunerea grupului liberal privind desemnarea lui Mihai Voicu \u00een locul acestuia.<\/p>\n<p data-index=\"4\">Liberalul Ludovic Orban a declarat luni c\u0103, \u00een urma anchet\u0103rii sale de c\u0103tre procurorii DNA, \u00ee\u0219i va retrage candidatura de la alegerile pentru func\u021bia de primar al Capitalei \u0219i c\u0103 va demisiona din conducerea PNL, dar \u0219i din func\u021bia de vicepre\u0219edinte al Camerei Deputa\u021bilor.<\/p>\n<\/div>\n<p> Source URL: https:\/\/www.digi24.ro\/stiri\/actualitate\/politica\/pnl-il-propune-pe-mihai-voicu-vicepresedinte-al-camerei-deputatilor-in-locul-lui-ludovic-orban-506495<\/p>\n","protected":false},"excerpt":{"rendered":"<p>Mihai Voicu \/ FOTO: Facebook Pe ordinea de zi a \u0219edin\u021bei Biroului permanent al Camerei Deputa\u021bilor de miercuri figureaz\u0103 demisia deputatului PNL Ludovic Orban din func\u021bia de vicepre\u0219edinte al acestui for, dar \u0219i propunerea grupului liberal privind desemnarea lui Mihai Voicu \u00een locul acestuia. Liberalul Ludovic Orban a declarat luni c\u0103, \u00een urma anchet\u0103rii sale [&hellip;]<\/p>\n","protected":false},"author":1,"featured_media":165775,"comment_status":"open","ping_status":"","sticky":false,"template":"","format":"standard","meta":{"footnotes":""},"categories":[2],"tags":[11],"class_list":["post-165774","post","type-post","status-publish","format-standard","has-post-thumbnail","hentry","category-politics","tag-digi24"],"_links":{"self":[{"href":"https:\/\/analyse.optim.biz\/index.php?rest_route=\/wp\/v2\/posts\/165774","targetHints":{"allow":["GET"]}}],"collection":[{"href":"https:\/\/analyse.optim.biz\/index.php?rest_route=\/wp\/v2\/posts"}],"about":[{"href":"https:\/\/analyse.optim.biz\/index.php?rest_route=\/wp\/v2\/types\/post"}],"author":[{"embeddable":true,"href":"https:\/\/analyse.optim.biz\/index.php?rest_route=\/wp\/v2\/users\/1"}],"replies":[{"embeddable":true,"href":"https:\/\/analyse.optim.biz\/index.php?rest_route=%2Fwp%2Fv2%2Fcomments&post=165774"}],"version-history":[{"count":0,"href":"https:\/\/analyse.optim.biz\/index.php?rest_route=\/wp\/v2\/posts\/165774\/revisions"}],"wp:featuredmedia":[{"embeddable":true,"href":"https:\/\/analyse.optim.biz\/index.php?rest_route=\/wp\/v2\/media\/165775"}],"wp:attachment":[{"href":"https:\/\/analyse.optim.biz\/index.php?rest_route=%2Fwp%2Fv2%2Fmedia&parent=165774"}],"wp:term":[{"taxonomy":"category","embeddable":true,"href":"https:\/\/analyse.optim.biz\/index.php?rest_route=%2Fwp%2Fv2%2Fcategories&post=165774"},{"taxonomy":"post_tag","embeddable":true,"href":"https:\/\/analyse.optim.biz\/index.php?rest_route=%2Fwp%2Fv2%2Ftags&post=165774"}],"curies":[{"name":"wp","href":"https:\/\/api.w.org\/{rel}","templated":true}]}}