{"id":165594,"date":"2016-04-08T14:49:21","date_gmt":"2016-04-08T11:49:21","guid":{"rendered":"https:\/\/analyse.optim.biz\/?p=165594"},"modified":"2016-04-08T14:49:21","modified_gmt":"2016-04-08T11:49:21","slug":"calin-popescu-tariceanu-a-crescut-coruptia-adusa-de-marile-corporatii-din-strainatate","status":"publish","type":"post","link":"https:\/\/analyse.optim.biz\/?p=165594","title":{"rendered":"C\u0103lin Popescu-T\u0103riceanu: A crescut corup\u021bia adus\u0103 de marile corpora\u021bii din str\u0103in\u0103tate"},"content":{"rendered":"<div class=\"entry data-app-meta data-app-meta-article\" data-embed-base-url-canonical=\"https:\/\/www.digi24.ro\/embed\/stiri\/actualitate\/politica\/calin-popescu-tariceanu-a-crescut-coruptia-adusa-de-marile-corporatii-din-strainatate-504776\">\n<p data-index=\"1\">\u00a0<img decoding=\"async\" src=\"https:\/\/analyse.optim.biz\/wp-content\/uploads\/2024\/09\/ptgwmczoyxnopthlzdrjnjrjytzkyjeyntm1owyzmjzhmmm0zgy4ntnm-thumb_.jpg\" data-skip-htmlfix=\"1\" title=\"ptgwmczoyxnopthlzdrjnjrjytzkyjeyntm1owyzmjzhmmm0zgy4ntnm-thumb_\"><\/p>\n<p data-index=\"2\"><em>Foto: Agerpres<\/em><\/p>\n<p data-index=\"3\">\u201e<span>Una din cauze, nu fac o list\u0103 exhaustiv\u0103, este proasta salarizare a celor care lucreaz\u0103 \u00een administra\u021bia public\u0103 central\u0103 sau local\u0103, care este aproape un \u00eendemn la corup\u021bie. Probabil c\u0103 sunt \u0219i chestiuni care \u021bin de natura istoric\u0103 a evolu\u021biei Rom\u00e2niei, de anumite mentalit\u0103\u021bi, de o anumit\u0103 ruptur\u0103 de reperele moralei cre\u0219tine care au avut loc \u00een perioada comunist\u0103 c\u00e2nd corup\u021bia a c\u0103p\u0103tat amploare. Atunci mica corup\u021bie era foarte r\u0103sp\u00e2ndit\u0103. Ast\u0103zi, pe l\u00e2ng\u0103 mica corup\u021bie, care dup\u0103 p\u0103rerea mea a \u00eenceput s\u0103 se diminueze, a crescut marea corup\u021bie. Corup\u021bia la nivel institu\u021bional, corup\u021bia adus\u0103 de marile corpora\u021bii din str\u0103in\u0103tate\u201d, a declarat copre\u0219edintele ALDE, potrivit Agerpres.<\/span><\/p>\n<p data-index=\"4\">C\u0103lin Popescu-T\u0103riceanu, Daniel Constantin, Varujan Vosganian \u0219i Daniel Chi\u021boiu au participat, vineri, la Ia\u0219i, la lansarea candida\u021bilor filialei ALDE la alegerile locale, \u00een municipiul re\u0219edin\u021b\u0103 de jude\u021b candidatul la Prim\u0103rie fiind fostul consilier liberal Radu Botez.<\/p>\n<\/div>\n<p> Source URL: https:\/\/www.digi24.ro\/stiri\/actualitate\/politica\/calin-popescu-tariceanu-a-crescut-coruptia-adusa-de-marile-corporatii-din-strainatate-504776<\/p>\n","protected":false},"excerpt":{"rendered":"<p>\u00a0 Foto: Agerpres \u201eUna din cauze, nu fac o list\u0103 exhaustiv\u0103, este proasta salarizare a celor care lucreaz\u0103 \u00een administra\u021bia public\u0103 central\u0103 sau local\u0103, care este aproape un \u00eendemn la corup\u021bie. Probabil c\u0103 sunt \u0219i chestiuni care \u021bin de natura istoric\u0103 a evolu\u021biei Rom\u00e2niei, de anumite mentalit\u0103\u021bi, de o anumit\u0103 ruptur\u0103 de reperele moralei cre\u0219tine [&hellip;]<\/p>\n","protected":false},"author":1,"featured_media":165595,"comment_status":"open","ping_status":"","sticky":false,"template":"","format":"standard","meta":{"footnotes":""},"categories":[2],"tags":[11],"class_list":["post-165594","post","type-post","status-publish","format-standard","has-post-thumbnail","hentry","category-politics","tag-digi24"],"_links":{"self":[{"href":"https:\/\/analyse.optim.biz\/index.php?rest_route=\/wp\/v2\/posts\/165594","targetHints":{"allow":["GET"]}}],"collection":[{"href":"https:\/\/analyse.optim.biz\/index.php?rest_route=\/wp\/v2\/posts"}],"about":[{"href":"https:\/\/analyse.optim.biz\/index.php?rest_route=\/wp\/v2\/types\/post"}],"author":[{"embeddable":true,"href":"https:\/\/analyse.optim.biz\/index.php?rest_route=\/wp\/v2\/users\/1"}],"replies":[{"embeddable":true,"href":"https:\/\/analyse.optim.biz\/index.php?rest_route=%2Fwp%2Fv2%2Fcomments&post=165594"}],"version-history":[{"count":0,"href":"https:\/\/analyse.optim.biz\/index.php?rest_route=\/wp\/v2\/posts\/165594\/revisions"}],"wp:featuredmedia":[{"embeddable":true,"href":"https:\/\/analyse.optim.biz\/index.php?rest_route=\/wp\/v2\/media\/165595"}],"wp:attachment":[{"href":"https:\/\/analyse.optim.biz\/index.php?rest_route=%2Fwp%2Fv2%2Fmedia&parent=165594"}],"wp:term":[{"taxonomy":"category","embeddable":true,"href":"https:\/\/analyse.optim.biz\/index.php?rest_route=%2Fwp%2Fv2%2Fcategories&post=165594"},{"taxonomy":"post_tag","embeddable":true,"href":"https:\/\/analyse.optim.biz\/index.php?rest_route=%2Fwp%2Fv2%2Ftags&post=165594"}],"curies":[{"name":"wp","href":"https:\/\/api.w.org\/{rel}","templated":true}]}}