{"id":165017,"date":"2016-04-27T14:55:57","date_gmt":"2016-04-27T11:55:57","guid":{"rendered":"https:\/\/analyse.optim.biz\/?p=165017"},"modified":"2016-04-27T14:55:57","modified_gmt":"2016-04-27T11:55:57","slug":"ion-iliescu-nu-sunt-adeptul-excluderilor-si-al-altor-masuri-de-forta-ele-ne-au-facut-mult-rau","status":"publish","type":"post","link":"https:\/\/analyse.optim.biz\/?p=165017","title":{"rendered":"Ion Iliescu: Nu sunt adeptul excluderilor \u0219i al altor m\u0103suri de for\u021b\u0103, ele ne-au f\u0103cut mult r\u0103u"},"content":{"rendered":"<div class=\"entry data-app-meta data-app-meta-article\" data-embed-base-url-canonical=\"https:\/\/www.digi24.ro\/embed\/stiri\/actualitate\/politica\/ion-iliescu-nu-sunt-adeptul-excluderilor-si-al-altor-masuri-de-forta-ele-ne-au-facut-mult-rau-511591\">\n<p data-index=\"1\"><img decoding=\"async\" src=\"https:\/\/analyse.optim.biz\/wp-content\/uploads\/2024\/09\/lmpwzyz3ptgwmczoyxnoptvjndi1njfizgnjytnlnzdhnmjjy2q2mzi0ztziyzcz-thumb_.jpg\" data-skip-htmlfix=\"1\" title=\"lmpwzyz3ptgwmczoyxnoptvjndi1njfizgnjytnlnzdhnmjjy2q2mzi0ztziyzcz-thumb_\"><\/p>\n<p data-index=\"2\"><em>Foto: Agerpres\u00a0<\/em><\/p>\n<p data-index=\"3\">\u201eM\u0103 adresez dumneavoastr\u0103 \u00eentr-un moment pe care \u00eel consider delicat pentru partid. Considera\u021bi acest mesaj drept expresia \u00eengrijor\u0103rii mele, \u00eengrijorare determinat\u0103 de evolu\u021biile la v\u00e2rful partidului. Esen\u021ba acestui mesaj este un apel la unitate \u0219i continuitate \u00een PSD. S\u0103 nu repet\u0103m gre\u0219eli ale trecutului, care ne-au costat. \u00cenainte de orice, partidul are responsabilit\u0103\u021bi at\u00e2t fa\u021b\u0103 de membrii \u0219i simpatizan\u021bii s\u0103i, de oamenii de st\u00e2nga din Rom\u00e2nia, c\u00e2t \u0219i fa\u021b\u0103 de to\u021bi cet\u0103\u021benii. Trebuie s\u0103-\u0219i fac\u0103 datoria, nu s\u0103 se piard\u0103 \u00een lupte pentru putere, care nu au nicio miz\u0103 pentru rom\u00e2ni. \u0218ti\u021bi foarte bine c\u0103 nu sunt adeptul excluderilor \u0219i al altor m\u0103suri de for\u021b\u0103. Ele ne-au f\u0103cut mult r\u0103u. Dac\u0103 apel\u0103m \u0219i acum la a\u0219a ceva, nu vom rezolva nimic\u201d, a scris Ion Iliescu, pe blog.<\/p>\n<p data-index=\"4\">\u201eDomnul Liviu Dragnea a dat m\u0103sura capacit\u0103\u021bilor sale de organizator \u00een anii care s-au scurs de la venirea sa \u00een partid. I-am transmis, vineri, dup\u0103 anun\u021barea sentin\u021bei, faptul c\u0103 am considerat \u0219i consider lipsit\u0103 de sens condamnarea sa. Domnul Valeriu Zgonea a venit \u00een PSD \u00een anii \u00een care eram \u00een opozi\u021bie, \u00een urm\u0103 cu dou\u0103 decenii, \u0219i \u00eemi amintesc de entuziasmul cu care \u00ee\u0219i asuma r\u0103spunderi \u0219i lucra \u00een folosul partidului\u201d, a afirmat Iliescu.<\/p>\n<p data-index=\"5\">Fostul pre\u0219edinte a mai subliniat \u00een mesajul s\u0103u c\u0103 nu este de folos nim\u0103nui conflictul.<\/p>\n<p data-index=\"6\">\u201ePSD trebuie s\u0103 se concentreze pe campania pentru alegerile locale, unde avem ceva de demonstrat: c\u0103 suntem partidul cu un program coerent de guvernare local\u0103, pentru prosperitatea comunit\u0103\u021bilor locale. Este timp, dup\u0103 alegeri, pentru o analiz\u0103 aprofundat\u0103 a situa\u021biei din partid. \u00cenchei reiter\u00e2nd apelul meu la calm \u0219i la responsabilitate\u201d, a completat Iliescu.<\/p>\n<h3><a href=\"https:\/\/www.digi24.ro\/Stiri\/Digi24\/Actualitate\/Politica\/Liviu+Dragnea+Pentru+mine+Valeriu+Zgonea+nu+este+o+prioritate\" data-skip-linkfix=\"1\">Liviu Dragnea: Pu\u021bin probabil s\u0103 r\u0103m\u00e2n \u00een fruntea PSD dup\u0103 locale\u00a0<\/a><\/h3>\n<h3><a href=\"https:\/\/www.digi24.ro\/Stiri\/Digi24\/Actualitate\/Politica\/Valeriu+Zgonea+Astazi+imparatul+este+gol+PSD+se+indreapta+cu+pas\" data-skip-linkfix=\"1\">Valeriu Zgonea: Ast\u0103zi, \u00eemp\u0103ratul este gol. PSD se \u00eendreapt\u0103 cu pa\u0219i repezi \u0219i cu ochii \u00eenchi\u0219i c\u0103tre pr\u0103pastie<\/a><\/h3>\n<p data-index=\"7\">Comitetul Executiv Na\u021bional al PSD se reune\u0219te miercuri, la Palatul Parlamentului, pentru \u201eo analiz\u0103 la rece\u201d a situa\u021biei din partid, \u00een urma condamn\u0103rii definitive a lui Liviu Dragnea \u00een dosarul &#8220;Referendumul&#8221;.<\/p>\n<p data-index=\"8\">Agerpres noteaz\u0103 c\u0103 pre\u0219edintele PSD, Liviu Dragnea, a spus \u00een urm\u0103 cu c\u00e2teva zile c\u0103 a convocat reuniunea CexN \u0219i a precizat c\u0103 nu va p\u0103r\u0103si conducerea PSD pentru a nu destabiliza situa\u021bia politic\u0103 \u0219i a \u201eface cadou alegerile\u201d Opozi\u021biei, \u201einclusiv pre\u0219edintelui Klaus Iohannis\u201d.<\/p>\n<p data-index=\"9\">El a ad\u0103ugat c\u0103 la CExN va fi luat\u0103 \u201eo decizie f\u0103r\u0103 patim\u0103\u201d \u0219i c\u0103 dup\u0103 alegerile locale se va discuta oportunitatea r\u0103m\u00e2nerii sale \u00een func\u021bia de pre\u0219edinte al partidului.<\/p>\n<p data-index=\"10\">Tot la aceast\u0103 \u0219edin\u021b\u0103 se va pune \u00een discu\u021bie cazul pre\u0219edintelui executiv al PSD, Valeriu Zgonea, care i-a cerut lui Dragnea s\u0103 se retrag\u0103 din fruntea partidului. Mai mul\u021bi lideri social-democra\u021bi au solicitat, \u00een urma acestor afirma\u021bii, suspendarea din func\u021bie a lui Zgonea \u0219i retragerea sprijinului politic pentru func\u021bia de pre\u0219edinte al Camerei Deputa\u021bilor.<\/p>\n<\/div>\n<p> Source URL: https:\/\/www.digi24.ro\/stiri\/actualitate\/politica\/ion-iliescu-nu-sunt-adeptul-excluderilor-si-al-altor-masuri-de-forta-ele-ne-au-facut-mult-rau-511591<\/p>\n","protected":false},"excerpt":{"rendered":"<p>Foto: Agerpres\u00a0 \u201eM\u0103 adresez dumneavoastr\u0103 \u00eentr-un moment pe care \u00eel consider delicat pentru partid. Considera\u021bi acest mesaj drept expresia \u00eengrijor\u0103rii mele, \u00eengrijorare determinat\u0103 de evolu\u021biile la v\u00e2rful partidului. Esen\u021ba acestui mesaj este un apel la unitate \u0219i continuitate \u00een PSD. S\u0103 nu repet\u0103m gre\u0219eli ale trecutului, care ne-au costat. \u00cenainte de orice, partidul are responsabilit\u0103\u021bi [&hellip;]<\/p>\n","protected":false},"author":1,"featured_media":165018,"comment_status":"open","ping_status":"","sticky":false,"template":"","format":"standard","meta":{"footnotes":""},"categories":[2],"tags":[11],"class_list":["post-165017","post","type-post","status-publish","format-standard","has-post-thumbnail","hentry","category-politics","tag-digi24"],"_links":{"self":[{"href":"https:\/\/analyse.optim.biz\/index.php?rest_route=\/wp\/v2\/posts\/165017","targetHints":{"allow":["GET"]}}],"collection":[{"href":"https:\/\/analyse.optim.biz\/index.php?rest_route=\/wp\/v2\/posts"}],"about":[{"href":"https:\/\/analyse.optim.biz\/index.php?rest_route=\/wp\/v2\/types\/post"}],"author":[{"embeddable":true,"href":"https:\/\/analyse.optim.biz\/index.php?rest_route=\/wp\/v2\/users\/1"}],"replies":[{"embeddable":true,"href":"https:\/\/analyse.optim.biz\/index.php?rest_route=%2Fwp%2Fv2%2Fcomments&post=165017"}],"version-history":[{"count":0,"href":"https:\/\/analyse.optim.biz\/index.php?rest_route=\/wp\/v2\/posts\/165017\/revisions"}],"wp:featuredmedia":[{"embeddable":true,"href":"https:\/\/analyse.optim.biz\/index.php?rest_route=\/wp\/v2\/media\/165018"}],"wp:attachment":[{"href":"https:\/\/analyse.optim.biz\/index.php?rest_route=%2Fwp%2Fv2%2Fmedia&parent=165017"}],"wp:term":[{"taxonomy":"category","embeddable":true,"href":"https:\/\/analyse.optim.biz\/index.php?rest_route=%2Fwp%2Fv2%2Fcategories&post=165017"},{"taxonomy":"post_tag","embeddable":true,"href":"https:\/\/analyse.optim.biz\/index.php?rest_route=%2Fwp%2Fv2%2Ftags&post=165017"}],"curies":[{"name":"wp","href":"https:\/\/api.w.org\/{rel}","templated":true}]}}