{"id":165006,"date":"2016-04-27T15:22:30","date_gmt":"2016-04-27T12:22:30","guid":{"rendered":"https:\/\/analyse.optim.biz\/?p=165006"},"modified":"2016-04-27T15:22:30","modified_gmt":"2016-04-27T12:22:30","slug":"valeriu-zgonea-exclus-din-psd","status":"publish","type":"post","link":"https:\/\/analyse.optim.biz\/?p=165006","title":{"rendered":"Valeriu Zgonea, exclus din PSD"},"content":{"rendered":"<div class=\"entry data-app-meta data-app-meta-article\" data-embed-base-url-canonical=\"https:\/\/www.digi24.ro\/embed\/stiri\/actualitate\/politica\/valeriu-zgonea-exclus-din-psd-511604\">\n<p data-index=\"1\"><strong>Actualizare 15:40.<\/strong><span>\u00a0<\/span>\u201e<span>Sunt de peste 20 de ani \u00een partid \u0219i azi am asistat la o decizie profund nedreapt\u0103, mi-am amintit de Inchizi\u021bie \u0219i de ideea \u00een care dac\u0103 exprimi o opinie automat e\u0219ti condamnat\u201d, <a href=\"https:\/\/www.digi24.ro\/Stiri\/Digi24\/Actualitate\/Politica\/Valeriu+Zgonea+exclus+din+PSD+In+loc+sa+plece+Liviu+Dragnea+plec\" target=\"_blank\" data-skip-linkfix=\"1\" rel=\"noopener\">a spus Valeriu Zgonea<\/a>.<\/span><\/p>\n<p data-index=\"2\">\u201e<span>A<\/span>sta e decizia, eu m\u0103 supun deciziei, nu am \u00een\u021beles din raportul comisiei de integritate unde avem sanc\u021bionarea delictului de opinie\u201d, a ad\u0103ugat el.<\/p>\n<p data-index=\"3\">\u201eM\u0103 uitam asear\u0103 la un documentar despre antilopele gnu \u0219i \u00een procesul lor de a c\u0103uta s\u0103 ajung\u0103 acolo unde vor, trec peste un r\u00e2u \u0219i masculul alfa sare \u00een r\u00e2u \u0219i, f\u0103r\u0103 s\u0103 g\u00e2ndeasc\u0103, f\u0103r\u0103 s\u0103 simta ceea ce se poate \u00eent\u00e2mpla cu ele, toate sar dup\u0103 masculul alfa, singura problem\u0103 e c\u0103 acel r\u00e2u e renumit ca fiind plin cu crocodili. A\u0219a \u0219i cu Psd-ul de azi, scap\u0103 cine poate\u201d, a mai spus fostul lider PSD.<\/p>\n<p data-index=\"4\">Valeriu Zgonea a declarat c\u0103 va continua s\u0103 \u00eendeplineasc\u0103 func\u021bia de pre\u0219edinte al Camerei Deputa\u021bilor p\u00e2n\u0103 PSD \u00eei va cere revocarea.<\/p>\n<p data-index=\"5\">\u201eEu am spus ce am g\u00e2ndit, dac\u0103 delictul de opinei devine o problem\u0103 de excludere \u00een partid, cei care au luat o decizie sunt cei care s\u0103 v\u0103 explice ra\u021bional care au fost motivele deciziei. \u00cen loc s\u0103 plece domnul Dragnea, plec eu. Asta e via\u021ba\u201d, a mai spus el.<\/p>\n<p data-index=\"6\">\u201eNorocul e c\u0103 inima mea bate social-democrat \u0219i pe asta nu mi-o poate lua. Cred c\u0103 PSD se poate reforma\u201d, a r\u0103spuns Zgonea, \u00eentrebat dac\u0103 se \u00eenscrie \u00een alt partid.<\/p>\n<hr>\n<p data-index=\"7\">Valeriu Zgonea a fost exclus din PSD dup\u0103 o decizie luat\u0103 cu unanimitate \u00a0de voturi \u00een Comitetul Executiv Na\u021bional al partidului. El nu a mai primit dreptul de a contesta aceast\u0103 decizie.<\/p>\n<p data-index=\"8\">Urmeaz\u0103 ca un nou pre\u0219edinte s\u0103 fie ales la conducerea Camerei Deputa\u021bilor, func\u021bie pentru care Valeriu Zgonea \u0219i-a pierdut de asemenea sprijinul.<\/p>\n<p data-index=\"9\">Liviu Dragnea spunea \u00eenainte de acest vot c\u0103 nu mai vrea s\u0103 fac\u0103 echip\u0103 la conducerea partidului cu num\u0103rul doi din PSD.<\/p>\n<p data-index=\"10\">\u201e<span>Azi partidul trebuie s\u0103-\u0219i reafirme unitatea. Azi CExN-ul trebuie s\u0103 hot\u0103rasc\u0103 dac\u0103 \u00eemi acord\u0103 \u00een continuare sprijin politic sau nu pentru aceast\u0103 func\u021bie. \u00cen ceea ce prive\u0219te decizia privind soartea lui Zgonea, colegii mei vor decide. (Reporter: \u00cen acest moment mai pute\u0163i face echip\u0103 cu Valeriu Zgonea?) Categoric nu\u201d, a declarat Liviu Dragnea \u00eenaintea votului.<\/span><\/p>\n<p data-index=\"11\">Tot \u00eenainte de vot, Ion Iliescu a scris pe blog c\u0103 nu este \u201e<span>adeptul excluderilor \u0219i al altor m\u0103suri de for\u021b\u0103. Ele ne-au f\u0103cut mult r\u0103u. Dac\u0103 apel\u0103m \u0219i acum la a\u0219a ceva, nu vom rezolva nimic.\u201d<\/span><\/p>\n<p data-index=\"12\"><span><span>\u201eDomnul Valeriu Zgonea a venit \u00een PSD \u00een anii \u00een care eram \u00een opozi\u021bie, \u00een urm\u0103 cu dou\u0103 decenii, \u0219i \u00eemi amintesc de entuziasmul cu care \u00ee\u0219i asuma r\u0103spunderi \u0219i lucra \u00een folosul partidului\u201d, a mai scris pre\u0219edintele de onoare al PSD despre Valeriu Zgonea.<\/span><\/span><\/p>\n<h3><span><a href=\"https:\/\/www.digi24.ro\/Stiri\/Digi24\/Actualitate\/Politica\/Ion+Iliescu+Nu+sunt+adeptul+excluderilor+PSD+Valeriu+Zgonea\" data-skip-linkfix=\"1\">Ion Iliescu: Nu sunt adeptul excluderilor \u0219i al altor m\u0103suri de for\u021b\u0103, ele ne-au f\u0103cut mult r\u0103u<\/a><\/span><\/h3>\n<h3><a href=\"https:\/\/www.digi24.ro\/Stiri\/Digi24\/Actualitate\/Politica\/Liviu+Dragnea+Pentru+mine+Valeriu+Zgonea+nu+este+o+prioritate\" data-skip-linkfix=\"1\">Liviu Dragnea: Pu\u021bin probabil s\u0103 r\u0103m\u00e2n \u00een fruntea PSD dup\u0103 locale\u00a0<\/a><\/h3>\n<h3><a href=\"https:\/\/www.digi24.ro\/Stiri\/Digi24\/Actualitate\/Politica\/Valeriu+Zgonea+Astazi+imparatul+este+gol+PSD+se+indreapta+cu+pas\" data-skip-linkfix=\"1\">Valeriu Zgonea: Ast\u0103zi, \u00eemp\u0103ratul este gol. PSD se \u00eendreapt\u0103 cu pa\u0219i repezi \u0219i cu ochii \u00eenchi\u0219i c\u0103tre pr\u0103pastie<\/a><\/h3>\n<\/div>\n<p> Source URL: https:\/\/www.digi24.ro\/stiri\/actualitate\/politica\/valeriu-zgonea-exclus-din-psd-511604<\/p>\n","protected":false},"excerpt":{"rendered":"<p>Actualizare 15:40.\u00a0\u201eSunt de peste 20 de ani \u00een partid \u0219i azi am asistat la o decizie profund nedreapt\u0103, mi-am amintit de Inchizi\u021bie \u0219i de ideea \u00een care dac\u0103 exprimi o opinie automat e\u0219ti condamnat\u201d, a spus Valeriu Zgonea. \u201eAsta e decizia, eu m\u0103 supun deciziei, nu am \u00een\u021beles din raportul comisiei de integritate unde avem [&hellip;]<\/p>\n","protected":false},"author":1,"featured_media":165007,"comment_status":"open","ping_status":"","sticky":false,"template":"","format":"standard","meta":{"footnotes":""},"categories":[2],"tags":[11],"class_list":["post-165006","post","type-post","status-publish","format-standard","has-post-thumbnail","hentry","category-politics","tag-digi24"],"_links":{"self":[{"href":"https:\/\/analyse.optim.biz\/index.php?rest_route=\/wp\/v2\/posts\/165006","targetHints":{"allow":["GET"]}}],"collection":[{"href":"https:\/\/analyse.optim.biz\/index.php?rest_route=\/wp\/v2\/posts"}],"about":[{"href":"https:\/\/analyse.optim.biz\/index.php?rest_route=\/wp\/v2\/types\/post"}],"author":[{"embeddable":true,"href":"https:\/\/analyse.optim.biz\/index.php?rest_route=\/wp\/v2\/users\/1"}],"replies":[{"embeddable":true,"href":"https:\/\/analyse.optim.biz\/index.php?rest_route=%2Fwp%2Fv2%2Fcomments&post=165006"}],"version-history":[{"count":0,"href":"https:\/\/analyse.optim.biz\/index.php?rest_route=\/wp\/v2\/posts\/165006\/revisions"}],"wp:featuredmedia":[{"embeddable":true,"href":"https:\/\/analyse.optim.biz\/index.php?rest_route=\/wp\/v2\/media\/165007"}],"wp:attachment":[{"href":"https:\/\/analyse.optim.biz\/index.php?rest_route=%2Fwp%2Fv2%2Fmedia&parent=165006"}],"wp:term":[{"taxonomy":"category","embeddable":true,"href":"https:\/\/analyse.optim.biz\/index.php?rest_route=%2Fwp%2Fv2%2Fcategories&post=165006"},{"taxonomy":"post_tag","embeddable":true,"href":"https:\/\/analyse.optim.biz\/index.php?rest_route=%2Fwp%2Fv2%2Ftags&post=165006"}],"curies":[{"name":"wp","href":"https:\/\/api.w.org\/{rel}","templated":true}]}}