{"id":164994,"date":"2016-04-27T15:42:40","date_gmt":"2016-04-27T12:42:40","guid":{"rendered":"https:\/\/analyse.optim.biz\/?p=164994"},"modified":"2016-04-27T15:42:40","modified_gmt":"2016-04-27T12:42:40","slug":"valeriu-zgonea-exclus-din-psd-mi-am-amintit-de-inchizitie-in-loc-sa-plece-dragnea-plec-eu","status":"publish","type":"post","link":"https:\/\/analyse.optim.biz\/?p=164994","title":{"rendered":"Valeriu Zgonea, exclus din PSD: Mi-am amintit de inchizi\u021bie. \u00cen loc s\u0103 plece Dragnea, plec eu"},"content":{"rendered":"<div class=\"entry data-app-meta data-app-meta-article\" data-embed-base-url-canonical=\"https:\/\/www.digi24.ro\/embed\/stiri\/actualitate\/politica\/valeriu-zgonea-exclus-din-psd-mi-am-amintit-de-inchizitie-in-loc-sa-plece-dragnea-plec-eu-511609\">\n<p data-index=\"1\"><img decoding=\"async\" src=\"https:\/\/analyse.optim.biz\/wp-content\/uploads\/2024\/09\/dz04mdamagfzad1kmtfhztlknjbmy2zkyjkxyjg2yjiwodawnwfiythjna-thumb_.jpg\" data-skip-htmlfix=\"1\" title=\"dz04mdamagfzad1kmtfhztlknjbmy2zkyjkxyjg2yjiwodawnwfiythjna-thumb_\"><\/p>\n<p data-index=\"2\">Valeriu Zgonea, pre\u0219edinte executiv al PSD, <a href=\"https:\/\/www.digi24.ro\/Stiri\/Digi24\/Actualitate\/Politica\/Valeriu+Zgonea+exclus+din+PSD\" target=\"_blank\" data-skip-linkfix=\"1\" rel=\"noopener\">a fost exclus din partid<\/a> dup\u0103 o decizie luat\u0103 cu unanimitate de voturi \u00een Comitetul Executiv Na\u021bional al partidului. El nu a mai primit dreptul de a contesta aceast\u0103 decizie.<\/p>\n<p data-index=\"3\">\u201eAzi e o zi foarte important\u0103 pentru via\u021ba mea, sunt de peste 20 de ani \u00een partid \u0219i azi am asistat la o decizie profund nedreapt\u0103, mi-am amintit de inchizi\u021bie \u0219i de ideea \u00een care dac\u0103 exprimi o opinie automat e\u0219ti condamnat, pentru c\u0103 ai o opinie. Delictul de opinie a devenit ceea ce a\u021bi aflat azi\u201d, a spus Valeriu Zgonea.<\/p>\n<p data-index=\"4\">\u201eAm exprimat o opinie c\u0103 liderii partidului nu trebuie s\u0103 transfere povara problemelor lor asupra candida\u021bilor\u201d, a ad\u0103ugat el.<\/p>\n<p data-index=\"5\">Valeriu Zgonea spune c\u0103 nu a v\u0103zut \u00een raportul Comisiei de Integritate c\u0103 delictul de opinie se sanc\u021bioneaz\u0103, dar c\u0103 se supune deciziei colegilor.<\/p>\n<p data-index=\"6\">\u201eEu am con\u0219tiin\u021ba \u00eemp\u0103cat\u0103 c\u0103 am atras aten\u021bia c\u0103 vulnerabiliz\u0103m tot partidul\u201d, a spus Valeriu Zgonea.<\/p>\n<p data-index=\"7\">El a f\u0103cut o compara\u021bie \u00eentre PSD \u0219i un r\u00e2u plin cu crocodili \u2013 a spus c\u0103 a v\u0103zut un documentar despre antilopele gnu care trec peste un r\u00e2u, iar dup\u0103 ce masculul alfa se arunc\u0103 \u00een ap\u0103 toate antilopele \u00eel urmeaz\u0103.\u00a0<\/p>\n<p data-index=\"8\">\u201eM\u0103 uitam asear\u0103 la un documentar despre antilopele gnu \u0219i \u00een procesul lor de a c\u0103uta s\u0103 ajung\u0103 acolo unde vor, trec peste un r\u00e2u \u0219i masculul alfa sare \u00een r\u00e2u \u0219i, f\u0103r\u0103 s\u0103 g\u00e2ndeasc\u0103, f\u0103r\u0103 s\u0103 simta ceea ce se poate \u00eent\u00e2mpla cu ele, toate sar dup\u0103 masculul alfa, singura problem\u0103 e c\u0103 acel r\u00e2u e renumit ca fiind plin cu crocodili. A\u0219a \u0219i cu Psd-ul de azi, scap\u0103 cine poate\u201d, a mai spus fostul lider PSD.<\/p>\n<p data-index=\"9\">Valeriu Zgonea a spus c\u0103 va r\u0103m\u00e2ne la conducerea Camerei Deputa\u021bilor p\u00e2n\u0103 c\u00e2nd grupul parlamentar al PSD va cere revocarea lui.<\/p>\n<\/div>\n<p> Source URL: https:\/\/www.digi24.ro\/stiri\/actualitate\/politica\/valeriu-zgonea-exclus-din-psd-mi-am-amintit-de-inchizitie-in-loc-sa-plece-dragnea-plec-eu-511609<\/p>\n","protected":false},"excerpt":{"rendered":"<p>Valeriu Zgonea, pre\u0219edinte executiv al PSD, a fost exclus din partid dup\u0103 o decizie luat\u0103 cu unanimitate de voturi \u00een Comitetul Executiv Na\u021bional al partidului. El nu a mai primit dreptul de a contesta aceast\u0103 decizie. \u201eAzi e o zi foarte important\u0103 pentru via\u021ba mea, sunt de peste 20 de ani \u00een partid \u0219i azi [&hellip;]<\/p>\n","protected":false},"author":1,"featured_media":164995,"comment_status":"open","ping_status":"","sticky":false,"template":"","format":"standard","meta":{"footnotes":""},"categories":[2],"tags":[11],"class_list":["post-164994","post","type-post","status-publish","format-standard","has-post-thumbnail","hentry","category-politics","tag-digi24"],"_links":{"self":[{"href":"https:\/\/analyse.optim.biz\/index.php?rest_route=\/wp\/v2\/posts\/164994","targetHints":{"allow":["GET"]}}],"collection":[{"href":"https:\/\/analyse.optim.biz\/index.php?rest_route=\/wp\/v2\/posts"}],"about":[{"href":"https:\/\/analyse.optim.biz\/index.php?rest_route=\/wp\/v2\/types\/post"}],"author":[{"embeddable":true,"href":"https:\/\/analyse.optim.biz\/index.php?rest_route=\/wp\/v2\/users\/1"}],"replies":[{"embeddable":true,"href":"https:\/\/analyse.optim.biz\/index.php?rest_route=%2Fwp%2Fv2%2Fcomments&post=164994"}],"version-history":[{"count":0,"href":"https:\/\/analyse.optim.biz\/index.php?rest_route=\/wp\/v2\/posts\/164994\/revisions"}],"wp:featuredmedia":[{"embeddable":true,"href":"https:\/\/analyse.optim.biz\/index.php?rest_route=\/wp\/v2\/media\/164995"}],"wp:attachment":[{"href":"https:\/\/analyse.optim.biz\/index.php?rest_route=%2Fwp%2Fv2%2Fmedia&parent=164994"}],"wp:term":[{"taxonomy":"category","embeddable":true,"href":"https:\/\/analyse.optim.biz\/index.php?rest_route=%2Fwp%2Fv2%2Fcategories&post=164994"},{"taxonomy":"post_tag","embeddable":true,"href":"https:\/\/analyse.optim.biz\/index.php?rest_route=%2Fwp%2Fv2%2Ftags&post=164994"}],"curies":[{"name":"wp","href":"https:\/\/api.w.org\/{rel}","templated":true}]}}