{"id":164982,"date":"2016-04-27T16:24:58","date_gmt":"2016-04-27T13:24:58","guid":{"rendered":"https:\/\/analyse.optim.biz\/?p=164982"},"modified":"2016-04-27T16:24:58","modified_gmt":"2016-04-27T13:24:58","slug":"liviu-dragnea-dupa-excluderea-lui-valeriu-zgonea-e-o-zi-trista-am-sperat-sa-nu-se-ajunga-aici","status":"publish","type":"post","link":"https:\/\/analyse.optim.biz\/?p=164982","title":{"rendered":"Liviu Dragnea, dup\u0103 excluderea lui Valeriu Zgonea: E o zi trist\u0103. Am sperat s\u0103 nu se ajung\u0103 aici"},"content":{"rendered":"<div class=\"entry data-app-meta data-app-meta-article\" data-embed-base-url-canonical=\"https:\/\/www.digi24.ro\/embed\/stiri\/actualitate\/politica\/liviu-dragnea-dupa-excluderea-lui-valeriu-zgonea-e-o-zi-trista-am-sperat-sa-nu-se-ajunga-aici-511636\">\n<p data-index=\"1\"><img decoding=\"async\" src=\"https:\/\/analyse.optim.biz\/wp-content\/uploads\/2024\/09\/yxnoptgzmgjmm2qxyzqwndrhnjlmmziznmm0nwe5odm4nzc4-thumb_.jpg\" data-skip-htmlfix=\"1\" title=\"yxnoptgzmgjmm2qxyzqwndrhnjlmmziznmm0nwe5odm4nzc4-thumb_\"><\/p>\n<p data-index=\"2\">\u201eAm sperat s\u0103 nu se ajung\u0103 aici. Chiar ast\u0103zi, \u00eenainte de \u0219edin\u021b\u0103, am avut discu\u021bii cu mare parte din membrii Comitetului Executiv \u0219i i-am \u00eendemnat la o solu\u021bie moderat\u0103\u201d, a spus Liviu Dragnea.<\/p>\n<p data-index=\"3\">El a ad\u0103ugat c\u0103 pozi\u021bia colegilor s\u0103i a fost \u201edestul de tran\u0219ant\u0103\u201d, \u00een urma discu\u021biilor pe care le-au avut cu membri de partid sau cu simpli aleg\u0103tori.<\/p>\n<p data-index=\"4\">Mai mult, Liviu Dragnea spune c\u0103 a ie\u0219it din sal\u0103 \u00een momentul \u00een care s-a discutat situa\u021bia lui Valeriu Zgonea, pentru c\u0103 \u201enu a vrut s\u0103-\u0219i influen\u021beze\u201d colegii.<\/p>\n<p data-index=\"5\">\u00cen ceea ce prive\u0219te pre\u0219edin\u021bia Camerei Deputa\u021bilor, al c\u0103rei pre\u0219edinte este \u00een acest moment Valeriu Zgonea, Liviu Dragnea a spus c\u0103 la primul Birou Permanent Na\u021bional de dup\u0103 Pa\u0219te va fi luat\u0103 o decizie privind succesorul lui Zgonea.<\/p>\n<p data-index=\"6\"><strong>Citi\u021bi \u0219i:<\/strong><\/p>\n<h5><a href=\"https:\/\/www.digi24.ro\/Stiri\/Digi24\/Actualitate\/Politica\/Valeriu+Zgonea+exclus+din+PSD\" target=\"_blank\" data-skip-linkfix=\"1\" rel=\"noopener\">Valeriu Zgonea, exclus din PSD<\/a><\/h5>\n<h5><a href=\"https:\/\/www.digi24.ro\/Stiri\/Digi24\/Actualitate\/Politica\/Valeriu+Zgonea+exclus+din+PSD+In+loc+sa+plece+Liviu+Dragnea+plec\" target=\"_blank\" data-skip-linkfix=\"1\" rel=\"noopener\">Valeriu Zgonea: Mi-am amintit de inchizi\u021bie. \u00cen loc s\u0103 plece Liviu Dragnea, plec eu<\/a><\/h5>\n<h5>\u00a0<\/h5>\n<\/div>\n<p> Source URL: https:\/\/www.digi24.ro\/stiri\/actualitate\/politica\/liviu-dragnea-dupa-excluderea-lui-valeriu-zgonea-e-o-zi-trista-am-sperat-sa-nu-se-ajunga-aici-511636<\/p>\n","protected":false},"excerpt":{"rendered":"<p>\u201eAm sperat s\u0103 nu se ajung\u0103 aici. Chiar ast\u0103zi, \u00eenainte de \u0219edin\u021b\u0103, am avut discu\u021bii cu mare parte din membrii Comitetului Executiv \u0219i i-am \u00eendemnat la o solu\u021bie moderat\u0103\u201d, a spus Liviu Dragnea. El a ad\u0103ugat c\u0103 pozi\u021bia colegilor s\u0103i a fost \u201edestul de tran\u0219ant\u0103\u201d, \u00een urma discu\u021biilor pe care le-au avut cu membri de [&hellip;]<\/p>\n","protected":false},"author":1,"featured_media":164983,"comment_status":"open","ping_status":"","sticky":false,"template":"","format":"standard","meta":{"footnotes":""},"categories":[2],"tags":[11],"class_list":["post-164982","post","type-post","status-publish","format-standard","has-post-thumbnail","hentry","category-politics","tag-digi24"],"_links":{"self":[{"href":"https:\/\/analyse.optim.biz\/index.php?rest_route=\/wp\/v2\/posts\/164982","targetHints":{"allow":["GET"]}}],"collection":[{"href":"https:\/\/analyse.optim.biz\/index.php?rest_route=\/wp\/v2\/posts"}],"about":[{"href":"https:\/\/analyse.optim.biz\/index.php?rest_route=\/wp\/v2\/types\/post"}],"author":[{"embeddable":true,"href":"https:\/\/analyse.optim.biz\/index.php?rest_route=\/wp\/v2\/users\/1"}],"replies":[{"embeddable":true,"href":"https:\/\/analyse.optim.biz\/index.php?rest_route=%2Fwp%2Fv2%2Fcomments&post=164982"}],"version-history":[{"count":0,"href":"https:\/\/analyse.optim.biz\/index.php?rest_route=\/wp\/v2\/posts\/164982\/revisions"}],"wp:featuredmedia":[{"embeddable":true,"href":"https:\/\/analyse.optim.biz\/index.php?rest_route=\/wp\/v2\/media\/164983"}],"wp:attachment":[{"href":"https:\/\/analyse.optim.biz\/index.php?rest_route=%2Fwp%2Fv2%2Fmedia&parent=164982"}],"wp:term":[{"taxonomy":"category","embeddable":true,"href":"https:\/\/analyse.optim.biz\/index.php?rest_route=%2Fwp%2Fv2%2Fcategories&post=164982"},{"taxonomy":"post_tag","embeddable":true,"href":"https:\/\/analyse.optim.biz\/index.php?rest_route=%2Fwp%2Fv2%2Ftags&post=164982"}],"curies":[{"name":"wp","href":"https:\/\/api.w.org\/{rel}","templated":true}]}}