{"id":164960,"date":"2016-04-27T17:55:39","date_gmt":"2016-04-27T14:55:39","guid":{"rendered":"https:\/\/analyse.optim.biz\/?p=164960"},"modified":"2016-04-27T17:55:39","modified_gmt":"2016-04-27T14:55:39","slug":"klaus-iohannis-nu-exista-nemultumiri-care-duc-la-vreun-circ-intre-palate","status":"publish","type":"post","link":"https:\/\/analyse.optim.biz\/?p=164960","title":{"rendered":"Klaus Iohannis: \u201eNu exist\u0103 nemul\u021bumiri care duc la vreun circ \u00eentre Palate\u201d"},"content":{"rendered":"<div class=\"entry data-app-meta data-app-meta-article\" data-embed-base-url-canonical=\"https:\/\/www.digi24.ro\/embed\/stiri\/actualitate\/politica\/klaus-iohannis-nu-exista-nemultumiri-care-duc-la-vreun-circ-intre-palate-511685\">\n<p data-index=\"1\">\u201eAstfel de nemul\u021bumiri le am, le discut cu prim-ministrul Ciolo\u0219 \u0219i, dup\u0103 cum se vede, ele se rezolv\u0103. Nu exist\u0103 nemul\u021bumiri care duc la vreun circ \u00eentre Palate sau la certuri \u00eentre pre\u0219edinte \u0219i prim-ministru. Noi lucr\u0103m \u00eempreun\u0103 \u0219i rezolv\u0103m problemele\u201d, a spus Klaus Iohannis.<\/p>\n<p data-index=\"2\">\u0218eful statului a f\u0103cut aceste declara\u021bii imediat dup\u0103 ce noul ministru al Fondurilor Europene, Cristian Ghinea, a depus jur\u0103m\u00e2ntul la Cotroceni.<\/p>\n<p data-index=\"3\">\u201ePe zona fondurilor europene, lucrurile \u00eenc\u0103 nu s-au mi\u0219cat a\u0219a cum, probabil, ar fi trebuit. O alt\u0103 nemul\u021bumire a fost situa\u021bia care s-a creat pe un act normativ care ar fi venit s\u0103 reglementeze salarizarea bugetarilor. O a treia nemul\u021bumire &#8211; este, \u00een\u021beleg, \u00een curs de rezolvare \u2013 s-a referit, evident, la situa\u021bia de la Oper\u0103\u201d, a ad\u0103ugat Klaus Iohannis. \u00a0<\/p>\n<p data-index=\"4\"><strong>Citi\u021bi \u0219i<\/strong><\/p>\n<p data-index=\"5\"><a href=\"https:\/\/www.digi24.ro\/Stiri\/Digi24\/Actualitate\/Stiri\/Ministrul+Culturii+demisie+la+cererea+lui+Dacian+Ciolos\" target=\"_blank\" data-skip-linkfix=\"1\" rel=\"noopener\"><strong>Ministrul Culturii \u0219i-a dat demisia<\/strong><\/a><\/p>\n<p data-index=\"6\"><a href=\"https:\/\/www.digi24.ro\/Stiri\/Digi24\/Actualitate\/Politica\/K+Iohannis+Au+ramas+putine+greseli+imaginabile+care+n-au+fost+fa\" target=\"_blank\" data-skip-linkfix=\"1\" rel=\"noopener\"><strong>Klaus Iohannis: Au r\u0103mas pu\u021bine gre\u0219eli imaginabile care n-au fost f\u0103cute de ministrul Culturii \u00een scandalul de la Oper\u0103<\/strong><\/a><\/p>\n<p data-index=\"7\"><a href=\"https:\/\/www.digi24.ro\/Stiri\/Digi24\/Actualitate\/Politica\/DEMISIE+MINISTRU+FONDURI+EUROPENE+AURA+RADUCU\" target=\"_blank\" data-skip-linkfix=\"1\" rel=\"noopener\"><strong>Ministrul fondurilor europene a demisionat la cererea premierului<\/strong><\/a><\/p>\n<p data-index=\"8\"><strong><a href=\"https:\/\/www.digi24.ro\/stiri\/actualitate\/politica\/Ana%20Costea,%20ministrul%20Muncii,%20a%20demisionat\" target=\"_blank\" data-skip-linkfix=\"1\" rel=\"noopener\">Ana Costea, ministrul Muncii, a demisionat<\/a><\/strong><\/p>\n<p data-index=\"9\"><strong><br \/><\/strong><\/p>\n<\/div>\n<p> Source URL: https:\/\/www.digi24.ro\/stiri\/actualitate\/politica\/klaus-iohannis-nu-exista-nemultumiri-care-duc-la-vreun-circ-intre-palate-511685<\/p>\n","protected":false},"excerpt":{"rendered":"<p>\u201eAstfel de nemul\u021bumiri le am, le discut cu prim-ministrul Ciolo\u0219 \u0219i, dup\u0103 cum se vede, ele se rezolv\u0103. Nu exist\u0103 nemul\u021bumiri care duc la vreun circ \u00eentre Palate sau la certuri \u00eentre pre\u0219edinte \u0219i prim-ministru. Noi lucr\u0103m \u00eempreun\u0103 \u0219i rezolv\u0103m problemele\u201d, a spus Klaus Iohannis. \u0218eful statului a f\u0103cut aceste declara\u021bii imediat dup\u0103 ce noul [&hellip;]<\/p>\n","protected":false},"author":1,"featured_media":164961,"comment_status":"open","ping_status":"","sticky":false,"template":"","format":"standard","meta":{"footnotes":""},"categories":[2],"tags":[11],"class_list":["post-164960","post","type-post","status-publish","format-standard","has-post-thumbnail","hentry","category-politics","tag-digi24"],"_links":{"self":[{"href":"https:\/\/analyse.optim.biz\/index.php?rest_route=\/wp\/v2\/posts\/164960","targetHints":{"allow":["GET"]}}],"collection":[{"href":"https:\/\/analyse.optim.biz\/index.php?rest_route=\/wp\/v2\/posts"}],"about":[{"href":"https:\/\/analyse.optim.biz\/index.php?rest_route=\/wp\/v2\/types\/post"}],"author":[{"embeddable":true,"href":"https:\/\/analyse.optim.biz\/index.php?rest_route=\/wp\/v2\/users\/1"}],"replies":[{"embeddable":true,"href":"https:\/\/analyse.optim.biz\/index.php?rest_route=%2Fwp%2Fv2%2Fcomments&post=164960"}],"version-history":[{"count":0,"href":"https:\/\/analyse.optim.biz\/index.php?rest_route=\/wp\/v2\/posts\/164960\/revisions"}],"wp:featuredmedia":[{"embeddable":true,"href":"https:\/\/analyse.optim.biz\/index.php?rest_route=\/wp\/v2\/media\/164961"}],"wp:attachment":[{"href":"https:\/\/analyse.optim.biz\/index.php?rest_route=%2Fwp%2Fv2%2Fmedia&parent=164960"}],"wp:term":[{"taxonomy":"category","embeddable":true,"href":"https:\/\/analyse.optim.biz\/index.php?rest_route=%2Fwp%2Fv2%2Fcategories&post=164960"},{"taxonomy":"post_tag","embeddable":true,"href":"https:\/\/analyse.optim.biz\/index.php?rest_route=%2Fwp%2Fv2%2Ftags&post=164960"}],"curies":[{"name":"wp","href":"https:\/\/api.w.org\/{rel}","templated":true}]}}