{"id":164949,"date":"2016-04-27T18:23:59","date_gmt":"2016-04-27T15:23:59","guid":{"rendered":"https:\/\/analyse.optim.biz\/?p=164949"},"modified":"2016-04-27T18:23:59","modified_gmt":"2016-04-27T15:23:59","slug":"k-iohannis-au-ramas-putine-greseli-imaginabile-care-n-au-fost-facute-de-ministrul-culturii-in-scandalul-de-la-opera","status":"publish","type":"post","link":"https:\/\/analyse.optim.biz\/?p=164949","title":{"rendered":"K. Iohannis: Au r\u0103mas pu\u021bine gre\u0219eli imaginabile care n-au fost f\u0103cute de ministrul Culturii \u00een scandalul de la Oper\u0103"},"content":{"rendered":"<div class=\"entry data-app-meta data-app-meta-article\" data-embed-base-url-canonical=\"https:\/\/www.digi24.ro\/embed\/stiri\/actualitate\/politica\/k-iohannis-au-ramas-putine-greseli-imaginabile-care-n-au-fost-facute-de-ministrul-culturii-in-scandalul-de-la-opera-511694\">\n<p data-index=\"1\">\u201eEste un contraexemplu de implicare a unui minister ceea ce s-a \u00eent\u00e2mplat la Oper\u0103. Cred c\u0103 au r\u0103mas pu\u021bine gre\u0219eli imaginabile care n-au fost f\u0103cute de ministrul Culturii \u00een aceast\u0103 chestiune\u201d, a declarat, ast\u0103zi, \u0219eful statului.<\/p>\n<p data-index=\"2\">Ministrul Culturii Vlad Alexandrescu a demisionat la cererea premierului Dacian Ciolo\u0219, \u00een urma scandalului de la Oper\u0103.<\/p>\n<p data-index=\"3\"><em>\u201eDomnule Prim-Ministru,<\/em><\/p>\n<p data-index=\"4\"><em>\u00cen fa\u021ba rezisten\u021bei opace la schimbarea structural\u0103 pe care am \u00eencercat s\u0103 o ini\u021biez, s\u0103 o dezvolt \u0219i s\u0103 o pun \u00een practic\u0103 \u00een institu\u021biile de cultur\u0103 din Rom\u00e2nia, \u00een fa\u021ba ostilit\u0103\u021bii nedezmin\u021bite a aparatului refractar la reg\u00e2ndirea modalit\u0103\u021bilor de func\u021bionare a institu\u021biilor publice de cultur\u0103, a rela\u021biei dintre sectorul independent \u0219i cel public, v\u0103 prezint demisia mea\u201d<\/em>, a scris Vlad Alexandrescu pe Facebook.\u00a0<\/p>\n<\/div>\n<p> Source URL: https:\/\/www.digi24.ro\/stiri\/actualitate\/politica\/k-iohannis-au-ramas-putine-greseli-imaginabile-care-n-au-fost-facute-de-ministrul-culturii-in-scandalul-de-la-opera-511694<\/p>\n","protected":false},"excerpt":{"rendered":"<p>\u201eEste un contraexemplu de implicare a unui minister ceea ce s-a \u00eent\u00e2mplat la Oper\u0103. Cred c\u0103 au r\u0103mas pu\u021bine gre\u0219eli imaginabile care n-au fost f\u0103cute de ministrul Culturii \u00een aceast\u0103 chestiune\u201d, a declarat, ast\u0103zi, \u0219eful statului. Ministrul Culturii Vlad Alexandrescu a demisionat la cererea premierului Dacian Ciolo\u0219, \u00een urma scandalului de la Oper\u0103. \u201eDomnule Prim-Ministru, [&hellip;]<\/p>\n","protected":false},"author":1,"featured_media":164950,"comment_status":"open","ping_status":"","sticky":false,"template":"","format":"standard","meta":{"footnotes":""},"categories":[2],"tags":[11],"class_list":["post-164949","post","type-post","status-publish","format-standard","has-post-thumbnail","hentry","category-politics","tag-digi24"],"_links":{"self":[{"href":"https:\/\/analyse.optim.biz\/index.php?rest_route=\/wp\/v2\/posts\/164949","targetHints":{"allow":["GET"]}}],"collection":[{"href":"https:\/\/analyse.optim.biz\/index.php?rest_route=\/wp\/v2\/posts"}],"about":[{"href":"https:\/\/analyse.optim.biz\/index.php?rest_route=\/wp\/v2\/types\/post"}],"author":[{"embeddable":true,"href":"https:\/\/analyse.optim.biz\/index.php?rest_route=\/wp\/v2\/users\/1"}],"replies":[{"embeddable":true,"href":"https:\/\/analyse.optim.biz\/index.php?rest_route=%2Fwp%2Fv2%2Fcomments&post=164949"}],"version-history":[{"count":0,"href":"https:\/\/analyse.optim.biz\/index.php?rest_route=\/wp\/v2\/posts\/164949\/revisions"}],"wp:featuredmedia":[{"embeddable":true,"href":"https:\/\/analyse.optim.biz\/index.php?rest_route=\/wp\/v2\/media\/164950"}],"wp:attachment":[{"href":"https:\/\/analyse.optim.biz\/index.php?rest_route=%2Fwp%2Fv2%2Fmedia&parent=164949"}],"wp:term":[{"taxonomy":"category","embeddable":true,"href":"https:\/\/analyse.optim.biz\/index.php?rest_route=%2Fwp%2Fv2%2Fcategories&post=164949"},{"taxonomy":"post_tag","embeddable":true,"href":"https:\/\/analyse.optim.biz\/index.php?rest_route=%2Fwp%2Fv2%2Ftags&post=164949"}],"curies":[{"name":"wp","href":"https:\/\/api.w.org\/{rel}","templated":true}]}}