{"id":1649169,"date":"2014-04-24T10:16:35","date_gmt":"2014-04-24T07:16:35","guid":{"rendered":"https:\/\/analyse.optim.biz\/?p=1649169"},"modified":"2014-04-24T10:16:35","modified_gmt":"2014-04-24T07:16:35","slug":"tigara-ucide-suceavalive","status":"publish","type":"post","link":"https:\/\/analyse.optim.biz\/?p=1649169","title":{"rendered":"\u021aigara ucide! &#8211; SuceavaLIVE"},"content":{"rendered":"<article id=\"post-36393\" class=\"clearfix post-36393 post type-post status-publish format-standard has-post-thumbnail hentry category-comunicate tag-incendiu tag-siminicea tag-suceava\">\n<header id=\"cb-standard-featured\">\n<div id=\"cb-fis-wrap\" class=\"cb-entry-header cb-fis cb-style-standard\"><span class=\"cb-title-fi\"><\/p>\n<h1 class=\"entry-title cb-entry-title cb-single-title\">\u021aigara ucide!<\/h1>\n<div class=\"cb-byline cb-font-header\">\n<div class=\"cb-date cb-byline-element\"><time datetime=\"2014-04-24\">24 aprilie 2014<\/time><\/div>\n<\/div>\n<p><\/span><\/div>\n<div class=\"cb-mask\"><img decoding=\"async\" width=\"728\" height=\"413\" src=\"https:\/\/analyse.optim.biz\/wp-content\/uploads\/2026\/01\/pompieri-20.jpg\" class=\"attachment-cb-full-full size-cb-full-full wp-post-image\" loading=\"lazy\" title=\"pompieri-20\"><\/div>\n<\/header>\n<p>Miercuri, 23 aprilie, un b\u0103rbat de 53 de ani a murit carbonizat \u00eentr-un incendiu izbucnit la o gospod\u0103rie din Siminicea.<\/p>\n<section class=\"cb-entry-content entry-content clearfix\">\n<p>Militarii Deta\u015famentului de pompieri Suceava \u015fi lucr\u0103torii Serviciului Voluntar pentru Situa\u0163ii de Urgen\u0163\u0103 Siminicea au intervenit \u00een noaptea de miercuri spre joi, cu trei autospeciale \u015fi o ambulan\u0163\u0103 SMURD, pentru localizarea \u015fi lichidarea unui incendiu izbucnit la gospod\u0103ria lui Vasile S., din comuna Siminicea. Incendiul a fost anun\u0163at prin 112 la ora 3.00.<\/p>\n<p>La sosirea echipajelor, fl\u0103c\u0103rile se manifestau violent la o cas\u0103 b\u0103tr\u00e2neasc\u0103, exist\u00e2nd pericolul de propagare la o alt\u0103 locuin\u0163\u0103 \u015fi la o anex\u0103, aflate \u00een curtea aceleia\u015fi gospod\u0103rii.<\/p>\n<p>\u00cen momentul \u00een care proprietarul a anun\u0163at izbucnirea incendiului la num\u0103rul unic de urgen\u0163\u0103 112, a men\u0163ionat faptul c\u0103 \u00een casa care ardea s-ar putea afla o persoan\u0103. Ulterior, pompierii militari au g\u0103sit \u00een interior trupul carbonizat al unui b\u0103rbat \u00een v\u00e2rst\u0103 de 53 de ani. Incendiul a fost lichidat la ora 5:15.<\/p>\n<p>Au ars acoperi\u015ful casei de locuit pe o suprafa\u0163\u0103 de 50 de metri p\u0103tra\u0163i \u015fi bunurile din interiorul unei camere (mobilier \u015fi obiecte de uz casnic). S-au degradat finisajele din interior, izola\u0163ia exterioar\u0103 a casei \u00eenvecinate pe o suprafa\u0163\u0103 de 25 de metri p\u0103tra\u0163i \u015fi elementele de t\u00e2mpl\u0103rie de la ambele locuin\u0163e.<\/p>\n<p>\u201eCauza probabil\u0103 de izbucnire a incendiului a fost efectul termic produs de o \u0163igar\u0103. Se pare c\u0103 victima ar fi adormit cu \u0163igara aprins\u0103\u201d, se arat\u0103 \u00een comunicatul pompierilor.<\/p>\n<\/section>\n<footer class=\"article-footer\">\n<p class=\"cb-tags\"><a href=\"https:\/\/suceavalive.ro\/tag\/incendiu\/\" rel=\"tag\">incendiu<\/a><a href=\"https:\/\/suceavalive.ro\/tag\/siminicea\/\" rel=\"tag\">siminicea<\/a><a href=\"https:\/\/suceavalive.ro\/tag\/suceava\/\" rel=\"tag\">Suceava<\/a><\/p>\n<div class=\"cb-social-sharing cb-post-footer-block cb-beside clearfix\">\n<div class=\"cb-title-subtle\">Share On:<\/div>\n<div class=\"cb-twitter\"><a href=\"https:\/\/twitter.com\/share\" class=\"twitter-share-button\" data-dnt=\"true\" data-count=\"horizontal\">Tweet<\/a><\/div>\n<\/div>\n<div id=\"cb-previous-next-links\" class=\"cb-post-footer-block clearfix\">\n<div id=\"cb-previous-link\"><a href=\"https:\/\/suceavalive.ro\/anunt-informativ-vanzare-lemn-de-foc-41\/\" rel=\"prev\">ANUN\u0162 INFORMATIV V\u00c2NZARE LEMN DE FOC<\/a><\/div>\n<div id=\"cb-next-link\"><a href=\"https:\/\/suceavalive.ro\/bataie-cu-pietre-la-paltinoasa\/\" rel=\"next\">B\u0103taie cu pietre la P\u0103ltinoasa<\/a><\/div>\n<\/div>\n<div id=\"cb-author-box\" class=\"clearfix\">\n<h3 class=\"cb-block-title\">Despre autor<\/h3>\n<div class=\"cb-mask\"><a href=\"https:\/\/suceavalive.ro\/author\/tilihoi\/\"><img decoding=\"async\" src=\"https:\/\/analyse.optim.biz\/wp-content\/uploads\/2026\/01\/fa2d18728c5d81a58c6469ecd1ad7e557d4f11a4993458ce4a8238aca4504c9f-30.jpg\" class=\"avatar avatar-120 photo\" height=\"120\" width=\"120\" loading=\"lazy\" title=\"fa2d18728c5d81a58c6469ecd1ad7e557d4f11a4993458ce4a8238aca4504c9f-30\"><\/a><\/div>\n<div class=\"cb-meta\">\n<div class=\"cb-info\">\n<div class=\"cb-author-title vcard\"><a href=\"https:\/\/suceavalive.ro\/author\/tilihoi\/\"><span class=\"fn\">Cornel Tilihoi<\/span><\/a><\/div>\n<\/div>\n<\/div>\n<\/div>\n<div id=\"cb-related-posts\" class=\"cb-related-posts-block cb-post-end-block clearfix\">\n<h3 class=\"cb-block-title\">Postari asemanatoare<\/h3>\n<ul>\n<li class=\"cb-style-overlay cb-grid-entry cb-related-post no-1\">\n<div class=\"cb-mask\"><a href=\"https:\/\/suceavalive.ro\/calendarul-zilei-de-23-ianuarie\/\"><img decoding=\"async\" width=\"360\" height=\"240\" src=\"https:\/\/analyse.optim.biz\/wp-content\/uploads\/2026\/01\/vladimirescucover-interior-360x240-22.jpg\" class=\"attachment-cb-360-240 size-cb-360-240 wp-post-image\" loading=\"lazy\" title=\"vladimirescucover-interior-360x240-22\"><\/a><\/div>\n<div class=\"cb-meta cb-article-meta\">\n<h4 class=\"h3 cb-post-title\"><a href=\"https:\/\/suceavalive.ro\/calendarul-zilei-de-23-ianuarie\/\">Calendarul zilei de 23 ianuarie<\/a><\/h4>\n<div class=\"cb-byline cb-font-header\">\n<div class=\"cb-date cb-byline-element\"><time datetime=\"2026-01-23\">23 ianuarie 2026<\/time><\/div>\n<\/div>\n<\/div>\n<\/li>\n<li class=\"cb-style-overlay cb-grid-entry cb-related-post no-2\">\n<div class=\"cb-mask\"><a href=\"https:\/\/suceavalive.ro\/calendarul-zilei-de-22-ianuarie\/\"><img decoding=\"async\" width=\"360\" height=\"240\" src=\"https:\/\/analyse.optim.biz\/wp-content\/uploads\/2026\/01\/george-motoi-360x240-23.jpg\" class=\"attachment-cb-360-240 size-cb-360-240 wp-post-image\" loading=\"lazy\" title=\"george-motoi-360x240-23\"><\/a><\/div>\n<div class=\"cb-meta cb-article-meta\">\n<h4 class=\"h3 cb-post-title\"><a href=\"https:\/\/suceavalive.ro\/calendarul-zilei-de-22-ianuarie\/\">Calendarul zilei de 22 ianuarie<\/a><\/h4>\n<div class=\"cb-byline cb-font-header\">\n<div class=\"cb-date cb-byline-element\"><time datetime=\"2026-01-22\">22 ianuarie 2026<\/time><\/div>\n<\/div>\n<\/div>\n<\/li>\n<\/ul>\n<\/div>\n<\/footer>\n<div id=\"respond\" class=\"comment-respond\">\n<h3 id=\"reply-title\" class=\"comment-reply-title\">Lasa un raspuns <small><a rel=\"nofollow\" id=\"cancel-comment-reply-link\" href=\"https:\/\/suceavalive.ro\/tigara-ucide\/#respond\">Anuleaza raspunsul<\/a><\/small><\/h3>\n<p class=\"comment-notes\">Adresa ta de email nu va fi publicat\u0103.<\/p>\n<\/div>\n<\/article>\n<section class=\"cb-entry-content entry-content clearfix\">\n<p>Militarii Deta\u015famentului de pompieri Suceava \u015fi lucr\u0103torii Serviciului Voluntar pentru Situa\u0163ii de Urgen\u0163\u0103 Siminicea au intervenit \u00een noaptea de miercuri spre joi, cu trei autospeciale \u015fi o ambulan\u0163\u0103 SMURD, pentru localizarea \u015fi lichidarea unui incendiu izbucnit la gospod\u0103ria lui Vasile S., din comuna Siminicea. Incendiul a fost anun\u0163at prin 112 la ora 3.00.<\/p>\n<p>La sosirea echipajelor, fl\u0103c\u0103rile se manifestau violent la o cas\u0103 b\u0103tr\u00e2neasc\u0103, exist\u00e2nd pericolul de propagare la o alt\u0103 locuin\u0163\u0103 \u015fi la o anex\u0103, aflate \u00een curtea aceleia\u015fi gospod\u0103rii.<\/p>\n<p>\u00cen momentul \u00een care proprietarul a anun\u0163at izbucnirea incendiului la num\u0103rul unic de urgen\u0163\u0103 112, a men\u0163ionat faptul c\u0103 \u00een casa care ardea s-ar putea afla o persoan\u0103. Ulterior, pompierii militari au g\u0103sit \u00een interior trupul carbonizat al unui b\u0103rbat \u00een v\u00e2rst\u0103 de 53 de ani. Incendiul a fost lichidat la ora 5:15.<\/p>\n<p>Au ars acoperi\u015ful casei de locuit pe o suprafa\u0163\u0103 de 50 de metri p\u0103tra\u0163i \u015fi bunurile din interiorul unei camere (mobilier \u015fi obiecte de uz casnic). S-au degradat finisajele din interior, izola\u0163ia exterioar\u0103 a casei \u00eenvecinate pe o suprafa\u0163\u0103 de 25 de metri p\u0103tra\u0163i \u015fi elementele de t\u00e2mpl\u0103rie de la ambele locuin\u0163e.<\/p>\n<p>\u201eCauza probabil\u0103 de izbucnire a incendiului a fost efectul termic produs de o \u0163igar\u0103. Se pare c\u0103 victima ar fi adormit cu \u0163igara aprins\u0103\u201d, se arat\u0103 \u00een comunicatul pompierilor.<\/p>\n<\/section>\n<section class=\"cb-entry-content entry-content clearfix\">\n<p>Militarii Deta\u015famentului de pompieri Suceava \u015fi lucr\u0103torii Serviciului Voluntar pentru Situa\u0163ii de Urgen\u0163\u0103 Siminicea au intervenit \u00een noaptea de miercuri spre joi, cu trei autospeciale \u015fi o ambulan\u0163\u0103 SMURD, pentru localizarea \u015fi lichidarea unui incendiu izbucnit la gospod\u0103ria lui Vasile S., din comuna Siminicea. Incendiul a fost anun\u0163at prin 112 la ora 3.00.<\/p>\n<p>La sosirea echipajelor, fl\u0103c\u0103rile se manifestau violent la o cas\u0103 b\u0103tr\u00e2neasc\u0103, exist\u00e2nd pericolul de propagare la o alt\u0103 locuin\u0163\u0103 \u015fi la o anex\u0103, aflate \u00een curtea aceleia\u015fi gospod\u0103rii.<\/p>\n<p>\u00cen momentul \u00een care proprietarul a anun\u0163at izbucnirea incendiului la num\u0103rul unic de urgen\u0163\u0103 112, a men\u0163ionat faptul c\u0103 \u00een casa care ardea s-ar putea afla o persoan\u0103. Ulterior, pompierii militari au g\u0103sit \u00een interior trupul carbonizat al unui b\u0103rbat \u00een v\u00e2rst\u0103 de 53 de ani. Incendiul a fost lichidat la ora 5:15.<\/p>\n<p>Au ars acoperi\u015ful casei de locuit pe o suprafa\u0163\u0103 de 50 de metri p\u0103tra\u0163i \u015fi bunurile din interiorul unei camere (mobilier \u015fi obiecte de uz casnic). S-au degradat finisajele din interior, izola\u0163ia exterioar\u0103 a casei \u00eenvecinate pe o suprafa\u0163\u0103 de 25 de metri p\u0103tra\u0163i \u015fi elementele de t\u00e2mpl\u0103rie de la ambele locuin\u0163e.<\/p>\n<p>\u201eCauza probabil\u0103 de izbucnire a incendiului a fost efectul termic produs de o \u0163igar\u0103. Se pare c\u0103 victima ar fi adormit cu \u0163igara aprins\u0103\u201d, se arat\u0103 \u00een comunicatul pompierilor.<\/p>\n<\/section>\n<p> Source URL: https:\/\/suceavalive.ro\/tigara-ucide\/<\/p>\n","protected":false},"excerpt":{"rendered":"<p>\u021aigara ucide! 24 aprilie 2014 Miercuri, 23 aprilie, un b\u0103rbat de 53 de ani a murit carbonizat \u00eentr-un incendiu izbucnit la o gospod\u0103rie din Siminicea. Militarii Deta\u015famentului de pompieri Suceava \u015fi lucr\u0103torii Serviciului Voluntar pentru Situa\u0163ii de Urgen\u0163\u0103 Siminicea au intervenit \u00een noaptea de miercuri spre joi, cu trei autospeciale \u015fi o ambulan\u0163\u0103 SMURD, pentru [&hellip;]<\/p>\n","protected":false},"author":1,"featured_media":1649175,"comment_status":"open","ping_status":"","sticky":false,"template":"","format":"standard","meta":{"footnotes":""},"categories":[89],"tags":[173],"class_list":["post-1649169","post","type-post","status-publish","format-standard","has-post-thumbnail","hentry","category-romania","tag-suceavalive-ro"],"_links":{"self":[{"href":"https:\/\/analyse.optim.biz\/index.php?rest_route=\/wp\/v2\/posts\/1649169","targetHints":{"allow":["GET"]}}],"collection":[{"href":"https:\/\/analyse.optim.biz\/index.php?rest_route=\/wp\/v2\/posts"}],"about":[{"href":"https:\/\/analyse.optim.biz\/index.php?rest_route=\/wp\/v2\/types\/post"}],"author":[{"embeddable":true,"href":"https:\/\/analyse.optim.biz\/index.php?rest_route=\/wp\/v2\/users\/1"}],"replies":[{"embeddable":true,"href":"https:\/\/analyse.optim.biz\/index.php?rest_route=%2Fwp%2Fv2%2Fcomments&post=1649169"}],"version-history":[{"count":0,"href":"https:\/\/analyse.optim.biz\/index.php?rest_route=\/wp\/v2\/posts\/1649169\/revisions"}],"wp:featuredmedia":[{"embeddable":true,"href":"https:\/\/analyse.optim.biz\/index.php?rest_route=\/wp\/v2\/media\/1649175"}],"wp:attachment":[{"href":"https:\/\/analyse.optim.biz\/index.php?rest_route=%2Fwp%2Fv2%2Fmedia&parent=1649169"}],"wp:term":[{"taxonomy":"category","embeddable":true,"href":"https:\/\/analyse.optim.biz\/index.php?rest_route=%2Fwp%2Fv2%2Fcategories&post=1649169"},{"taxonomy":"post_tag","embeddable":true,"href":"https:\/\/analyse.optim.biz\/index.php?rest_route=%2Fwp%2Fv2%2Ftags&post=1649169"}],"curies":[{"name":"wp","href":"https:\/\/api.w.org\/{rel}","templated":true}]}}