{"id":1649018,"date":"2014-09-15T10:12:22","date_gmt":"2014-09-15T07:12:22","guid":{"rendered":"https:\/\/analyse.optim.biz\/?p=1649018"},"modified":"2014-09-15T10:12:22","modified_gmt":"2014-09-15T07:12:22","slug":"colegi-de-pahar-dusmani-pana-la-spital-suceavalive","status":"publish","type":"post","link":"https:\/\/analyse.optim.biz\/?p=1649018","title":{"rendered":"Colegi de pahar, du\u0219mani p\u00e2n\u0103 la&#8230; spital &#8211; SuceavaLIVE"},"content":{"rendered":"<article id=\"post-46180\" class=\"clearfix post-46180 post type-post status-publish format-standard has-post-thumbnail hentry category-comunicate tag-bauturi-alcoolice tag-conflict tag-infractiune tag-leziuni tag-lovire-sau-alte-violente tag-politisti tag-scandal tag-spital tag-suceava tag-suceavalive tag-tulburarea-ordinii\">\n<header id=\"cb-standard-featured\">\n<div id=\"cb-fis-wrap\" class=\"cb-entry-header cb-fis cb-style-standard\"><span class=\"cb-title-fi\"><\/p>\n<h1 class=\"entry-title cb-entry-title cb-single-title\">Colegi de pahar, du\u0219mani p\u00e2n\u0103 la\u2026 spital<\/h1>\n<div class=\"cb-byline cb-font-header\">\n<div class=\"cb-date cb-byline-element\"><time datetime=\"2014-09-15\">15 septembrie 2014<\/time><\/div>\n<\/div>\n<p><\/span><\/div>\n<div class=\"cb-mask\"><img decoding=\"async\" width=\"600\" height=\"840\" src=\"https:\/\/analyse.optim.biz\/wp-content\/uploads\/2026\/01\/agresiune-bar-1.jpg\" class=\"attachment-cb-full-full size-cb-full-full wp-post-image\" loading=\"lazy\" title=\"agresiune-bar-1\"><\/div>\n<\/header>\n<p>Poli\u021bia ora\u0219ului Liteni a fost sesizat\u0103 duminic\u0103, 14 septembrie, despre faptul c\u0103 \u00een incinta unui bar de pe raza localit\u0103\u021bii Ro\u0219cani, a avut loc un scandal.<\/p>\n<section class=\"cb-entry-content entry-content clearfix\">\n<p>Din cercet\u0103ri, poli\u021bi\u0219tii au stabilit faptul c\u0103 \u00een timp ce un t\u00e2n\u0103r de 23 ani, din ora\u0219ul Liteni, se afla la o mas\u0103 \u00eempreun\u0103 cu alte persoane consum\u00e2nd c\u00e2te o bere, pe fondul consumului de b\u0103uturi alcoolice, a avut un conflict spontan cu un localnic de 20 ani \u0219i un alt b\u0103rbat de 25 ani, din comuna F\u00e2nt\u00e2nele, afla\u021bi \u0219i ei \u00een acel local.<\/p>\n<p>Pentru a \u00eenceta scandalul, t\u00e2n\u0103rul de 23 de ani a ie\u0219it afar\u0103 pe teras\u0103, moment \u00een care agresorul de 25 de ani l-a lovit cu un scaun peste corp, dup\u0103 care a fugit \u0219i a revenit, av\u00e2nd asupra sa o furc\u0103, pe care a folosit-o \u00een\u021bep\u00e2nd victima \u00een piciorul drept, provoc\u00e2ndu-i leziuni.<\/p>\n<p>Persoana agresat\u0103 a fost preluat\u0103 de un echipaj de ambulan\u0163\u0103 \u0219i transportat\u0103 la spital, pentru acordarea de \u00eengrijiri medicale, f\u0103r\u0103 ca via\u021ba s\u0103-i fie pus\u0103 \u00een pericol.<\/p>\n<p>\u00cen cauz\u0103 se efectueaz\u0103 cercet\u0103ri fa\u021b\u0103 de agresor pentru comiterea infrac\u021biunilor de \u201etulburarea ordinii \u0219i lini\u0219tii publice\u201d \u015fi \u201elovire sau alte violen\u0163e\u201d, iar fa\u0163\u0103 de t\u00e2n\u0103rul de 20 de ani, pentru \u201etulburarea ordinii \u0219i lini\u0219tii publice\u201d.<\/p>\n<\/section>\n<footer class=\"article-footer\">\n<p class=\"cb-tags\"><a href=\"https:\/\/suceavalive.ro\/tag\/bauturi-alcoolice\/\" rel=\"tag\">bauturi alcoolice<\/a><a href=\"https:\/\/suceavalive.ro\/tag\/conflict\/\" rel=\"tag\">conflict<\/a><a href=\"https:\/\/suceavalive.ro\/tag\/infractiune\/\" rel=\"tag\">infractiune<\/a><a href=\"https:\/\/suceavalive.ro\/tag\/leziuni\/\" rel=\"tag\">leziuni<\/a><a href=\"https:\/\/suceavalive.ro\/tag\/lovire-sau-alte-violente\/\" rel=\"tag\">lovire sau alte violente<\/a><a href=\"https:\/\/suceavalive.ro\/tag\/politisti\/\" rel=\"tag\">politisti<\/a><a href=\"https:\/\/suceavalive.ro\/tag\/scandal\/\" rel=\"tag\">scandal<\/a><a href=\"https:\/\/suceavalive.ro\/tag\/spital\/\" rel=\"tag\">spital<\/a><a href=\"https:\/\/suceavalive.ro\/tag\/suceava\/\" rel=\"tag\">Suceava<\/a><a href=\"https:\/\/suceavalive.ro\/tag\/suceavalive\/\" rel=\"tag\">suceavalive<\/a><a href=\"https:\/\/suceavalive.ro\/tag\/tulburarea-ordinii\/\" rel=\"tag\">tulburarea ordinii<\/a><\/p>\n<div class=\"cb-social-sharing cb-post-footer-block cb-beside clearfix\">\n<div class=\"cb-title-subtle\">Share On:<\/div>\n<div class=\"cb-twitter\"><a href=\"https:\/\/twitter.com\/share\" class=\"twitter-share-button\" data-dnt=\"true\" data-count=\"horizontal\">Tweet<\/a><\/div>\n<\/div>\n<div id=\"cb-previous-next-links\" class=\"cb-post-footer-block clearfix\">\n<div id=\"cb-previous-link\"><a href=\"https:\/\/suceavalive.ro\/ghiozdane-si-rechizite-oferite-de-politisti\/\" rel=\"prev\">Ghiozdane \u0219i rechizite oferite de poli\u021bi\u0219ti<\/a><\/div>\n<div id=\"cb-next-link\"><a href=\"https:\/\/suceavalive.ro\/programul-romania-ucraina-republica-moldova-sarbatoreste-ziua-cooperarii-europene\/\" rel=\"next\">Programul Rom\u00e2nia \u2013 Ucraina \u2013 Republica Moldova s\u0103rb\u0103tore\u0219te Ziua Cooper\u0103rii Europene<\/a><\/div>\n<\/div>\n<div id=\"cb-author-box\" class=\"clearfix\">\n<h3 class=\"cb-block-title\">Despre autor<\/h3>\n<div class=\"cb-mask\"><a href=\"https:\/\/suceavalive.ro\/author\/luiza-loghin\/\"><img decoding=\"async\" src=\"https:\/\/analyse.optim.biz\/wp-content\/uploads\/2026\/01\/21ec5a38ee016d23a9c9d50ce3b4e9e7ef5b09765e70997405f8f9e4b1856ee7-28.jpg\" class=\"avatar avatar-120 photo\" height=\"120\" width=\"120\" loading=\"lazy\" title=\"21ec5a38ee016d23a9c9d50ce3b4e9e7ef5b09765e70997405f8f9e4b1856ee7-28\"><\/a><\/div>\n<div class=\"cb-meta\">\n<div class=\"cb-info\">\n<div class=\"cb-author-title vcard\"><a href=\"https:\/\/suceavalive.ro\/author\/luiza-loghin\/\"><span class=\"fn\">Luiza Loghin<\/span><\/a><\/div>\n<\/div>\n<\/div>\n<\/div>\n<div id=\"cb-related-posts\" class=\"cb-related-posts-block cb-post-end-block clearfix\">\n<h3 class=\"cb-block-title\">Postari asemanatoare<\/h3>\n<ul>\n<li class=\"cb-style-overlay cb-grid-entry cb-related-post no-1\">\n<div class=\"cb-mask\"><a href=\"https:\/\/suceavalive.ro\/calendarul-zilei-de-30-ianuarie\/\"><img decoding=\"async\" width=\"360\" height=\"240\" src=\"https:\/\/analyse.optim.biz\/wp-content\/uploads\/2026\/01\/grigore-gafencu_0-360x240-42.jpg\" class=\"attachment-cb-360-240 size-cb-360-240 wp-post-image\" loading=\"lazy\" title=\"grigore-gafencu_0-360x240-42\"><\/a><\/div>\n<div class=\"cb-meta cb-article-meta\">\n<h4 class=\"h3 cb-post-title\"><a href=\"https:\/\/suceavalive.ro\/calendarul-zilei-de-30-ianuarie\/\">Calendarul zilei de 30 ianuarie<\/a><\/h4>\n<div class=\"cb-byline cb-font-header\">\n<div class=\"cb-date cb-byline-element\"><time datetime=\"2026-01-30\">30 ianuarie 2026<\/time><\/div>\n<\/div>\n<\/div>\n<\/li>\n<li class=\"cb-style-overlay cb-grid-entry cb-related-post no-2\">\n<div class=\"cb-mask\"><a href=\"https:\/\/suceavalive.ro\/calendarul-zilei-de-28-ianuarie\/\"><img decoding=\"async\" width=\"360\" height=\"240\" src=\"https:\/\/analyse.optim.biz\/wp-content\/uploads\/2026\/01\/bibescu-360x240-74.jpg\" class=\"attachment-cb-360-240 size-cb-360-240 wp-post-image\" loading=\"lazy\" title=\"bibescu-360x240-74\"><\/a><\/div>\n<div class=\"cb-meta cb-article-meta\">\n<h4 class=\"h3 cb-post-title\"><a href=\"https:\/\/suceavalive.ro\/calendarul-zilei-de-28-ianuarie\/\">Calendarul zilei de 28 ianuarie<\/a><\/h4>\n<div class=\"cb-byline cb-font-header\">\n<div class=\"cb-date cb-byline-element\"><time datetime=\"2026-01-28\">28 ianuarie 2026<\/time><\/div>\n<\/div>\n<\/div>\n<\/li>\n<\/ul>\n<\/div>\n<\/footer>\n<div id=\"respond\" class=\"comment-respond\">\n<h3 id=\"reply-title\" class=\"comment-reply-title\">Lasa un raspuns <small><a rel=\"nofollow\" id=\"cancel-comment-reply-link\" href=\"https:\/\/suceavalive.ro\/colegi-de-pahar-dusmani-pana-la-spital\/#respond\">Anuleaza raspunsul<\/a><\/small><\/h3>\n<p class=\"comment-notes\">Adresa ta de email nu va fi publicat\u0103.<\/p>\n<\/div>\n<\/article>\n<section class=\"cb-entry-content entry-content clearfix\">\n<p>Din cercet\u0103ri, poli\u021bi\u0219tii au stabilit faptul c\u0103 \u00een timp ce un t\u00e2n\u0103r de 23 ani, din ora\u0219ul Liteni, se afla la o mas\u0103 \u00eempreun\u0103 cu alte persoane consum\u00e2nd c\u00e2te o bere, pe fondul consumului de b\u0103uturi alcoolice, a avut un conflict spontan cu un localnic de 20 ani \u0219i un alt b\u0103rbat de 25 ani, din comuna F\u00e2nt\u00e2nele, afla\u021bi \u0219i ei \u00een acel local.<\/p>\n<p>Pentru a \u00eenceta scandalul, t\u00e2n\u0103rul de 23 de ani a ie\u0219it afar\u0103 pe teras\u0103, moment \u00een care agresorul de 25 de ani l-a lovit cu un scaun peste corp, dup\u0103 care a fugit \u0219i a revenit, av\u00e2nd asupra sa o furc\u0103, pe care a folosit-o \u00een\u021bep\u00e2nd victima \u00een piciorul drept, provoc\u00e2ndu-i leziuni.<\/p>\n<p>Persoana agresat\u0103 a fost preluat\u0103 de un echipaj de ambulan\u0163\u0103 \u0219i transportat\u0103 la spital, pentru acordarea de \u00eengrijiri medicale, f\u0103r\u0103 ca via\u021ba s\u0103-i fie pus\u0103 \u00een pericol.<\/p>\n<p>\u00cen cauz\u0103 se efectueaz\u0103 cercet\u0103ri fa\u021b\u0103 de agresor pentru comiterea infrac\u021biunilor de \u201etulburarea ordinii \u0219i lini\u0219tii publice\u201d \u015fi \u201elovire sau alte violen\u0163e\u201d, iar fa\u0163\u0103 de t\u00e2n\u0103rul de 20 de ani, pentru \u201etulburarea ordinii \u0219i lini\u0219tii publice\u201d.<\/p>\n<\/section>\n<section class=\"cb-entry-content entry-content clearfix\">\n<p>Din cercet\u0103ri, poli\u021bi\u0219tii au stabilit faptul c\u0103 \u00een timp ce un t\u00e2n\u0103r de 23 ani, din ora\u0219ul Liteni, se afla la o mas\u0103 \u00eempreun\u0103 cu alte persoane consum\u00e2nd c\u00e2te o bere, pe fondul consumului de b\u0103uturi alcoolice, a avut un conflict spontan cu un localnic de 20 ani \u0219i un alt b\u0103rbat de 25 ani, din comuna F\u00e2nt\u00e2nele, afla\u021bi \u0219i ei \u00een acel local.<\/p>\n<p>Pentru a \u00eenceta scandalul, t\u00e2n\u0103rul de 23 de ani a ie\u0219it afar\u0103 pe teras\u0103, moment \u00een care agresorul de 25 de ani l-a lovit cu un scaun peste corp, dup\u0103 care a fugit \u0219i a revenit, av\u00e2nd asupra sa o furc\u0103, pe care a folosit-o \u00een\u021bep\u00e2nd victima \u00een piciorul drept, provoc\u00e2ndu-i leziuni.<\/p>\n<p>Persoana agresat\u0103 a fost preluat\u0103 de un echipaj de ambulan\u0163\u0103 \u0219i transportat\u0103 la spital, pentru acordarea de \u00eengrijiri medicale, f\u0103r\u0103 ca via\u021ba s\u0103-i fie pus\u0103 \u00een pericol.<\/p>\n<p>\u00cen cauz\u0103 se efectueaz\u0103 cercet\u0103ri fa\u021b\u0103 de agresor pentru comiterea infrac\u021biunilor de \u201etulburarea ordinii \u0219i lini\u0219tii publice\u201d \u015fi \u201elovire sau alte violen\u0163e\u201d, iar fa\u0163\u0103 de t\u00e2n\u0103rul de 20 de ani, pentru \u201etulburarea ordinii \u0219i lini\u0219tii publice\u201d.<\/p>\n<\/section>\n<p> Source URL: https:\/\/suceavalive.ro\/colegi-de-pahar-dusmani-pana-la-spital\/<\/p>\n","protected":false},"excerpt":{"rendered":"<p>Colegi de pahar, du\u0219mani p\u00e2n\u0103 la\u2026 spital 15 septembrie 2014 Poli\u021bia ora\u0219ului Liteni a fost sesizat\u0103 duminic\u0103, 14 septembrie, despre faptul c\u0103 \u00een incinta unui bar de pe raza localit\u0103\u021bii Ro\u0219cani, a avut loc un scandal. Din cercet\u0103ri, poli\u021bi\u0219tii au stabilit faptul c\u0103 \u00een timp ce un t\u00e2n\u0103r de 23 ani, din ora\u0219ul Liteni, se [&hellip;]<\/p>\n","protected":false},"author":1,"featured_media":1649019,"comment_status":"open","ping_status":"","sticky":false,"template":"","format":"standard","meta":{"footnotes":""},"categories":[89],"tags":[173],"class_list":["post-1649018","post","type-post","status-publish","format-standard","has-post-thumbnail","hentry","category-romania","tag-suceavalive-ro"],"_links":{"self":[{"href":"https:\/\/analyse.optim.biz\/index.php?rest_route=\/wp\/v2\/posts\/1649018","targetHints":{"allow":["GET"]}}],"collection":[{"href":"https:\/\/analyse.optim.biz\/index.php?rest_route=\/wp\/v2\/posts"}],"about":[{"href":"https:\/\/analyse.optim.biz\/index.php?rest_route=\/wp\/v2\/types\/post"}],"author":[{"embeddable":true,"href":"https:\/\/analyse.optim.biz\/index.php?rest_route=\/wp\/v2\/users\/1"}],"replies":[{"embeddable":true,"href":"https:\/\/analyse.optim.biz\/index.php?rest_route=%2Fwp%2Fv2%2Fcomments&post=1649018"}],"version-history":[{"count":0,"href":"https:\/\/analyse.optim.biz\/index.php?rest_route=\/wp\/v2\/posts\/1649018\/revisions"}],"wp:featuredmedia":[{"embeddable":true,"href":"https:\/\/analyse.optim.biz\/index.php?rest_route=\/wp\/v2\/media\/1649019"}],"wp:attachment":[{"href":"https:\/\/analyse.optim.biz\/index.php?rest_route=%2Fwp%2Fv2%2Fmedia&parent=1649018"}],"wp:term":[{"taxonomy":"category","embeddable":true,"href":"https:\/\/analyse.optim.biz\/index.php?rest_route=%2Fwp%2Fv2%2Fcategories&post=1649018"},{"taxonomy":"post_tag","embeddable":true,"href":"https:\/\/analyse.optim.biz\/index.php?rest_route=%2Fwp%2Fv2%2Ftags&post=1649018"}],"curies":[{"name":"wp","href":"https:\/\/api.w.org\/{rel}","templated":true}]}}