{"id":164767,"date":"2016-05-01T16:18:40","date_gmt":"2016-05-01T13:18:40","guid":{"rendered":"https:\/\/analyse.optim.biz\/?p=164767"},"modified":"2016-05-01T16:18:40","modified_gmt":"2016-05-01T13:18:40","slug":"mesajul-presedintelui-klaus-iohannis-pentru-militarii-din-afganistan","status":"publish","type":"post","link":"https:\/\/analyse.optim.biz\/?p=164767","title":{"rendered":"Mesajul pre\u0219edintelui Klaus Iohannis pentru militarii din Afganistan"},"content":{"rendered":"<div class=\"entry data-app-meta data-app-meta-article\" data-embed-base-url-canonical=\"https:\/\/www.digi24.ro\/embed\/stiri\/actualitate\/politica\/mesajul-presedintelui-klaus-iohannis-pentru-militarii-din-afganistan-512796\">\n<p data-index=\"1\">\u201eDomnilor Comandan\u021bi,<\/p>\n<p data-index=\"2\">Stima\u021bi militari,<\/p>\n<p data-index=\"3\">M\u0103 bucur foarte mult c\u0103 ast\u0103zi, c\u00e2nd s\u0103rb\u0103torim \u00cenvierea Domnului, cea mai important\u0103 zi a cre\u0219tin\u0103t\u0103\u021bii, o zi simbol a luminii \u0219i speran\u021bei, a p\u0103cii \u0219i a \u00eencrederii \u00een m\u00e2ntuire, \u00eempreun\u0103 cu so\u021bia mea, m\u0103 aflu \u00een mijlocul vostru.<\/p>\n<p data-index=\"4\">\u00cemi produce o puternic\u0103 emo\u021bie atmosfera rom\u00e2neasc\u0103 autentic\u0103 pe care a\u021bi creat-o aici, la 5000 de kilometri dep\u0103rtare de \u021bar\u0103. V\u0103 asigur c\u0103, \u00een aceast\u0103 zi de s\u0103rb\u0103toare, mul\u021bi rom\u00e2ni \u00een \u021bar\u0103, nu doar rudele \u0219i prietenii sau colegii vo\u0219tri, \u00ee\u0219i \u00eendreapt\u0103, mai mult ca oric\u00e2nd, g\u00e2ndurile \u0219i sentimentele de pre\u021buire c\u0103tre voi, cei care ne reprezenta\u021bi, cu cinste \u0219i onoare, \u00een afara grani\u021belor \u021b\u0103rii noastre.<\/p>\n<p data-index=\"5\">De ce serb\u0103m Sfintele Pa\u0219ti aici? Noi, cre\u0219tinii, suntem \u00eenv\u0103\u021ba\u021bi, de la v\u00e2rste fragede, s\u0103 ajut\u0103m pe cel care are nevoie de noi. Afganii au nevoie de prezen\u021ba voastr\u0103 aici. Voi, cei afla\u021bi \u00een teatru, \u0219ti\u021bi cel mai bine realit\u0103\u021bile din teren, care sunt riscurile \u0219i problemele Afganistanului anului 2016. Voi \u0219ti\u021bi foarte bine c\u0103 Misiunea Afganistan nu este \u00eencheiat\u0103.<\/p>\n<p data-index=\"6\">Prezen\u021ba voastr\u0103 \u00een acest Teatru de Opera\u021bii reprezint\u0103 r\u0103spunsul ferm al Rom\u00e2niei la solicitarea Alian\u021bei Nord-Atlantice pentru asigurarea securit\u0103\u021bii \u0219i pentru stabilizarea Afganistanului. Afganistanul este, pentru Alian\u021b\u0103, principalul front de lupt\u0103 \u00eempotriva terorismului interna\u021bional. Reconstruc\u021bia Afganistanului reprezint\u0103 un efort de durat\u0103, asumat de comunitatea interna\u021bional\u0103.<\/p>\n<p data-index=\"7\">Dar \u0219ti\u021bi la fel de bine c\u0103 tot acest efort interna\u021bional, inclusiv eforturile voastre, conduce la rezultate. Exist\u0103 un proces politic intern care este \u00een curs, direc\u021bia \u021b\u0103rii este \u00een esen\u021b\u0103 cea corect\u0103. Prin urmare, trebuie s\u0103 continu\u0103m acest sprijin.<\/p>\n<p data-index=\"8\">Este bine s\u0103 ne reamintim una din premisele majore pe baza c\u0103reia am aderat la NATO \u0219i apoi la UE: Rom\u00e2nia este furnizor, nu doar beneficiar de securitate. Noi am fost, vreme de 15 ani, prin eforturile voastre, un furnizor de securitate \u0219i vom continua s\u0103 fim. Nu trebuie s\u0103 uit\u0103m asta.<\/p>\n<p data-index=\"9\">\u0218tim c\u0103 participa\u021bi la opera\u021biuni extrem de importante, cu un grad crescut de dificultate, c\u0103 sunte\u021bi reprezentan\u021bii no\u0219tri \u00een afara grani\u021belor \u0219i c\u0103 v\u0103 \u00eendeplini\u021bi cu mult\u0103 d\u0103ruire misiunile \u00eencredin\u021bate, fiind un exemplu demn de urmat &#8211; at\u00e2t de c\u0103tre camarazii contemporani, c\u00e2t \u0219i de c\u0103tre genera\u021biile viitoare &#8211; \u0219i de aceea merita\u021bi toat\u0103 stima \u0219i aprecierea noastr\u0103.<\/p>\n<p data-index=\"10\">Locul bine definit al Rom\u00e2niei \u00een lume, respectul \u0219i credibilitatea de care se bucur\u0103 ast\u0103zi \u00een fa\u021ba partenerilor externi, sunt &#8211; \u00een mare m\u0103sur\u0103 &#8211; \u0219i rezultatele muncii \u0219i d\u0103ruirii voastre, militarii care, lu\u00e2nd parte la multiple ac\u021biuni sub egida organiza\u021biilor interna\u021bionale, a\u021bi demonstrat c\u0103 \u021bara noastr\u0103 este un aliat de n\u0103dejde \u0219i un partener capabil s\u0103 duc\u0103 la bun sf\u00e2r\u0219it toate misiunile \u00eencredin\u021bate.<\/p>\n<p data-index=\"11\">Dragi militari,<\/p>\n<p data-index=\"12\">Peste 2 luni, alia\u021bii din NATO ne vom reuni la Var\u0219ovia \u0219i vom avea multe de discutat. Vom discuta \u0219i despre Afganistan. Dar miza noastr\u0103 la Var\u0219ovia este s\u0103 consolid\u0103m prezen\u021ba NATO \u00een Rom\u00e2nia, \u00een special pe coasta de vest a M\u0103rii Negre, \u00een spiritul \u00een care a fost creat NATO acum mai bine de 60 de ani.<\/p>\n<p data-index=\"13\">Situa\u021bia din proximitatea Rom\u00e2niei ne cere s\u0103 solicit\u0103m sprijin din partea alia\u021bilor no\u0219tri. Dar cerem acest sprijin tocmai pentru a putea s\u0103 continu\u0103m s\u0103 ajutam la r\u00e2ndul nostru \u0219i s\u0103 fim utili pe plan interna\u021bional.<\/p>\n<p data-index=\"14\">\u00cens\u0103 greul va urma dup\u0103 Var\u0219ovia. Vom avea multe de f\u0103cut, \u00een reformarea, \u00een continuare, a Armatei, \u00eenzestrarea ei \u0219i cre\u0219terea calit\u0103\u021bii vie\u021bii militarilor. Voi, cei care a\u021bi fost \u00een teatrele de opera\u021bii, a\u021bi fost \u00een prima linie de interoperabilitate. Nu doar c\u0103 a\u021bi v\u0103zut, dar a\u021bi luptat \u00eempreun\u0103 cu armate performante, bine dotate \u0219i cu militari bine motiva\u021bi. V\u0103 ve\u021bi re\u00eentoarce \u00een \u021bar\u0103 cu o zestre profesional\u0103 solid\u0103 &#8211; principalul c\u00e2\u0219tig \u00een viziunea mea &#8211; \u0219i de care vom avem nevoie pentru a aplica deciziile care se vor lua la Var\u0219ovia.<\/p>\n<p data-index=\"15\">Folosesc acest prilej pentru a v\u0103 mul\u021bumi, \u00een numele poporului rom\u00e2n \u0219i al meu personal, pentru felul \u00een care a\u021bi ales s\u0103 v\u0103 face\u021bi datoria \u0219i s\u0103 fi\u021bi mesagerii no\u0219tri \u0219i ap\u0103r\u0103torii valorilor \u0219i principiilor \u00een care, cu t\u0103rie, cu to\u021bii credem.<\/p>\n<p data-index=\"16\">V\u0103 a\u0219tept\u0103m, la finalul misiunilor, s\u0103 reveni\u021bi pe p\u0103m\u00e2nt rom\u00e2nesc s\u0103n\u0103to\u0219i \u0219i \u00een forma\u021bie complet\u0103, cu sufletul \u00eenc\u0103rcat de bucuria unei realiz\u0103ri profesionale absolute &#8211; de a fi fost cei mai conving\u0103tori ambasadori ai Rom\u00e2niei.<\/p>\n<p data-index=\"17\">V\u0103 urez mult\u0103 s\u0103n\u0103tate, puterea de a trece cu bine peste toate provoc\u0103rile specifice mediului \u00een care ac\u021biona\u021bi \u00een prezent, multe realiz\u0103ri profesionale \u0219i doresc, din nou, s\u0103 v\u0103 \u00eencredin\u021bez de \u00eentregul meu sprijin!<\/p>\n<p data-index=\"18\">Acelea\u0219i sentimente de pre\u021buire, ur\u0103ri de s\u0103n\u0103tate, fericire, via\u021b\u0103 lung\u0103 se \u00eendreapt\u0103 \u0219i c\u0103tre familiile voastre, care v\u0103 simt lipsa \u00een aceste momente \u0219i care v\u0103 a\u0219teapt\u0103 s\u0103 v\u0103 \u00eentoarce\u021bi.<\/p>\n<p data-index=\"19\">Tuturor, v\u0103 doresc S\u0103rb\u0103tori Pascale \u00een lini\u0219te \u0219i pace!<\/p>\n<p data-index=\"20\">Lumina \u00cenvierii lui Iisus s\u0103 coboare \u00een sufletul fiec\u0103ruia, ren\u0103sc\u00e2nd credin\u021ba \u0219i speran\u021ba \u00een mai bine!\u201d<\/p>\n<p data-index=\"21\">Sursa: www.presidency.ro<\/p>\n<\/div>\n<p> Source URL: https:\/\/www.digi24.ro\/stiri\/actualitate\/politica\/mesajul-presedintelui-klaus-iohannis-pentru-militarii-din-afganistan-512796<\/p>\n","protected":false},"excerpt":{"rendered":"<p>\u201eDomnilor Comandan\u021bi, Stima\u021bi militari, M\u0103 bucur foarte mult c\u0103 ast\u0103zi, c\u00e2nd s\u0103rb\u0103torim \u00cenvierea Domnului, cea mai important\u0103 zi a cre\u0219tin\u0103t\u0103\u021bii, o zi simbol a luminii \u0219i speran\u021bei, a p\u0103cii \u0219i a \u00eencrederii \u00een m\u00e2ntuire, \u00eempreun\u0103 cu so\u021bia mea, m\u0103 aflu \u00een mijlocul vostru. \u00cemi produce o puternic\u0103 emo\u021bie atmosfera rom\u00e2neasc\u0103 autentic\u0103 pe care a\u021bi creat-o [&hellip;]<\/p>\n","protected":false},"author":1,"featured_media":164768,"comment_status":"open","ping_status":"","sticky":false,"template":"","format":"standard","meta":{"footnotes":""},"categories":[2],"tags":[11],"class_list":["post-164767","post","type-post","status-publish","format-standard","has-post-thumbnail","hentry","category-politics","tag-digi24"],"_links":{"self":[{"href":"https:\/\/analyse.optim.biz\/index.php?rest_route=\/wp\/v2\/posts\/164767","targetHints":{"allow":["GET"]}}],"collection":[{"href":"https:\/\/analyse.optim.biz\/index.php?rest_route=\/wp\/v2\/posts"}],"about":[{"href":"https:\/\/analyse.optim.biz\/index.php?rest_route=\/wp\/v2\/types\/post"}],"author":[{"embeddable":true,"href":"https:\/\/analyse.optim.biz\/index.php?rest_route=\/wp\/v2\/users\/1"}],"replies":[{"embeddable":true,"href":"https:\/\/analyse.optim.biz\/index.php?rest_route=%2Fwp%2Fv2%2Fcomments&post=164767"}],"version-history":[{"count":0,"href":"https:\/\/analyse.optim.biz\/index.php?rest_route=\/wp\/v2\/posts\/164767\/revisions"}],"wp:featuredmedia":[{"embeddable":true,"href":"https:\/\/analyse.optim.biz\/index.php?rest_route=\/wp\/v2\/media\/164768"}],"wp:attachment":[{"href":"https:\/\/analyse.optim.biz\/index.php?rest_route=%2Fwp%2Fv2%2Fmedia&parent=164767"}],"wp:term":[{"taxonomy":"category","embeddable":true,"href":"https:\/\/analyse.optim.biz\/index.php?rest_route=%2Fwp%2Fv2%2Fcategories&post=164767"},{"taxonomy":"post_tag","embeddable":true,"href":"https:\/\/analyse.optim.biz\/index.php?rest_route=%2Fwp%2Fv2%2Ftags&post=164767"}],"curies":[{"name":"wp","href":"https:\/\/api.w.org\/{rel}","templated":true}]}}