{"id":164753,"date":"2016-05-03T09:30:15","date_gmt":"2016-05-03T06:30:15","guid":{"rendered":"https:\/\/analyse.optim.biz\/?p=164753"},"modified":"2016-05-03T09:30:15","modified_gmt":"2016-05-03T06:30:15","slug":"premierul-anunta-astazi-noul-ministru-al-culturii","status":"publish","type":"post","link":"https:\/\/analyse.optim.biz\/?p=164753","title":{"rendered":"Premierul anun\u021b\u0103 ast\u0103zi noul ministru al Culturii"},"content":{"rendered":"<div class=\"entry data-app-meta data-app-meta-article\" data-embed-base-url-canonical=\"https:\/\/www.digi24.ro\/embed\/stiri\/actualitate\/politica\/premierul-anunta-astazi-noul-ministru-al-culturii-513161\">\n<p data-index=\"1\">Discu\u021bii despre o posibil\u0103 demisie a lui<a href=\"https:\/\/www.digi24.ro\/Stiri\/Digi24\/Actualitate\/Politica\/Ministrul+Culturii+a+mers+azi+la+serviciu+As+dori+sa+raman\" target=\"_blank\" data-skip-linkfix=\"1\" rel=\"noopener\"> Vlad Alexandrescu<\/a> au ap\u0103rut s\u0103pt\u0103m\u00e2na trecut\u0103, dup\u0103 ce nu a reu\u0219it s\u0103 aplaneze conflictul izbucnit la Opera Na\u021bional\u0103 din Bucure\u0219ti (ONB). \u00cen pres\u0103 a ap\u0103rut informa\u021bia c\u0103 Dacian Ciolo\u0219 i-a cerut demisia.\u00a0<\/p>\n<p data-index=\"2\">Ulterior, Vlad Alexandrescu a anun\u021bat pe Facebook c\u0103 \u00ee\u0219i depune mandatul \u0219i i-a cerut premierului s\u0103 continue reformele \u00eencepute de el. De asemenea, ministrul demisionar a trecut \u00een revist\u0103 realiz\u0103rile sale din cele \u0219ase luni de mandat.\u00a0<\/p>\n<p data-index=\"3\">\u00cen aceea\u0219i sear\u0103, circa 100 de persoane au protestat \u00een fa\u021ba Palatului Victoria fa\u021b\u0103 de demisia lui Vlad Alexandrescu. Manifest\u0103rile de sus\u021binere au continuat \u0219i pe re\u021belele de socializare.\u00a0<\/p>\n<p data-index=\"4\">Dup\u0103 aceste manifest\u0103ri,<strong> Vlad Alexandrescu a revenit asupra deciziei sale de a demisiona \u0219i a spus c\u0103 nu \u00ee\u0219i va depune mandatul \u00eenainte de Pa\u0219ti \u0219i i-a cerut, din nou, premierului asigur\u0103ri c\u0103 reformele \u00eencepute de el vor continua.\u00a0<\/strong><\/p>\n<p data-index=\"5\">De asemenea,<strong> \u00een pres\u0103 a ap\u0103rut o scrisoare semnat\u0103 de Vlad Alexandrescu adresat\u0103 Grupului pentru Dialog Social \u00een care a denun\u021bat \u00eencerc\u0103ri de intimidare din partea unor colegi din Guvernul Ciolo\u0219.\u00a0<\/strong><\/p>\n<p data-index=\"6\">El a spus c\u0103 a deranjat prin ac\u021biunile sale mai multe grupuri de interese \u0219i a dat dou\u0103 exemple: Ro\u0219ia Montan\u0103 \u0219i Cathedral Plaza. Ministrul evoc\u0103 unele ac\u021biuni de intimidare \u0219i spune c\u0103 a fost chemat \u00een Parlament s\u0103 dea explica\u021bii \u0219i c\u0103 a fost sunat de mai multe ori de oameni politici.<\/p>\n<p data-index=\"7\">De exemplu, c\u00e2nd a mers personal, \u00een urm\u0103 cu o lun\u0103, s\u0103 opreasc\u0103 d\u0103r\u00e2marea casei Nanu Muscel din Pia\u021ba Roman\u0103, a fost sunat de un coleg de guvern \u0219i au fost \u00eencerc\u0103ri de intimidare direct\u0103, apoi a fost convocat la o \u0219edin\u021b\u0103 de c\u0103tre fostul rector ASE.<\/p>\n<p data-index=\"8\">\u00cen finalul scrisorii, <strong>Vlad Alexandrescu i-a cerut premierului o reacordare a \u00eencrederii pentru a-\u0219i putea continua mandatul.\u00a0<\/strong><\/p>\n<p data-index=\"9\">Dup\u0103 ce aceast\u0103 scrisoare a fost f\u0103cut\u0103 public\u0103, Dacian Ciolo\u0219 a anun\u021bat c\u0103 Vlad Alexandrescu va fi revocat \u0219i a criticat ultimele sale ac\u021biuni.\u00a0<\/p>\n<p data-index=\"10\"><em>\u201eLegat de ultimele discu\u021bii \u00een jurul demisiei Ministrului Culturii: E p\u0103cat c\u0103 domnul Alexandrescu a ales s\u0103 termine \u00een acest fel. E alegerea dumnealui. Iar dac\u0103 domnul Alexandrescu are ceva de spus, s\u0103 o fac\u0103. M\u0103 \u00eentreb de ce nu a f\u0103cut-o p\u00e2n\u0103 acum, \u0219i de ce nu mi-a comunicat mie sau \u00een guvern situa\u021biile cu care sus\u021bine c\u0103 s-a confruntat. Via\u021ba merge \u00eenainte. Reformele vor continua \u0219i \u00een cultur\u0103 \u0219i \u00een alte domenii. Doresc tuturor sa g\u0103seasc\u0103 \u00een\u021belepciunea de a respecta S\u0103rb\u0103torile de Pa\u0219ti. Mar\u021bi voi trimite domnului pre\u0219edinte revocarea din func\u021bie a d-lui Alexandrescu \u0219i nominalizarea noului ministru. C\u0103ruia \u00eei voi cere s\u0103 continue reformele. \u00cen mod transparent \u0219i onest. Dar nimeni nu are proprietatea absolut\u0103 a reformelor<\/em>\u201d, a scris Dacian Ciolo\u0219 pe Facebook.\u00a0<\/p>\n<h5><span>Citi\u021bi \u0219i:\u00a0<\/span><\/h5>\n<h5><a href=\"https:\/\/www.digi24.ro\/Stiri\/Digi24\/Actualitate\/Politica\/VLAD+ALEXANDRESCU+ACUZATII+PRESIUNI+PLAGIATE\" target=\"_blank\" data-skip-linkfix=\"1\" rel=\"noopener\">EXCLUSIV. Scrisoarea prin care ministrul culturii denun\u021b\u0103 presiuni \u00een cadrul Cabinetului Ciolo\u0219<\/a><\/h5>\n<h5><a href=\"https:\/\/www.digi24.ro\/Stiri\/Digi24\/Actualitate\/Politica\/Vlad+Alexandrescu+Nu+imi+dau+demisia+inainte+de+Paste\" target=\"_parent\" data-skip-linkfix=\"1\" rel=\"noopener\">Ministrul Culturii se r\u0103zg\u00e2nde\u0219te \u00eenc\u0103 o dat\u0103: Nu \u00eemi dau demisia \u00eenainte de Pa\u0219te<\/a><\/h5>\n<\/div>\n<p> Source URL: https:\/\/www.digi24.ro\/stiri\/actualitate\/politica\/premierul-anunta-astazi-noul-ministru-al-culturii-513161<\/p>\n","protected":false},"excerpt":{"rendered":"<p>Discu\u021bii despre o posibil\u0103 demisie a lui Vlad Alexandrescu au ap\u0103rut s\u0103pt\u0103m\u00e2na trecut\u0103, dup\u0103 ce nu a reu\u0219it s\u0103 aplaneze conflictul izbucnit la Opera Na\u021bional\u0103 din Bucure\u0219ti (ONB). \u00cen pres\u0103 a ap\u0103rut informa\u021bia c\u0103 Dacian Ciolo\u0219 i-a cerut demisia.\u00a0 Ulterior, Vlad Alexandrescu a anun\u021bat pe Facebook c\u0103 \u00ee\u0219i depune mandatul \u0219i i-a cerut premierului s\u0103 [&hellip;]<\/p>\n","protected":false},"author":1,"featured_media":164754,"comment_status":"open","ping_status":"","sticky":false,"template":"","format":"standard","meta":{"footnotes":""},"categories":[2],"tags":[11],"class_list":["post-164753","post","type-post","status-publish","format-standard","has-post-thumbnail","hentry","category-politics","tag-digi24"],"_links":{"self":[{"href":"https:\/\/analyse.optim.biz\/index.php?rest_route=\/wp\/v2\/posts\/164753","targetHints":{"allow":["GET"]}}],"collection":[{"href":"https:\/\/analyse.optim.biz\/index.php?rest_route=\/wp\/v2\/posts"}],"about":[{"href":"https:\/\/analyse.optim.biz\/index.php?rest_route=\/wp\/v2\/types\/post"}],"author":[{"embeddable":true,"href":"https:\/\/analyse.optim.biz\/index.php?rest_route=\/wp\/v2\/users\/1"}],"replies":[{"embeddable":true,"href":"https:\/\/analyse.optim.biz\/index.php?rest_route=%2Fwp%2Fv2%2Fcomments&post=164753"}],"version-history":[{"count":0,"href":"https:\/\/analyse.optim.biz\/index.php?rest_route=\/wp\/v2\/posts\/164753\/revisions"}],"wp:featuredmedia":[{"embeddable":true,"href":"https:\/\/analyse.optim.biz\/index.php?rest_route=\/wp\/v2\/media\/164754"}],"wp:attachment":[{"href":"https:\/\/analyse.optim.biz\/index.php?rest_route=%2Fwp%2Fv2%2Fmedia&parent=164753"}],"wp:term":[{"taxonomy":"category","embeddable":true,"href":"https:\/\/analyse.optim.biz\/index.php?rest_route=%2Fwp%2Fv2%2Fcategories&post=164753"},{"taxonomy":"post_tag","embeddable":true,"href":"https:\/\/analyse.optim.biz\/index.php?rest_route=%2Fwp%2Fv2%2Ftags&post=164753"}],"curies":[{"name":"wp","href":"https:\/\/api.w.org\/{rel}","templated":true}]}}