{"id":164742,"date":"2016-05-03T10:18:25","date_gmt":"2016-05-03T07:18:25","guid":{"rendered":"https:\/\/analyse.optim.biz\/?p=164742"},"modified":"2016-05-03T10:18:25","modified_gmt":"2016-05-03T07:18:25","slug":"ministrul-culturii-a-mers-azi-la-serviciu-as-dori-sa-raman","status":"publish","type":"post","link":"https:\/\/analyse.optim.biz\/?p=164742","title":{"rendered":"Ministrul Culturii a mers azi la serviciu: &#8220;A\u015f dori s\u0103 r\u0103m\u00e2n&#8221;"},"content":{"rendered":"<div class=\"entry data-app-meta data-app-meta-article\" data-embed-base-url-canonical=\"https:\/\/www.digi24.ro\/embed\/stiri\/actualitate\/politica\/ministrul-culturii-a-mers-azi-la-serviciu-as-dori-sa-raman-513174\">\n<p data-index=\"1\"><a href=\"https:\/\/www.digi24.ro\/Stiri\/Digi24\/Actualitate\/Politica\/Premierul+anunta+astazi+noul+ministrul+al+Culturii\" target=\"_blank\" data-skip-linkfix=\"1\" rel=\"noopener\"><strong>Dacian Ciolo\u015f a anun\u0163at<\/strong><\/a>c\u0103 ast\u0103zi \u00eei va trimite pre\u015fedintelui Klaus Iohannis revocarea din func\u0163ie a lui Vlad Alexandrescu, c\u00e2t \u015fi nominalizarea pentru noul ministru al Culturii.<\/p>\n<p data-index=\"2\">\u00cen aceast\u0103 diminea\u0163\u0103, Vlad Alexandrescu a mers la serviciu.<\/p>\n<p data-index=\"3\">Vlad Alexandrescu, ministrul Culturii: \u201e<span>A\u015ftept\u0103m propunerea de nume pentru un nou nume de ministru al Culturii. Eu cred c\u0103 am f\u0103cut tot ce puteam s\u0103 fac mai bine la Ministerul Culturii. Sunt foarte con\u015ftient c\u0103 am demarat o prim\u0103var\u0103 cultural\u0103 \u00een Rom\u00e2nia. O \u00eennoire a institu\u0163iilor de Cultur\u0103. <\/span><\/p>\n<p data-index=\"4\">\u00cen acest moment \u00een care cred c\u0103 reforma este periclitat\u0103 a\u015f dori s\u0103 r\u0103m\u00e2n mai departe la Ministerul Culturii ca o garan\u0163ie c\u0103 aceast\u0103 reform\u0103 va continua\u201d.<\/p>\n<\/div>\n<p> Source URL: https:\/\/www.digi24.ro\/stiri\/actualitate\/politica\/ministrul-culturii-a-mers-azi-la-serviciu-as-dori-sa-raman-513174<\/p>\n","protected":false},"excerpt":{"rendered":"<p>Dacian Ciolo\u015f a anun\u0163atc\u0103 ast\u0103zi \u00eei va trimite pre\u015fedintelui Klaus Iohannis revocarea din func\u0163ie a lui Vlad Alexandrescu, c\u00e2t \u015fi nominalizarea pentru noul ministru al Culturii. \u00cen aceast\u0103 diminea\u0163\u0103, Vlad Alexandrescu a mers la serviciu. Vlad Alexandrescu, ministrul Culturii: \u201eA\u015ftept\u0103m propunerea de nume pentru un nou nume de ministru al Culturii. Eu cred c\u0103 am [&hellip;]<\/p>\n","protected":false},"author":1,"featured_media":164743,"comment_status":"open","ping_status":"","sticky":false,"template":"","format":"standard","meta":{"footnotes":""},"categories":[2],"tags":[11],"class_list":["post-164742","post","type-post","status-publish","format-standard","has-post-thumbnail","hentry","category-politics","tag-digi24"],"_links":{"self":[{"href":"https:\/\/analyse.optim.biz\/index.php?rest_route=\/wp\/v2\/posts\/164742","targetHints":{"allow":["GET"]}}],"collection":[{"href":"https:\/\/analyse.optim.biz\/index.php?rest_route=\/wp\/v2\/posts"}],"about":[{"href":"https:\/\/analyse.optim.biz\/index.php?rest_route=\/wp\/v2\/types\/post"}],"author":[{"embeddable":true,"href":"https:\/\/analyse.optim.biz\/index.php?rest_route=\/wp\/v2\/users\/1"}],"replies":[{"embeddable":true,"href":"https:\/\/analyse.optim.biz\/index.php?rest_route=%2Fwp%2Fv2%2Fcomments&post=164742"}],"version-history":[{"count":0,"href":"https:\/\/analyse.optim.biz\/index.php?rest_route=\/wp\/v2\/posts\/164742\/revisions"}],"wp:featuredmedia":[{"embeddable":true,"href":"https:\/\/analyse.optim.biz\/index.php?rest_route=\/wp\/v2\/media\/164743"}],"wp:attachment":[{"href":"https:\/\/analyse.optim.biz\/index.php?rest_route=%2Fwp%2Fv2%2Fmedia&parent=164742"}],"wp:term":[{"taxonomy":"category","embeddable":true,"href":"https:\/\/analyse.optim.biz\/index.php?rest_route=%2Fwp%2Fv2%2Fcategories&post=164742"},{"taxonomy":"post_tag","embeddable":true,"href":"https:\/\/analyse.optim.biz\/index.php?rest_route=%2Fwp%2Fv2%2Ftags&post=164742"}],"curies":[{"name":"wp","href":"https:\/\/api.w.org\/{rel}","templated":true}]}}