{"id":164739,"date":"2016-05-03T12:12:08","date_gmt":"2016-05-03T09:12:08","guid":{"rendered":"https:\/\/analyse.optim.biz\/?p=164739"},"modified":"2016-05-03T12:12:08","modified_gmt":"2016-05-03T09:12:08","slug":"alina-gorghiu-situatia-din-psd-mai-urata-decat-vremea-de-afara","status":"publish","type":"post","link":"https:\/\/analyse.optim.biz\/?p=164739","title":{"rendered":"Alina Gorghiu: Situa\u0163ia din PSD, mai ur\u00e2t\u0103 dec\u00e2t vremea de afar\u0103"},"content":{"rendered":"<div class=\"entry data-app-meta data-app-meta-article\" data-embed-base-url-canonical=\"https:\/\/www.digi24.ro\/embed\/stiri\/actualitate\/politica\/alina-gorghiu-situatia-din-psd-mai-urata-decat-vremea-de-afara-513213\">\n<p data-index=\"1\"><img decoding=\"async\" src=\"https:\/\/analyse.optim.biz\/wp-content\/uploads\/2024\/09\/ptgwmczoyxnoptmxzgrjmdcwymm1ndviytdkndhkzdkyzjqxntc0zjq5-thumb_.jpg\" data-skip-htmlfix=\"1\" title=\"ptgwmczoyxnoptmxzgrjmdcwymm1ndviytdkndhkzdkyzjqxntc0zjq5-thumb_\"><\/p>\n<p data-index=\"2\">Alina Gorghiu a afirmat c\u0103 &#8220;suntem \u00eentr-un context politic f\u0103r\u0103 precedent din pricina situa\u0163iei din PSD, chiar mai ur\u00e2t dec\u00e2t e vremea de afar\u0103. Problema nu este revocarea domnului Zgonea, care \u00eenc\u0103 mai este pre\u015fedinte al Camerei Deputa\u0163ilor, problema \u00een sine o reprezint\u0103 situa\u0163ia din PSD (&#8230;). PSD \u0163ine \u00een conducerea sa ni\u015fte persoane, un pre\u015fedinte, un secretar general \u015fi mul\u0163i al\u0163i lideri care vor candida la alegerile locale, fie condamna\u0163i definitiv, fie cu probleme \u00een justi\u0163ie. Pe acest fond, evident c\u0103 singura m\u0103sur\u0103 de reform\u0103 pe care au considerat necesar a o lua este excluderea lui Valeriu Zgonea la prima sa exprimare liber\u0103 \u00een partid \u015fi pe cale de consecin\u0163\u0103 revocarea sa din func\u0163ia de pre\u015fedinte al Camerei Deputa\u0163ilor&#8221;.<\/p>\n<p data-index=\"3\">Copre\u015fedintele PNL a spus c\u0103 partidul s\u0103u nu mai poate avea rela\u0163ii institu\u0163ionale cu PSD: &#8220;\u00cen acest moment este imposibil s\u0103 se mai pun\u0103 problema s\u0103 avem rela\u0163ii institu\u0163ionale cu PSD, at\u00e2ta timp c\u00e2t acest partid reu\u015fe\u015fte at\u00e2t la nivel parlamentar, c\u00e2t \u015fi \u00een absolut orice fel de altfel de raportare s\u0103 formeze unanimit\u0103\u0163i anti-justi\u0163ie, anti-bun sim\u0163, anti-democra\u0163ie&#8221;.<\/p>\n<p data-index=\"4\">\u00centrebat\u0103 dac\u0103 PNL va vota pentru revocarea lui Valeriu Zgonea \u015fi dac\u0103 forma\u0163iunea liberal\u0103 va avea un candidat propriu la \u015fefia Camerei Deputa\u0163ilor, Alina Gorghiu a r\u0103spuns: &#8220;Nu am discutat \u00een partid despre ce se va \u00eent\u00e2mpla, pentru c\u0103 firesc este s\u0103 discut\u0103m \u00een momentul \u00een care se demareaz\u0103 procedura (&#8230;). Orice coleg de-al meu parlamentar \u00een acest moment este \u015fapte capete peste propunerea cu care va veni PSD-ul, indiferent care este ea&#8221;.<\/p>\n<\/div>\n<p> Source URL: https:\/\/www.digi24.ro\/stiri\/actualitate\/politica\/alina-gorghiu-situatia-din-psd-mai-urata-decat-vremea-de-afara-513213<\/p>\n","protected":false},"excerpt":{"rendered":"<p>Alina Gorghiu a afirmat c\u0103 &#8220;suntem \u00eentr-un context politic f\u0103r\u0103 precedent din pricina situa\u0163iei din PSD, chiar mai ur\u00e2t dec\u00e2t e vremea de afar\u0103. Problema nu este revocarea domnului Zgonea, care \u00eenc\u0103 mai este pre\u015fedinte al Camerei Deputa\u0163ilor, problema \u00een sine o reprezint\u0103 situa\u0163ia din PSD (&#8230;). PSD \u0163ine \u00een conducerea sa ni\u015fte persoane, un [&hellip;]<\/p>\n","protected":false},"author":1,"featured_media":164740,"comment_status":"open","ping_status":"","sticky":false,"template":"","format":"standard","meta":{"footnotes":""},"categories":[2],"tags":[11],"class_list":["post-164739","post","type-post","status-publish","format-standard","has-post-thumbnail","hentry","category-politics","tag-digi24"],"_links":{"self":[{"href":"https:\/\/analyse.optim.biz\/index.php?rest_route=\/wp\/v2\/posts\/164739","targetHints":{"allow":["GET"]}}],"collection":[{"href":"https:\/\/analyse.optim.biz\/index.php?rest_route=\/wp\/v2\/posts"}],"about":[{"href":"https:\/\/analyse.optim.biz\/index.php?rest_route=\/wp\/v2\/types\/post"}],"author":[{"embeddable":true,"href":"https:\/\/analyse.optim.biz\/index.php?rest_route=\/wp\/v2\/users\/1"}],"replies":[{"embeddable":true,"href":"https:\/\/analyse.optim.biz\/index.php?rest_route=%2Fwp%2Fv2%2Fcomments&post=164739"}],"version-history":[{"count":0,"href":"https:\/\/analyse.optim.biz\/index.php?rest_route=\/wp\/v2\/posts\/164739\/revisions"}],"wp:featuredmedia":[{"embeddable":true,"href":"https:\/\/analyse.optim.biz\/index.php?rest_route=\/wp\/v2\/media\/164740"}],"wp:attachment":[{"href":"https:\/\/analyse.optim.biz\/index.php?rest_route=%2Fwp%2Fv2%2Fmedia&parent=164739"}],"wp:term":[{"taxonomy":"category","embeddable":true,"href":"https:\/\/analyse.optim.biz\/index.php?rest_route=%2Fwp%2Fv2%2Fcategories&post=164739"},{"taxonomy":"post_tag","embeddable":true,"href":"https:\/\/analyse.optim.biz\/index.php?rest_route=%2Fwp%2Fv2%2Ftags&post=164739"}],"curies":[{"name":"wp","href":"https:\/\/api.w.org\/{rel}","templated":true}]}}