{"id":164736,"date":"2016-05-03T13:07:14","date_gmt":"2016-05-03T10:07:14","guid":{"rendered":"https:\/\/analyse.optim.biz\/?p=164736"},"modified":"2016-05-03T13:07:14","modified_gmt":"2016-05-03T10:07:14","slug":"alina-gorghiu-il-critica-pe-vlad-alexandrescu-acest-ministru-s-a-compromis","status":"publish","type":"post","link":"https:\/\/analyse.optim.biz\/?p=164736","title":{"rendered":"Alina Gorghiu \u00eel critic\u0103 pe Vlad Alexandrescu: Acest ministru s-a compromis\u00a0"},"content":{"rendered":"<div class=\"entry data-app-meta data-app-meta-article\" data-embed-base-url-canonical=\"https:\/\/www.digi24.ro\/embed\/stiri\/actualitate\/politica\/alina-gorghiu-il-critica-pe-vlad-alexandrescu-acest-ministru-s-a-compromis-513283\">\n<p data-index=\"1\"><img decoding=\"async\" src=\"https:\/\/analyse.optim.biz\/wp-content\/uploads\/2024\/09\/mczoyxnoptlhmjfkytk1odu2y2i2nmm1njllnwvjodzin2u0nthj-thumb_.jpg\" data-skip-htmlfix=\"1\" title=\"mczoyxnoptlhmjfkytk1odu2y2i2nmm1njllnwvjodzin2u0nthj-thumb_\"><\/p>\n<p data-index=\"2\"><em>\u201eAcest ministru s-a compromis nu prin ce a f\u0103cut \u00een mod special la minister, ci prin comportamentul din ultimele zile. Eu cred c\u0103 este \u00eenc\u0103 o dovad\u0103 a lipsei de coagulare a acestui Cabinet. Eu nu sunt adepta depe\u0219elor trimise ocult c\u0103tre un ONG, care, s\u0103 vede\u021bi surpriz\u0103, acea depe\u0219\u0103 ajunge la pres\u0103, e publicat\u0103 de toat\u0103 presa, &#8220;nu-mi mai dau demisia pe care mi-am dat-o pe Facebook, parc\u0103 a\u0219 vrea s\u0103 r\u0103m\u00e2n&#8221;, dup\u0103 care iese premierul \u00een prima zi sau a doua zi de Pa\u0219te \u0219i-mi spune c\u0103 voi fi revocat. Este o lips\u0103 de coeren\u021b\u0103 la nivel guvernamental&#8221;<\/em>, a declarat Alina Gorghiu la <a href=\"http:\/\/www.rfi.ro\/\" target=\"_blank\" data-skip-linkfix=\"1\" rel=\"noopener\">RFI.<\/a>\u00a0<\/p>\n<p data-index=\"3\">De asemenea, liderul PNL a spus c\u0103 dac\u0103 acuza\u021biile aduse de Vlad Alexandrescu sunt adev\u0103rate, atunci acesta \u0219i premierul Dacian Ciolo\u0219 trebuie s\u0103 poarte o discu\u021bie. \u00cen scrisoarea c\u0103trea Grupul pentru Dialog Social, Vlad Alexandrescu a spus c\u0103 au fost \u00eencerc\u0103ri de intimidare din partea unor colegi din Guvern pe parcursul mandatului s\u0103u.<\/p>\n<p data-index=\"4\"><em>\u201eDac\u0103 acele fapte pe care ministrul le invoc\u0103 a fi s\u0103v\u00e2r\u0219ite de c\u0103tre colegi din Cabinet sau alte structuri sunt adev\u0103rate, atunci chiar m\u0103 a\u0219tept la o discu\u021bie foarte serioas\u0103 \u00eentre prim-ministru \u0219i acest ministru, indiferent c\u0103-l revoc\u0103 sau nu&#8221;<\/em>, a afirmat Gorghiu.<\/p>\n<p data-index=\"5\">Premierul Dacian Ciolo\u0219 va trimite ast\u0103zi pre\u0219edintelui Klaus Iohannis decizia de revocare din func\u021bie a lui Vlad Alexandrescu odat\u0103 cu o nou\u0103 propunere pentru Ministerul Culturii. Prim-ministrul a anun\u021bat, s\u00e2mb\u0103t\u0103, pe Facebook c\u0103 \u00eel va revoca pe Vlad Alexandrescu, dup\u0103 ce \u00een pres\u0103 a ap\u0103rut scrisoarea ministrului \u00een care denun\u021ba \u00eencerc\u0103ri de intimidare.\u00a0<\/p>\n<h5>Citi\u021bi \u0219i:\u00a0<\/h5>\n<h5><a href=\"https:\/\/www.digi24.ro\/Stiri\/Digi24\/Actualitate\/Politica\/Ministrul+Culturii+a+mers+azi+la+serviciu+As+dori+sa+raman\" target=\"_blank\" data-skip-linkfix=\"1\" rel=\"noopener\">Ministrul Culturii a mers azi la serviciu: \u201eA\u015f dori s\u0103 r\u0103m\u00e2n&#8221;<\/a><\/h5>\n<h5><a href=\"https:\/\/www.digi24.ro\/Stiri\/Digi24\/Actualitate\/Politica\/Premierul+anunta+astazi+noul+ministrul+al+Culturii\" target=\"_blank\" data-skip-linkfix=\"1\" rel=\"noopener\">Premierul anun\u021b\u0103 ast\u0103zi noul ministru al Culturii<\/a><\/h5>\n<h5><a href=\"https:\/\/www.digi24.ro\/Stiri\/Digi24\/Actualitate\/Politica\/Vlad+Alexandrescu+ministrul+Culturii+va+fi+revocat\" target=\"_blank\" data-skip-linkfix=\"1\" rel=\"noopener\">Ministrul Culturii va fi revocat. Dacian Ciolo\u0219: \u201eNimeni nu are proprietatea absolut\u0103 a reformelor, nici m\u0103car eu\u201d<\/a><\/h5>\n<\/div>\n<p> Source URL: https:\/\/www.digi24.ro\/stiri\/actualitate\/politica\/alina-gorghiu-il-critica-pe-vlad-alexandrescu-acest-ministru-s-a-compromis-513283<\/p>\n","protected":false},"excerpt":{"rendered":"<p>\u201eAcest ministru s-a compromis nu prin ce a f\u0103cut \u00een mod special la minister, ci prin comportamentul din ultimele zile. Eu cred c\u0103 este \u00eenc\u0103 o dovad\u0103 a lipsei de coagulare a acestui Cabinet. Eu nu sunt adepta depe\u0219elor trimise ocult c\u0103tre un ONG, care, s\u0103 vede\u021bi surpriz\u0103, acea depe\u0219\u0103 ajunge la pres\u0103, e publicat\u0103 [&hellip;]<\/p>\n","protected":false},"author":1,"featured_media":164737,"comment_status":"open","ping_status":"","sticky":false,"template":"","format":"standard","meta":{"footnotes":""},"categories":[2],"tags":[11],"class_list":["post-164736","post","type-post","status-publish","format-standard","has-post-thumbnail","hentry","category-politics","tag-digi24"],"_links":{"self":[{"href":"https:\/\/analyse.optim.biz\/index.php?rest_route=\/wp\/v2\/posts\/164736","targetHints":{"allow":["GET"]}}],"collection":[{"href":"https:\/\/analyse.optim.biz\/index.php?rest_route=\/wp\/v2\/posts"}],"about":[{"href":"https:\/\/analyse.optim.biz\/index.php?rest_route=\/wp\/v2\/types\/post"}],"author":[{"embeddable":true,"href":"https:\/\/analyse.optim.biz\/index.php?rest_route=\/wp\/v2\/users\/1"}],"replies":[{"embeddable":true,"href":"https:\/\/analyse.optim.biz\/index.php?rest_route=%2Fwp%2Fv2%2Fcomments&post=164736"}],"version-history":[{"count":0,"href":"https:\/\/analyse.optim.biz\/index.php?rest_route=\/wp\/v2\/posts\/164736\/revisions"}],"wp:featuredmedia":[{"embeddable":true,"href":"https:\/\/analyse.optim.biz\/index.php?rest_route=\/wp\/v2\/media\/164737"}],"wp:attachment":[{"href":"https:\/\/analyse.optim.biz\/index.php?rest_route=%2Fwp%2Fv2%2Fmedia&parent=164736"}],"wp:term":[{"taxonomy":"category","embeddable":true,"href":"https:\/\/analyse.optim.biz\/index.php?rest_route=%2Fwp%2Fv2%2Fcategories&post=164736"},{"taxonomy":"post_tag","embeddable":true,"href":"https:\/\/analyse.optim.biz\/index.php?rest_route=%2Fwp%2Fv2%2Ftags&post=164736"}],"curies":[{"name":"wp","href":"https:\/\/api.w.org\/{rel}","templated":true}]}}