{"id":164724,"date":"2016-05-03T13:40:33","date_gmt":"2016-05-03T10:40:33","guid":{"rendered":"https:\/\/analyse.optim.biz\/?p=164724"},"modified":"2016-05-03T13:40:33","modified_gmt":"2016-05-03T10:40:33","slug":"v-zgonea-sa-ne-uitam-la-legalitatea-deciziei-de-saptamana-trecuta-asa-si-presedintele-partidului-poate-fi-dat-afara","status":"publish","type":"post","link":"https:\/\/analyse.optim.biz\/?p=164724","title":{"rendered":"V. Zgonea: S\u0103 ne uit\u0103m la legalitatea deciziei de s\u0103pt\u0103m\u00e2na trecut\u0103. A\u015fa, \u015fi pre\u015fedintele partidului poate fi dat afar\u0103"},"content":{"rendered":"<div class=\"entry data-app-meta data-app-meta-article\" data-embed-base-url-canonical=\"https:\/\/www.digi24.ro\/embed\/stiri\/actualitate\/politica\/v-zgonea-sa-ne-uitam-la-legalitatea-deciziei-de-saptamana-trecuta-asa-si-presedintele-partidului-poate-fi-dat-afara-513298\">\n<p data-index=\"1\">\u00a0<img decoding=\"async\" src=\"https:\/\/analyse.optim.biz\/wp-content\/uploads\/2024\/09\/dz04mdamagfzad0yytbmmdy2odgwyzmyodkxzdg0zgu3m2ixndzmote1oa-thumb_.jpg\" data-skip-htmlfix=\"1\" title=\"dz04mdamagfzad0yytbmmdy2odgwyzmyodkxzdg0zgu3m2ixndzmote1oa-thumb_\"><\/p>\n<p data-index=\"2\"><strong><br \/><\/strong><\/p>\n<p data-index=\"3\"><strong>ACTUALIZARE 14.16.<\/strong> \u201eAm pus aceast\u0103 postare ca s\u0103 vad\u0103 opinia public\u0103 cum este aleas\u0103 conducerea unui partid democratic \u00een Rom\u00e2nia dup\u0103 1989, care sunt valorile, principiile \u015fi cum e validat un pre\u015fedinte de partid, cum e ales pre\u015fedintele executiv sau vicepre\u015fedintele. Am pus \u00een antitez\u0103 c\u00e2t de u\u015for poate fi exlus un membru de partid.<\/p>\n<p data-index=\"4\">Puteam s\u0103 dau trimitere la art 129, care copiaz\u0103 libertatea de expresie \u00eentr-un partid democratic \u015fi care candideaz\u0103 \u00een alegeri.<\/p>\n<p data-index=\"5\">A\u015ftept din partea conducerii PSD- pe care o respect, un document \u00een care s\u0103 explice tuturor, \u015fi mie, cum poate fi sanc\u0163ionat\u0103 libertatea de expresie \u00een 2016 \u00eentr-un partid democratic.<\/p>\n<p data-index=\"6\">A\u015fa, \u015fi pre\u015fedintele partidului poate fi dat afar\u0103 c\u00e2nd exprim\u0103 o alt\u0103 opinie\u201d, a declarat azi Valeriu Zgonea.<\/p>\n<hr>\n<p data-index=\"7\">&#8220;V\u0103 mul\u0163umesc mult tuturor, dragi prieteni, pentru ur\u0103rile voastre telefonice, pentru sms-uri \u015fi mesajele de \u00eencurajare, inclusiv pe Facebook. \u015ei eu v\u0103 urez toate cele bune! Acum, c\u0103 a trecut S\u0103pt\u0103m\u00e2na Patimilor \u015fi am petrecut \u00een familie Sfintele s\u0103rb\u0103tori de Pa\u015fti, e momentul s\u0103 nu uit\u0103m de valori, inclusiv \u00een politic\u0103. Legalitatea e una din aceste valori, haide\u0163i s\u0103 ne uit\u0103m pu\u0163in la legalitatea deciziei de s\u0103pt\u0103m\u00e2na trecut\u0103. (art. 120 din Statut)&#8221;, a scris Valeriu Zgonea pe pagina de Facebook.<\/p>\n<p data-index=\"8\">Potrivit acestui articol, pre\u015fedintele executiv al partidului este pus \u00een func\u0163ie \u015fi revocat de congres.<\/p>\n<p data-index=\"9\">Un alt articol \u00eens\u0103 prevede c\u0103 excluderea este f\u0103cut\u0103 de comitetul executiv.<\/p>\n<p data-index=\"10\">Valeriu Zgonea a fost exlus din PSD s\u0103pt\u0103m\u00e2na trecut\u0103, printr-o decizie a Comitetului Executiv Na\u0163ional, votat\u0103 \u00een unanimitate.<\/p>\n<p data-index=\"11\">Decizia de excludere a fost luat\u0103 dup\u0103 ce Zgonea i-a cerut demisia lui Liviu Dragnea din func\u0163ia de pre\u015fedinte al PSD, ca urmare a condamn\u0103rii definitive la doi ani de \u00eenchisoare cu suspendare \u00een dosarul &#8220;Referendumul&#8221;.<\/p>\n<p data-index=\"12\"><strong>Citi\u0163i \u015fi:<\/strong><\/p>\n<p data-index=\"13\"><a href=\"https:\/\/www.digi24.ro\/Stiri\/Digi24\/Actualitate\/Politica\/Social-democratii+au+decis+in+unanimitate+sa+ceara+revocarea+lui\" target=\"_blank\" data-skip-linkfix=\"1\" rel=\"noopener\"><strong><span>Social-democra\u0163ii au decis \u00een unanimitate s\u0103 cear\u0103 revocarea lui V. Zgonea de la conducerea Camerei<\/span><\/strong><\/a><\/p>\n<p data-index=\"14\"><strong>\u00a0<\/strong><\/p>\n<\/div>\n<p> Source URL: https:\/\/www.digi24.ro\/stiri\/actualitate\/politica\/v-zgonea-sa-ne-uitam-la-legalitatea-deciziei-de-saptamana-trecuta-asa-si-presedintele-partidului-poate-fi-dat-afara-513298<\/p>\n","protected":false},"excerpt":{"rendered":"<p>\u00a0 ACTUALIZARE 14.16. \u201eAm pus aceast\u0103 postare ca s\u0103 vad\u0103 opinia public\u0103 cum este aleas\u0103 conducerea unui partid democratic \u00een Rom\u00e2nia dup\u0103 1989, care sunt valorile, principiile \u015fi cum e validat un pre\u015fedinte de partid, cum e ales pre\u015fedintele executiv sau vicepre\u015fedintele. Am pus \u00een antitez\u0103 c\u00e2t de u\u015for poate fi exlus un membru de [&hellip;]<\/p>\n","protected":false},"author":1,"featured_media":164725,"comment_status":"open","ping_status":"","sticky":false,"template":"","format":"standard","meta":{"footnotes":""},"categories":[2],"tags":[11],"class_list":["post-164724","post","type-post","status-publish","format-standard","has-post-thumbnail","hentry","category-politics","tag-digi24"],"_links":{"self":[{"href":"https:\/\/analyse.optim.biz\/index.php?rest_route=\/wp\/v2\/posts\/164724","targetHints":{"allow":["GET"]}}],"collection":[{"href":"https:\/\/analyse.optim.biz\/index.php?rest_route=\/wp\/v2\/posts"}],"about":[{"href":"https:\/\/analyse.optim.biz\/index.php?rest_route=\/wp\/v2\/types\/post"}],"author":[{"embeddable":true,"href":"https:\/\/analyse.optim.biz\/index.php?rest_route=\/wp\/v2\/users\/1"}],"replies":[{"embeddable":true,"href":"https:\/\/analyse.optim.biz\/index.php?rest_route=%2Fwp%2Fv2%2Fcomments&post=164724"}],"version-history":[{"count":0,"href":"https:\/\/analyse.optim.biz\/index.php?rest_route=\/wp\/v2\/posts\/164724\/revisions"}],"wp:featuredmedia":[{"embeddable":true,"href":"https:\/\/analyse.optim.biz\/index.php?rest_route=\/wp\/v2\/media\/164725"}],"wp:attachment":[{"href":"https:\/\/analyse.optim.biz\/index.php?rest_route=%2Fwp%2Fv2%2Fmedia&parent=164724"}],"wp:term":[{"taxonomy":"category","embeddable":true,"href":"https:\/\/analyse.optim.biz\/index.php?rest_route=%2Fwp%2Fv2%2Fcategories&post=164724"},{"taxonomy":"post_tag","embeddable":true,"href":"https:\/\/analyse.optim.biz\/index.php?rest_route=%2Fwp%2Fv2%2Ftags&post=164724"}],"curies":[{"name":"wp","href":"https:\/\/api.w.org\/{rel}","templated":true}]}}