{"id":164713,"date":"2016-05-03T13:49:37","date_gmt":"2016-05-03T10:49:37","guid":{"rendered":"https:\/\/analyse.optim.biz\/?p=164713"},"modified":"2016-05-03T13:49:37","modified_gmt":"2016-05-03T10:49:37","slug":"corina-suteu-propusa-la-ministerul-culturii","status":"publish","type":"post","link":"https:\/\/analyse.optim.biz\/?p=164713","title":{"rendered":"Corina \u0218uteu, propus\u0103 la Ministerul Culturii\u00a0"},"content":{"rendered":"<div class=\"entry data-app-meta data-app-meta-article\" data-embed-base-url-canonical=\"https:\/\/www.digi24.ro\/embed\/stiri\/actualitate\/politica\/corina-suteu-propusa-la-ministerul-culturii-513303\">\n<p data-index=\"1\">Guvernul a precizat, <a href=\"http:\/\/gov.ro\/ro\/stiri\/comunicat-de-presa1462272394\" target=\"_blank\" data-skip-linkfix=\"1\" rel=\"noopener\">\u00eentr-un comunicat<\/a>, c\u0103 numirea Corinei \u0218uteu la Ministerul Culturii exprim\u0103 \u201edorin\u021ba de continua procesul de reform\u0103\u201d.\u00a0<\/p>\n<p data-index=\"2\">\u201eA\u0219a cum am anun\u021bat s\u0103pt\u0103m\u00e2na trecut\u0103, am decis ast\u0103zi revocarea domnului Vlad Alexandrescu din func\u021bia de ministru al Culturii. De asemenea, am trimis ast\u0103zi domnului pre\u0219edinte Klaus Iohannis propunerea pentru numirea \u00een functia de ministru al Culturii a doamnei Corina \u0218uteu, \u00een dorin\u021ba de a continua procesul de reform\u0103\u201d, se arat\u0103 \u00eentr-un comunicat al Guvernului.\u00a0<\/p>\n<p data-index=\"3\">Corina \u015euteu este \u00een prezent secretar de stat \u00een Ministerul Culturii, \u00een echipa lui Vlad Alexandrescu. Ea a fost director al Institutului Cultural Rom\u00e2n New York \u00een perioada 2006-2012.\u00a0<\/p>\n<p data-index=\"4\">Ea \u0219i-a \u00eenceput cariera \u00een calitate de critic de teatru \u00een Rom\u00e2nia. \u00cen 1991, a devenit directorul Uniunii Teatrale din Rom\u00e2nia (UNITER), dup\u0103 ce \u0219i-a manifestat interesul fa\u021b\u0103 de sectorul de management cultural.<\/p>\n<p data-index=\"5\">\u00cen 1995, Corina \u0218uteu a preluat \u0219efia Forumului re\u021belelor culturale europene. \u00cen 1998 a fondat asocia\u021bia ECUMEST.<\/p>\n<p data-index=\"6\">Vlad Alexandrescu a precizat, vineri, c\u0103 secretarul de stat Corina \u0218uteu este persoana potrivit\u0103 pentru a-i continua reformele.\u00a0<\/p>\n<p data-index=\"7\"><em>\u201eEu cred c\u0103 echipa pe care am adunat-o la Ministerul Culturii este o echip\u0103 foarte performant\u0103 care are multe componente, multe valen\u0163e. To\u0163i sunt foarte buni. Pe Corina \u015euteu am rugat-o s\u0103 ni se al\u0103ture \u00eenc\u0103 din februarie. \u015ei a lucrat foarte mult pe partea de cultur\u0103 vie \u015fi eu cred c\u0103 ar putea s\u0103 duc\u0103 mai departe reforma pe care am \u00eenceput-o\u201d,<\/em> a spus Vlad Alexandrescu.<\/p>\n<h5><span>Vlad Alexandrescu, revocat din func\u021bie<\/span><\/h5>\n<p data-index=\"8\">Discu\u021bii despre o posibil\u0103 demisie a lui<a href=\"https:\/\/www.digi24.ro\/Stiri\/Digi24\/Actualitate\/Politica\/Ministrul+Culturii+a+mers+azi+la+serviciu+As+dori+sa+raman\" target=\"_blank\" data-skip-linkfix=\"1\" rel=\"noopener\">\u00a0Vlad Alexandrescu<\/a>\u00a0au ap\u0103rut s\u0103pt\u0103m\u00e2na trecut\u0103, dup\u0103 ce nu a reu\u0219it s\u0103 aplaneze conflictul izbucnit la Opera Na\u021bional\u0103 din Bucure\u0219ti (ONB). \u00cen pres\u0103 a ap\u0103rut informa\u021bia c\u0103 Dacian Ciolo\u0219 i-a cerut demisia.\u00a0<\/p>\n<p data-index=\"9\">Ulterior, Vlad Alexandrescu a anun\u021bat pe Facebook c\u0103 \u00ee\u0219i depune mandatul \u0219i i-a cerut premierului s\u0103 continue reformele \u00eencepute de el. De asemenea, ministrul demisionar a trecut \u00een revist\u0103 realiz\u0103rile sale din cele \u0219ase luni de mandat.\u00a0<\/p>\n<p data-index=\"10\">\u00cen aceea\u0219i sear\u0103, circa 100 de persoane au protestat \u00een fa\u021ba Palatului Victoria fa\u021b\u0103 de demisia lui Vlad Alexandrescu. Manifest\u0103rile de sus\u021binere au continuat \u0219i pe re\u021belele de socializare.\u00a0<\/p>\n<p data-index=\"11\">Dup\u0103 aceste manifest\u0103ri,<strong>\u00a0Vlad Alexandrescu a revenit asupra deciziei sale de a demisiona \u0219i a spus c\u0103 nu \u00ee\u0219i va depune mandatul \u00eenainte de Pa\u0219ti \u0219i i-a cerut, din nou, premierului asigur\u0103ri c\u0103 reformele \u00eencepute de el vor continua.\u00a0<\/strong><\/p>\n<p data-index=\"12\">De asemenea,<strong>\u00a0\u00een pres\u0103 a ap\u0103rut o scrisoare semnat\u0103 de Vlad Alexandrescu adresat\u0103 Grupului pentru Dialog Social \u00een care a denun\u021bat \u00eencerc\u0103ri de intimidare din partea unor colegi din Guvernul Ciolo\u0219.\u00a0<\/strong><\/p>\n<p data-index=\"13\">\u00cen finalul scrisorii,\u00a0<strong>Vlad Alexandrescu i-a cerut premierului o reacordare a \u00eencrederii pentru a-\u0219i putea continua mandatul.\u00a0<\/strong><\/p>\n<p data-index=\"14\">Dup\u0103 ce aceast\u0103 scrisoare a fost f\u0103cut\u0103 public\u0103, Dacian Ciolo\u0219 a anun\u021bat c\u0103 Vlad Alexandrescu va fi revocat \u0219i a criticat ultimele sale ac\u021biuni.\u00a0<\/p>\n<p data-index=\"15\"><strong><br \/><\/strong><\/p>\n<\/div>\n<p> Source URL: https:\/\/www.digi24.ro\/stiri\/actualitate\/politica\/corina-suteu-propusa-la-ministerul-culturii-513303<\/p>\n","protected":false},"excerpt":{"rendered":"<p>Guvernul a precizat, \u00eentr-un comunicat, c\u0103 numirea Corinei \u0218uteu la Ministerul Culturii exprim\u0103 \u201edorin\u021ba de continua procesul de reform\u0103\u201d.\u00a0 \u201eA\u0219a cum am anun\u021bat s\u0103pt\u0103m\u00e2na trecut\u0103, am decis ast\u0103zi revocarea domnului Vlad Alexandrescu din func\u021bia de ministru al Culturii. De asemenea, am trimis ast\u0103zi domnului pre\u0219edinte Klaus Iohannis propunerea pentru numirea \u00een functia de ministru al [&hellip;]<\/p>\n","protected":false},"author":1,"featured_media":164714,"comment_status":"open","ping_status":"","sticky":false,"template":"","format":"standard","meta":{"footnotes":""},"categories":[2],"tags":[11],"class_list":["post-164713","post","type-post","status-publish","format-standard","has-post-thumbnail","hentry","category-politics","tag-digi24"],"_links":{"self":[{"href":"https:\/\/analyse.optim.biz\/index.php?rest_route=\/wp\/v2\/posts\/164713","targetHints":{"allow":["GET"]}}],"collection":[{"href":"https:\/\/analyse.optim.biz\/index.php?rest_route=\/wp\/v2\/posts"}],"about":[{"href":"https:\/\/analyse.optim.biz\/index.php?rest_route=\/wp\/v2\/types\/post"}],"author":[{"embeddable":true,"href":"https:\/\/analyse.optim.biz\/index.php?rest_route=\/wp\/v2\/users\/1"}],"replies":[{"embeddable":true,"href":"https:\/\/analyse.optim.biz\/index.php?rest_route=%2Fwp%2Fv2%2Fcomments&post=164713"}],"version-history":[{"count":0,"href":"https:\/\/analyse.optim.biz\/index.php?rest_route=\/wp\/v2\/posts\/164713\/revisions"}],"wp:featuredmedia":[{"embeddable":true,"href":"https:\/\/analyse.optim.biz\/index.php?rest_route=\/wp\/v2\/media\/164714"}],"wp:attachment":[{"href":"https:\/\/analyse.optim.biz\/index.php?rest_route=%2Fwp%2Fv2%2Fmedia&parent=164713"}],"wp:term":[{"taxonomy":"category","embeddable":true,"href":"https:\/\/analyse.optim.biz\/index.php?rest_route=%2Fwp%2Fv2%2Fcategories&post=164713"},{"taxonomy":"post_tag","embeddable":true,"href":"https:\/\/analyse.optim.biz\/index.php?rest_route=%2Fwp%2Fv2%2Ftags&post=164713"}],"curies":[{"name":"wp","href":"https:\/\/api.w.org\/{rel}","templated":true}]}}