{"id":164710,"date":"2016-05-03T14:29:36","date_gmt":"2016-05-03T11:29:36","guid":{"rendered":"https:\/\/analyse.optim.biz\/?p=164710"},"modified":"2016-05-03T14:29:36","modified_gmt":"2016-05-03T11:29:36","slug":"cine-este-corina-suteu-propunerea-premierului-pentru-ministerul-culturii","status":"publish","type":"post","link":"https:\/\/analyse.optim.biz\/?p=164710","title":{"rendered":"Cine este Corina \u0218uteu, propunerea premierului pentru Ministerul Culturii\u00a0"},"content":{"rendered":"<div class=\"entry data-app-meta data-app-meta-article\" data-embed-base-url-canonical=\"https:\/\/www.digi24.ro\/embed\/stiri\/actualitate\/politica\/cine-este-corina-suteu-propunerea-premierului-pentru-ministerul-culturii-513318\">\n<p data-index=\"1\"><img decoding=\"async\" src=\"https:\/\/analyse.optim.biz\/wp-content\/uploads\/2024\/09\/jmhhc2g9nwy4mwqyndk0njfiywi4ythlyzuzyzlizjhkmzm0nte-thumb_.jpg\" data-skip-htmlfix=\"1\" title=\"jmhhc2g9nwy4mwqyndk0njfiywi4ythlyzuzyzlizjhkmzm0nte-thumb_\"><\/p>\n<p data-index=\"2\">\u00a0<span><em>Foto: Facebook<\/em><\/span><\/p>\n<h5>Corina \u015euteu, noua propunere pentru Ministerul Culturii<\/h5>\n<p data-index=\"3\">Corina \u015euteu a fost director al Institutului Cultural Rom\u00e2n New York, dar \u015fi \u015fefa UNITER \u015fi a fost recomandat\u0103 chiar de c\u0103tre ministrul demisionar Vlad Alexandrescu.<\/p>\n<p data-index=\"4\">Corina \u015euteu a fost implicat\u0103 \u00een numeroase proiecte culturale, precum \u201eBucure\u015fti, Capitala european\u0103 a culturii 2021&#8243;, iar \u00een Guvernul Ciolo\u015f aceasta s-a ocupat de politici \u015fi strategii pentru cultur\u0103. Totodat\u0103, s-a luptat \u015fi pentru modificarea Legii Cinematografiei.<\/p>\n<p data-index=\"5\">De altfel, noua propunere pentru portofoliul de la Cultur\u0103 \u015fi-a \u00eenceput cariera \u00een calitate de critic de teatru \u00een Rom\u00e2nia.\u00a0<\/p>\n<p data-index=\"6\">Corina \u0218uteu absolvit Facultatea de Litere, specializarea rom\u00e2n\u0103-englez\u0103 la Universitatea Bucure\u0219ti (1983) \u0219i un master \u00een management cultural, Mastere Sp\u00e9cialis\u00e9 Europ\u00e9en en Management des Entreprises Culturelles (Dijon, Fran\u021ba) (1991), potrivit <a href=\"http:\/\/www.agerpres.ro\/\" target=\"_blank\" data-skip-linkfix=\"1\" rel=\"noopener\">Agerpres.<\/a><\/p>\n<p data-index=\"7\">Dup\u0103 terminarea studiilor, a fost profesor de rom\u00e2n\u0103-englez\u0103\u00a0la Liceul Agro-industrial F\u0103g\u0103ra\u0219 (1983-1987) \u0219i redactor la Revista \u201eTeatrul&#8221; (1987-1989).<\/p>\n<p data-index=\"8\">A ocupat func\u021bia de director al Uniunii Teatrale din Rom\u00e2nia (1991-1993) \u0219i al Theatrum Mundi, \u00een prezent, Metropolis (1993-1995).<\/p>\n<p data-index=\"9\">A fost director al Masterului Specializat \u00een Management cultural european din Dijon, Fran\u021ba (1995-2001), pre\u0219edinte al Forumului re\u021belelor culturale europene (1995-2002) \u0219i director al Institutului Cultural Rom\u00e2n din New York (2006-2012).<\/p>\n<p data-index=\"10\">De asemenea, Corina \u0218uteu a fost consultant pentru diverse programe ale Uniunii Europene, Consiliul Europei, UNESCO, re\u021bele culturale europene, diferite organisme culturale \u0219i de cercetare pe plan interna\u021bional: expert pentru mai multe programe ale Consiliului Europei (1991-2002); expert pentru direc\u021bia de politici culturale pe probleme de formare \u00een management cultural \u0219i politici culturale \u00een cadrul UNESCO (1995-2005); expert \u00een cadrul UE, contribuind la studiul despre mobilitatea arti\u0219tilor \u00een Europa (1998-2005); expert coordonator pentru proiectul de educa\u021bie permanent\u0103 a profesioni\u0219tilor \u00een cadrul programului Phare &#8220;Dimensiunea Cultural\u0103 a Democra\u021biei&#8221; (2000); expert na\u021bional pentru studiul &#8220;The State of Cultural Cooperation in Europe&#8221;, realizat la solicitarea Comisiei Europene (2003).<\/p>\n<p data-index=\"11\">A fondat \u0219i a condus Asocia\u021bia cultural\u0103 ECUMEST (1998-2005), specializat\u0103 \u00een politici culturale, care a militat pentru pentru emanciparea institu\u021bional\u0103 a sectorului culturii \u00een Romania \u0219i \u00een Europa central\u0103 \u0219i de est. Membr\u0103 \u00een comitetul de conducere al a Informal European Theatre Meeting (1992-1998).<\/p>\n<p data-index=\"12\">\u00cen 2012, a fondat, \u00eempreun\u0103 cu criticul de film Mihai Chirilov, Romanian Film Initiative, care organizeaz\u0103 Festivalul Making Waves: New Romanian Cinema.<\/p>\n<h5>Vlad Alexandrescu: Corina \u0218uteu<span>\u00a0ar putea s\u0103 duc\u0103 mai departe reforma pe care am \u00eenceput-o<\/span><\/h5>\n<p data-index=\"13\">Vlad Alexandrescu a precizat, vineri, c\u0103\u00a0numele vehiculat ca fiind succesorul s\u0103u \u00een func\u021bie &#8211; Corina \u0218uteu &#8211; corespunde standardelor sale.<\/p>\n<p data-index=\"14\">\u201e<span><em>Eu cred c\u0103 echipa pe care am adunat-o la Ministerul Culturii este o echip\u0103 foarte performant\u0103 care are multe componente, multe valen\u0163e. To\u0163i sunt foarte buni. Pe Corina \u015euteu am rugat-o s\u0103 ni se al\u0103ture \u00eenc\u0103 din februarie. \u015ei a lucrat foarte mult pe partea de cultur\u0103 vie \u015fi eu cred c\u0103 ar putea s\u0103 duc\u0103 mai departe reforma pe care am \u00eenceput-o\u201d<\/em>, a spus Vlad Alexandrescu.<\/span><\/p>\n<p data-index=\"15\">Premierul Dacian Ciolo\u0219 l-a revocat ast\u0103zi din func\u021bie pe Vlad Alexandrescu \u0219i a trimis noua propunere pentru portofoliul de la Ministerul Culturii pre\u0219edintelui Klaus Iohannis.<\/p>\n<p data-index=\"16\"><span><em>\u201eA\u0219a cum am anun\u021bat s\u0103pt\u0103m\u00e2na trecut\u0103, am decis ast\u0103zi revocarea domnului Vlad Alexandrescu din func\u021bia de ministru al Culturii. De asemenea, am trimis ast\u0103zi domnului pre\u0219edinte Klaus Iohannis propunerea pentru numirea \u00een functia de ministru al Culturii a doamnei Corina \u0218uteu, \u00een dorin\u021ba de a continua procesul de reform\u0103\u201d<\/em>, se arat\u0103 \u00eentr-un comunicat al Guvernului.\u00a0<\/span><\/p>\n<\/div>\n<p> Source URL: https:\/\/www.digi24.ro\/stiri\/actualitate\/politica\/cine-este-corina-suteu-propunerea-premierului-pentru-ministerul-culturii-513318<\/p>\n","protected":false},"excerpt":{"rendered":"<p>\u00a0Foto: Facebook Corina \u015euteu, noua propunere pentru Ministerul Culturii Corina \u015euteu a fost director al Institutului Cultural Rom\u00e2n New York, dar \u015fi \u015fefa UNITER \u015fi a fost recomandat\u0103 chiar de c\u0103tre ministrul demisionar Vlad Alexandrescu. Corina \u015euteu a fost implicat\u0103 \u00een numeroase proiecte culturale, precum \u201eBucure\u015fti, Capitala european\u0103 a culturii 2021&#8243;, iar \u00een Guvernul Ciolo\u015f [&hellip;]<\/p>\n","protected":false},"author":1,"featured_media":164711,"comment_status":"open","ping_status":"","sticky":false,"template":"","format":"standard","meta":{"footnotes":""},"categories":[2],"tags":[11],"class_list":["post-164710","post","type-post","status-publish","format-standard","has-post-thumbnail","hentry","category-politics","tag-digi24"],"_links":{"self":[{"href":"https:\/\/analyse.optim.biz\/index.php?rest_route=\/wp\/v2\/posts\/164710","targetHints":{"allow":["GET"]}}],"collection":[{"href":"https:\/\/analyse.optim.biz\/index.php?rest_route=\/wp\/v2\/posts"}],"about":[{"href":"https:\/\/analyse.optim.biz\/index.php?rest_route=\/wp\/v2\/types\/post"}],"author":[{"embeddable":true,"href":"https:\/\/analyse.optim.biz\/index.php?rest_route=\/wp\/v2\/users\/1"}],"replies":[{"embeddable":true,"href":"https:\/\/analyse.optim.biz\/index.php?rest_route=%2Fwp%2Fv2%2Fcomments&post=164710"}],"version-history":[{"count":0,"href":"https:\/\/analyse.optim.biz\/index.php?rest_route=\/wp\/v2\/posts\/164710\/revisions"}],"wp:featuredmedia":[{"embeddable":true,"href":"https:\/\/analyse.optim.biz\/index.php?rest_route=\/wp\/v2\/media\/164711"}],"wp:attachment":[{"href":"https:\/\/analyse.optim.biz\/index.php?rest_route=%2Fwp%2Fv2%2Fmedia&parent=164710"}],"wp:term":[{"taxonomy":"category","embeddable":true,"href":"https:\/\/analyse.optim.biz\/index.php?rest_route=%2Fwp%2Fv2%2Fcategories&post=164710"},{"taxonomy":"post_tag","embeddable":true,"href":"https:\/\/analyse.optim.biz\/index.php?rest_route=%2Fwp%2Fv2%2Ftags&post=164710"}],"curies":[{"name":"wp","href":"https:\/\/api.w.org\/{rel}","templated":true}]}}