{"id":164696,"date":"2016-05-03T15:30:44","date_gmt":"2016-05-03T12:30:44","guid":{"rendered":"https:\/\/analyse.optim.biz\/?p=164696"},"modified":"2016-05-03T15:30:44","modified_gmt":"2016-05-03T12:30:44","slug":"dacian-ciolos-l-am-revocat-pe-vlad-alexandrescu-regret-modul-in-care-a-ales-sa-si-incheie-mandatul","status":"publish","type":"post","link":"https:\/\/analyse.optim.biz\/?p=164696","title":{"rendered":"Dacian Ciolo\u015f: L-am revocat pe Vlad Alexandrescu. Regret modul \u00een care a ales s\u0103-\u015fi \u00eencheie mandatul"},"content":{"rendered":"<div class=\"entry data-app-meta data-app-meta-article\" data-embed-base-url-canonical=\"https:\/\/www.digi24.ro\/embed\/stiri\/actualitate\/politica\/dacian-ciolos-l-am-revocat-pe-vlad-alexandrescu-regret-modul-in-care-a-ales-sa-si-incheie-mandatul-513345\">\n<p data-index=\"1\">\u00a0<img decoding=\"async\" src=\"https:\/\/analyse.optim.biz\/wp-content\/uploads\/2024\/09\/zwzhmdc2nji1njq0ythjmzi1ntrindc4mgm0-thumb_.jpg\" data-skip-htmlfix=\"1\" title=\"zwzhmdc2nji1njq0ythjmzi1ntrindc4mgm0-thumb_\"><\/p>\n<p data-index=\"2\">\u201e<span>Regret modul \u00een care Vlad Alexandrescu a \u00een\u0163eles s\u0103 \u00ee\u015fi \u00eencheie mandatul\u201d, a ad\u0103ugat prim-ministrul.<\/span><\/p>\n<p data-index=\"3\">\u201e<span>Am propus ast\u0103zi domnului Pre\u0219edinte revocarea domnului Vlad Alexandrescu din func\u021bia de ministru al Culturii \u0219i numirea doamnei Corina \u0218uteu \u00een aceast\u0103 func\u021bie.<br \/><\/span><\/p>\n<p data-index=\"4\">Nu am s\u0103 revin asupra acestei demiteri, pentru c\u0103 modul \u00een care un ministru opereaz\u0103 \u0219i reac\u021bioneaz\u0103 \u00eentr-o situa\u021bie de criz\u0103 cum este cea de la Opera din Bucure\u0219ti este decisiv pentru capacitatea \u0219i credibilitatea sa de a-\u0219i gestiona domeniul \u0219i de a solu\u021biona ulterior situa\u021bii similare \u00eentr-un mediu profesional cum este cel al culturii. <\/p>\n<p data-index=\"5\">Regret totu\u0219i c\u0103 am ajuns aici \u0219i mai ales regret modul \u00een care domnul Alexandrescu a \u00een\u021beles s\u0103-\u0219i \u00eencheie mandatul. Dar \u021bin s\u0103-i mul\u021bumesc pentru ini\u021biativele bune pe care le-a avut \u00een acest guvern \u0219i doresc s\u0103 confirm interesul \u0219i determinarea de a continua procesul de reformare a acestui sector prin numirea doamnei \u0218uteu, pe care o cunosc de mai mult\u0103 vreme \u0219i care a lucrat la programul de reforme al ministerului culturii.<\/p>\n<p data-index=\"6\">Voi cere noului ministru s\u0103 se g\u00e2ndeasc\u0103 rapid la un cadru legislativ care s\u0103 permit\u0103 unor institu\u021bii cum este Opera Na\u021bional\u0103 s\u0103 combine abordarea de repertoriu cu cea de program \u0219i s\u0103 se deschid\u0103 spre colabor\u0103ri interna\u021bionale, oferind \u0219i valorilor din Rom\u00e2nia un statut social \u0219i financiar echilibrat \u00een raport cu calitatea muncii lor.<\/p>\n<p data-index=\"7\">Vom continua cu ini\u021biativele de subscrip\u021bie public\u0103 pentru Cumin\u021benia Pam\u00e2ntului, proiect pe care l-am sus\u021binut activ \u00eenc\u0103 din momentul \u00een care guvernul a decis s\u0103 invoce dreptul de preemptiune.<\/p>\n<p data-index=\"8\">Doresc s\u0103 fiu foarte clar: prin decizia pe care am sus\u021binut-o la sf\u00e2r\u0219itul anului trecut, Ro\u0219ia Montan\u0103 a devenit un sit de patrimoniu UNESCO de categoria A \u0219i a\u0219a va ramane. A\u0219a cum i-am spus \u0219i domnului Alexandrescu atunci c\u00e2nd a luat aceast\u0103 decizie, trebuie s\u0103 mergem mai departe de aceast\u0103 protectie \u0219i s\u0103 oferim localnicilor alternative viabile de dezvoltare.<\/p>\n<p data-index=\"9\">Imediat dup\u0103 alegerile locale inten\u021bion\u0103m s\u0103 venim cu c\u00e2teva idei \u00een acest sens.<\/p>\n<p data-index=\"10\">Pe de alt\u0103 parte, reformele \u00een domeniul patrimoniului, a cinematografiei, vor fi continuate\u201d, este mesajul premirului Dacian Ciolo\u015f. <\/p>\n<\/div>\n<p> Source URL: https:\/\/www.digi24.ro\/stiri\/actualitate\/politica\/dacian-ciolos-l-am-revocat-pe-vlad-alexandrescu-regret-modul-in-care-a-ales-sa-si-incheie-mandatul-513345<\/p>\n","protected":false},"excerpt":{"rendered":"<p>\u00a0 \u201eRegret modul \u00een care Vlad Alexandrescu a \u00een\u0163eles s\u0103 \u00ee\u015fi \u00eencheie mandatul\u201d, a ad\u0103ugat prim-ministrul. \u201eAm propus ast\u0103zi domnului Pre\u0219edinte revocarea domnului Vlad Alexandrescu din func\u021bia de ministru al Culturii \u0219i numirea doamnei Corina \u0218uteu \u00een aceast\u0103 func\u021bie. Nu am s\u0103 revin asupra acestei demiteri, pentru c\u0103 modul \u00een care un ministru opereaz\u0103 \u0219i [&hellip;]<\/p>\n","protected":false},"author":1,"featured_media":164697,"comment_status":"open","ping_status":"","sticky":false,"template":"","format":"standard","meta":{"footnotes":""},"categories":[2],"tags":[11],"class_list":["post-164696","post","type-post","status-publish","format-standard","has-post-thumbnail","hentry","category-politics","tag-digi24"],"_links":{"self":[{"href":"https:\/\/analyse.optim.biz\/index.php?rest_route=\/wp\/v2\/posts\/164696","targetHints":{"allow":["GET"]}}],"collection":[{"href":"https:\/\/analyse.optim.biz\/index.php?rest_route=\/wp\/v2\/posts"}],"about":[{"href":"https:\/\/analyse.optim.biz\/index.php?rest_route=\/wp\/v2\/types\/post"}],"author":[{"embeddable":true,"href":"https:\/\/analyse.optim.biz\/index.php?rest_route=\/wp\/v2\/users\/1"}],"replies":[{"embeddable":true,"href":"https:\/\/analyse.optim.biz\/index.php?rest_route=%2Fwp%2Fv2%2Fcomments&post=164696"}],"version-history":[{"count":0,"href":"https:\/\/analyse.optim.biz\/index.php?rest_route=\/wp\/v2\/posts\/164696\/revisions"}],"wp:featuredmedia":[{"embeddable":true,"href":"https:\/\/analyse.optim.biz\/index.php?rest_route=\/wp\/v2\/media\/164697"}],"wp:attachment":[{"href":"https:\/\/analyse.optim.biz\/index.php?rest_route=%2Fwp%2Fv2%2Fmedia&parent=164696"}],"wp:term":[{"taxonomy":"category","embeddable":true,"href":"https:\/\/analyse.optim.biz\/index.php?rest_route=%2Fwp%2Fv2%2Fcategories&post=164696"},{"taxonomy":"post_tag","embeddable":true,"href":"https:\/\/analyse.optim.biz\/index.php?rest_route=%2Fwp%2Fv2%2Ftags&post=164696"}],"curies":[{"name":"wp","href":"https:\/\/api.w.org\/{rel}","templated":true}]}}