{"id":164693,"date":"2016-05-03T16:04:25","date_gmt":"2016-05-03T13:04:25","guid":{"rendered":"https:\/\/analyse.optim.biz\/?p=164693"},"modified":"2016-05-03T16:04:25","modified_gmt":"2016-05-03T13:04:25","slug":"social-democratii-au-decis-in-unanimitate-sa-ceara-revocarea-lui-v-zgonea-de-la-conducerea-camerei","status":"publish","type":"post","link":"https:\/\/analyse.optim.biz\/?p=164693","title":{"rendered":"Social-democra\u0163ii au decis \u00een unanimitate s\u0103 cear\u0103 revocarea lui V. Zgonea de la conducerea Camerei"},"content":{"rendered":"<div class=\"entry data-app-meta data-app-meta-article\" data-embed-base-url-canonical=\"https:\/\/www.digi24.ro\/embed\/stiri\/actualitate\/politica\/social-democratii-au-decis-in-unanimitate-sa-ceara-revocarea-lui-v-zgonea-de-la-conducerea-camerei-513374\">\n<p data-index=\"1\">\u00a0<img decoding=\"async\" src=\"https:\/\/analyse.optim.biz\/wp-content\/uploads\/2024\/09\/lmpwzyz3ptgwmczoyxnoptk3ntm4ytmznwjknzc3owzlywi0ndk1ntkzmjg2nzgy-thumb_.jpg\" data-skip-htmlfix=\"1\" title=\"lmpwzyz3ptgwmczoyxnoptk3ntm4ytmznwjknzc3owzlywi0ndk1ntkzmjg2nzgy-thumb_\"><\/p>\n<p data-index=\"2\">O solicitare \u00een acest sens a fost depus\u0103 la Biroul Permanent al Camerei Deputa\u0163ilor.<\/p>\n<p data-index=\"3\">Astfel, \u015fedin\u0163a de grup a social-democra\u0163ilor a \u00een unaimitate s\u0103 propun\u0103 forurilor de conducere a Camerei deputa\u0163ilor revocare lui Valeriu Zgonea, acesta nemaifiind membru PSD. Func\u0163ia de \u015fef al Camerei Deputa\u0163ilor revine PSD.<\/p>\n<p data-index=\"4\">Valeriu Zgonea fost exclus s\u0103pt\u0103m\u00e2na trecute din PSD, prin votul unanim al membrilor Comitetului Executiv Na\u0163ional, pentru c\u0103 i-a cerut demisia lui Liviu Dragnea. Valeriu Zgonea a anun\u0163at mar\u0163i c\u0103 va contesta decizia de excludere.<\/p>\n<p data-index=\"5\"><strong>Citi\u0163i \u015fi:<\/strong><\/p>\n<p data-index=\"6\"><a href=\"https:\/\/www.digi24.ro\/Stiri\/Digi24\/Actualitate\/Politica\/Valeriu+Zgonea+Hai+sa+ne+uitam+putin+la+legalitatea+deciziei+de+\" target=\"_blank\" data-skip-linkfix=\"1\" rel=\"noopener\"><strong><span>V. Zgonea: S\u0103 ne uit\u0103m la legalitatea deciziei de s\u0103pt\u0103m\u00e2na trecut\u0103. A\u015fa, \u015fi pre\u015fedintele partidului poate fi dat afar\u0103<\/span><\/strong><\/a><\/p>\n<p data-index=\"7\"><a href=\"https:\/\/www.digi24.ro\/Stiri\/Digi24\/Actualitate\/Politica\/Victor+Ponta+dupa+discutia+cu+Liviu+Dragnea+Astazi+nu+va+stricam\" target=\"_blank\" data-skip-linkfix=\"1\" rel=\"noopener\"><strong><span>Victor Ponta, dup\u0103 discu\u0163ia cu Liviu Dragnea: Ast\u0103zi nu v\u0103 stric\u0103m surprizele<\/span><\/strong><\/a><\/p>\n<p data-index=\"8\"><strong><span><br \/><\/span><\/strong><\/p>\n<\/div>\n<p> Source URL: https:\/\/www.digi24.ro\/stiri\/actualitate\/politica\/social-democratii-au-decis-in-unanimitate-sa-ceara-revocarea-lui-v-zgonea-de-la-conducerea-camerei-513374<\/p>\n","protected":false},"excerpt":{"rendered":"<p>\u00a0 O solicitare \u00een acest sens a fost depus\u0103 la Biroul Permanent al Camerei Deputa\u0163ilor. Astfel, \u015fedin\u0163a de grup a social-democra\u0163ilor a \u00een unaimitate s\u0103 propun\u0103 forurilor de conducere a Camerei deputa\u0163ilor revocare lui Valeriu Zgonea, acesta nemaifiind membru PSD. Func\u0163ia de \u015fef al Camerei Deputa\u0163ilor revine PSD. Valeriu Zgonea fost exclus s\u0103pt\u0103m\u00e2na trecute din [&hellip;]<\/p>\n","protected":false},"author":1,"featured_media":164694,"comment_status":"open","ping_status":"","sticky":false,"template":"","format":"standard","meta":{"footnotes":""},"categories":[2],"tags":[11],"class_list":["post-164693","post","type-post","status-publish","format-standard","has-post-thumbnail","hentry","category-politics","tag-digi24"],"_links":{"self":[{"href":"https:\/\/analyse.optim.biz\/index.php?rest_route=\/wp\/v2\/posts\/164693","targetHints":{"allow":["GET"]}}],"collection":[{"href":"https:\/\/analyse.optim.biz\/index.php?rest_route=\/wp\/v2\/posts"}],"about":[{"href":"https:\/\/analyse.optim.biz\/index.php?rest_route=\/wp\/v2\/types\/post"}],"author":[{"embeddable":true,"href":"https:\/\/analyse.optim.biz\/index.php?rest_route=\/wp\/v2\/users\/1"}],"replies":[{"embeddable":true,"href":"https:\/\/analyse.optim.biz\/index.php?rest_route=%2Fwp%2Fv2%2Fcomments&post=164693"}],"version-history":[{"count":0,"href":"https:\/\/analyse.optim.biz\/index.php?rest_route=\/wp\/v2\/posts\/164693\/revisions"}],"wp:featuredmedia":[{"embeddable":true,"href":"https:\/\/analyse.optim.biz\/index.php?rest_route=\/wp\/v2\/media\/164694"}],"wp:attachment":[{"href":"https:\/\/analyse.optim.biz\/index.php?rest_route=%2Fwp%2Fv2%2Fmedia&parent=164693"}],"wp:term":[{"taxonomy":"category","embeddable":true,"href":"https:\/\/analyse.optim.biz\/index.php?rest_route=%2Fwp%2Fv2%2Fcategories&post=164693"},{"taxonomy":"post_tag","embeddable":true,"href":"https:\/\/analyse.optim.biz\/index.php?rest_route=%2Fwp%2Fv2%2Ftags&post=164693"}],"curies":[{"name":"wp","href":"https:\/\/api.w.org\/{rel}","templated":true}]}}