{"id":164690,"date":"2016-05-03T16:34:24","date_gmt":"2016-05-03T13:34:24","guid":{"rendered":"https:\/\/analyse.optim.biz\/?p=164690"},"modified":"2016-05-03T16:34:24","modified_gmt":"2016-05-03T13:34:24","slug":"va-accepta-v-ponta-conducerea-camerei-raspunsul-acestuia-dupa-discutia-cu-liderul-psd","status":"publish","type":"post","link":"https:\/\/analyse.optim.biz\/?p=164690","title":{"rendered":"Va accepta V. Ponta conducerea Camerei? R\u0103spunsul acestuia dup\u0103 discu\u0163ia cu liderul PSD"},"content":{"rendered":"<div class=\"entry data-app-meta data-app-meta-article\" data-embed-base-url-canonical=\"https:\/\/www.digi24.ro\/embed\/stiri\/actualitate\/politica\/va-accepta-v-ponta-conducerea-camerei-raspunsul-acestuia-dupa-discutia-cu-liderul-psd-513392\">\n<p data-index=\"1\">\u00a0<img decoding=\"async\" src=\"https:\/\/analyse.optim.biz\/wp-content\/uploads\/2024\/09\/zdvhzjflmgezmmy2ogi3zjbjn2u0owzkngmznwfiztu-thumb_.jpg\" data-skip-htmlfix=\"1\" title=\"zdvhzjflmgezmmy2ogi3zjbjn2u0owzkngmznwfiztu-thumb_\"><\/p>\n<p data-index=\"2\">&#8220;Haide\u021bi s\u0103&#8230; Ast\u0103zi s\u0103 nu v\u0103 stric\u0103m surprizele. Vedem ce ministru \u00ee\u0219i mai d\u0103 demisia ast\u0103zi \u0219i dup\u0103 aia mai vorbim \u0219i despre alte lucruri. O s\u0103 discut\u0103m \u0219i o s\u0103 lu\u0103m decizii \u00eempreun\u0103. Decizii \u00een\u021belepte. Da, am vorbit cu Liviu. Am discutat cu Liviu tot ceea ce este bine pentru PSD \u0219i pentru aleg\u0103torii no\u0219tri, ai USL. \u00cei sus\u021bin pe to\u021bi candida\u021bii PSD \u0219i pe cei ai ALDE&#8221;, a declarat Ponta, la finalul \u0219edin\u021bei grupului PSD din Camera Deputa\u021bilor, unde s-a decis \u00een unanimitate prezentarea la Biroul permanent a solicit\u0103rii de revocare a lui Valeriu Zgonea de la \u0219efia Camerei Deputa\u021bilor.<\/p>\n<p data-index=\"3\">\u00centrebat dac\u0103 e bine pentru PSD ca el s\u0103 fie pre\u0219edintele Camerei Deputa\u021bilor, Ponta a ar\u0103tat c\u0103 &#8220;asta va decide PSD&#8221;.<\/p>\n<p data-index=\"4\">&#8220;Eu nu sunt &#8216;PSD&#8217; ca s\u0103 vorbesc. Eu m\u0103 duc s\u0103 v\u0103d ce ministru mai demisioneaz\u0103 azi din &#8216;Guvernul meu&#8217; p\u00e2n\u0103 r\u0103m\u00e2ne dl Iohannis&#8230; A\u021bi v\u0103zut Cartea Junglei cu King Louie, c\u00e2nd c\u0103dea totul \u00een jur \u0219i r\u0103m\u00e2nea doar el \u0219i \u021binea coloana? O s\u0103 r\u0103m\u00e2n\u0103 doar dl. Iohannis cu &#8216;guvernul lui'&#8221; a ad\u0103ugat, ironic, fostul premier.<\/p>\n<\/div>\n<p> Source URL: https:\/\/www.digi24.ro\/stiri\/actualitate\/politica\/va-accepta-v-ponta-conducerea-camerei-raspunsul-acestuia-dupa-discutia-cu-liderul-psd-513392<\/p>\n","protected":false},"excerpt":{"rendered":"<p>\u00a0 &#8220;Haide\u021bi s\u0103&#8230; Ast\u0103zi s\u0103 nu v\u0103 stric\u0103m surprizele. Vedem ce ministru \u00ee\u0219i mai d\u0103 demisia ast\u0103zi \u0219i dup\u0103 aia mai vorbim \u0219i despre alte lucruri. O s\u0103 discut\u0103m \u0219i o s\u0103 lu\u0103m decizii \u00eempreun\u0103. Decizii \u00een\u021belepte. Da, am vorbit cu Liviu. Am discutat cu Liviu tot ceea ce este bine pentru PSD \u0219i pentru [&hellip;]<\/p>\n","protected":false},"author":1,"featured_media":164691,"comment_status":"open","ping_status":"","sticky":false,"template":"","format":"standard","meta":{"footnotes":""},"categories":[2],"tags":[11],"class_list":["post-164690","post","type-post","status-publish","format-standard","has-post-thumbnail","hentry","category-politics","tag-digi24"],"_links":{"self":[{"href":"https:\/\/analyse.optim.biz\/index.php?rest_route=\/wp\/v2\/posts\/164690","targetHints":{"allow":["GET"]}}],"collection":[{"href":"https:\/\/analyse.optim.biz\/index.php?rest_route=\/wp\/v2\/posts"}],"about":[{"href":"https:\/\/analyse.optim.biz\/index.php?rest_route=\/wp\/v2\/types\/post"}],"author":[{"embeddable":true,"href":"https:\/\/analyse.optim.biz\/index.php?rest_route=\/wp\/v2\/users\/1"}],"replies":[{"embeddable":true,"href":"https:\/\/analyse.optim.biz\/index.php?rest_route=%2Fwp%2Fv2%2Fcomments&post=164690"}],"version-history":[{"count":0,"href":"https:\/\/analyse.optim.biz\/index.php?rest_route=\/wp\/v2\/posts\/164690\/revisions"}],"wp:featuredmedia":[{"embeddable":true,"href":"https:\/\/analyse.optim.biz\/index.php?rest_route=\/wp\/v2\/media\/164691"}],"wp:attachment":[{"href":"https:\/\/analyse.optim.biz\/index.php?rest_route=%2Fwp%2Fv2%2Fmedia&parent=164690"}],"wp:term":[{"taxonomy":"category","embeddable":true,"href":"https:\/\/analyse.optim.biz\/index.php?rest_route=%2Fwp%2Fv2%2Fcategories&post=164690"},{"taxonomy":"post_tag","embeddable":true,"href":"https:\/\/analyse.optim.biz\/index.php?rest_route=%2Fwp%2Fv2%2Ftags&post=164690"}],"curies":[{"name":"wp","href":"https:\/\/api.w.org\/{rel}","templated":true}]}}