{"id":164687,"date":"2016-05-03T16:42:36","date_gmt":"2016-05-03T13:42:36","guid":{"rendered":"https:\/\/analyse.optim.biz\/?p=164687"},"modified":"2016-05-03T16:42:36","modified_gmt":"2016-05-03T13:42:36","slug":"petre-roman-cere-conducerii-camerei-sa-ia-masuri-pentru-a-si-relua-mandatul-de-deputat","status":"publish","type":"post","link":"https:\/\/analyse.optim.biz\/?p=164687","title":{"rendered":"Petre Roman cere conducerii Camerei s\u0103 ia m\u0103suri pentru a-\u0219i relua mandatul de deputat"},"content":{"rendered":"<div class=\"entry data-app-meta data-app-meta-article\" data-embed-base-url-canonical=\"https:\/\/www.digi24.ro\/embed\/stiri\/actualitate\/politica\/petre-roman-cere-conducerii-camerei-sa-ia-masuri-pentru-a-si-relua-mandatul-de-deputat-513396\">\n<p data-index=\"1\">\u00a0<img decoding=\"async\" src=\"https:\/\/analyse.optim.biz\/wp-content\/uploads\/2024\/09\/agfzad05mgriodrmodbkodzmzwq2ogq4yjm2zgjimtuwyjqwnq-thumb_.jpg\" data-skip-htmlfix=\"1\" title=\"agfzad05mgriodrmodbkodzmzwq2ogq4yjm2zgjimtuwyjqwnq-thumb_\"><\/p>\n<p data-index=\"2\">Petre Roman a trimis Biroului permanent al Camerei o scrisoare \u00een care arat\u0103 c\u0103, av\u00e2nd \u00een vedere sentin\u021ba pronun\u021bat\u0103 de Curtea de Apel Bucure\u0219ti, la data de 22.04.2016, prin care instan\u021ba a admis contesta\u021bia sa \u0219i a anulat raportul de evaluare emis de ANI, s\u0103 se introduc\u0103 pe ordinea de zi, \u201ea proximei \u0219edin\u021be de plen, a unui punct de vedere prin care s\u0103 se ia act de reluarea mandatului s\u0103u de deputat\u201d.<\/p>\n<p data-index=\"3\">El solicit\u0103, de asemenea, s\u0103 se fac\u0103 demersurile regulamentare pentru introducerea pe ordinea de zi a proximei \u0219edin\u021be de plen spre adoptare a unui proiect de hot\u0103r\u00e2re prin care se anuleaz\u0103 hot\u0103r\u00e2rea privind vacantarea locului s\u0103u de deputat.<\/p>\n<p data-index=\"4\">Potrivit secretarului Camerei Deputa\u021bilor, Marcel Ciolacu, Biroul permanent a trimis solicitarea lui Petre Roman la Comisia juridic\u0103 spre arhivare, deoarece Curtea de Apel nu a dat o decizie definitiv\u0103.<\/p>\n<p data-index=\"5\">Curtea de Apel Bucure\u0219ti a decis luna trecut\u0103 anularea raportului \u00eentocmit de Agen\u021bia Na\u021bional\u0103 de Integritate prin care fostul deputat Petre Roman a fost declarat, \u00een anul 2014, \u00een stare de incompatibilitate. Decizia nu este definitiv\u0103, iar ANI poate face recurs.<\/p>\n<\/div>\n<p> Source URL: https:\/\/www.digi24.ro\/stiri\/actualitate\/politica\/petre-roman-cere-conducerii-camerei-sa-ia-masuri-pentru-a-si-relua-mandatul-de-deputat-513396<\/p>\n","protected":false},"excerpt":{"rendered":"<p>\u00a0 Petre Roman a trimis Biroului permanent al Camerei o scrisoare \u00een care arat\u0103 c\u0103, av\u00e2nd \u00een vedere sentin\u021ba pronun\u021bat\u0103 de Curtea de Apel Bucure\u0219ti, la data de 22.04.2016, prin care instan\u021ba a admis contesta\u021bia sa \u0219i a anulat raportul de evaluare emis de ANI, s\u0103 se introduc\u0103 pe ordinea de zi, \u201ea proximei \u0219edin\u021be [&hellip;]<\/p>\n","protected":false},"author":1,"featured_media":164688,"comment_status":"open","ping_status":"","sticky":false,"template":"","format":"standard","meta":{"footnotes":""},"categories":[2],"tags":[11],"class_list":["post-164687","post","type-post","status-publish","format-standard","has-post-thumbnail","hentry","category-politics","tag-digi24"],"_links":{"self":[{"href":"https:\/\/analyse.optim.biz\/index.php?rest_route=\/wp\/v2\/posts\/164687","targetHints":{"allow":["GET"]}}],"collection":[{"href":"https:\/\/analyse.optim.biz\/index.php?rest_route=\/wp\/v2\/posts"}],"about":[{"href":"https:\/\/analyse.optim.biz\/index.php?rest_route=\/wp\/v2\/types\/post"}],"author":[{"embeddable":true,"href":"https:\/\/analyse.optim.biz\/index.php?rest_route=\/wp\/v2\/users\/1"}],"replies":[{"embeddable":true,"href":"https:\/\/analyse.optim.biz\/index.php?rest_route=%2Fwp%2Fv2%2Fcomments&post=164687"}],"version-history":[{"count":0,"href":"https:\/\/analyse.optim.biz\/index.php?rest_route=\/wp\/v2\/posts\/164687\/revisions"}],"wp:featuredmedia":[{"embeddable":true,"href":"https:\/\/analyse.optim.biz\/index.php?rest_route=\/wp\/v2\/media\/164688"}],"wp:attachment":[{"href":"https:\/\/analyse.optim.biz\/index.php?rest_route=%2Fwp%2Fv2%2Fmedia&parent=164687"}],"wp:term":[{"taxonomy":"category","embeddable":true,"href":"https:\/\/analyse.optim.biz\/index.php?rest_route=%2Fwp%2Fv2%2Fcategories&post=164687"},{"taxonomy":"post_tag","embeddable":true,"href":"https:\/\/analyse.optim.biz\/index.php?rest_route=%2Fwp%2Fv2%2Ftags&post=164687"}],"curies":[{"name":"wp","href":"https:\/\/api.w.org\/{rel}","templated":true}]}}