{"id":164676,"date":"2016-05-03T18:28:55","date_gmt":"2016-05-03T15:28:55","guid":{"rendered":"https:\/\/analyse.optim.biz\/?p=164676"},"modified":"2016-05-03T18:28:55","modified_gmt":"2016-05-03T15:28:55","slug":"vacanta-continua-pentru-senatori-si-deputati-sedintele-au-fost-suspendate-din-lipsa-de-cvorum","status":"publish","type":"post","link":"https:\/\/analyse.optim.biz\/?p=164676","title":{"rendered":"Vacan\u021ba continu\u0103 pentru senatori \u0219i deputa\u021bi. \u0218edin\u021bele au fost suspendate din lips\u0103 de cvorum"},"content":{"rendered":"<div class=\"entry data-app-meta data-app-meta-article\" data-embed-base-url-canonical=\"https:\/\/www.digi24.ro\/embed\/stiri\/actualitate\/politica\/vacanta-continua-pentru-senatori-si-deputati-sedintele-au-fost-suspendate-din-lipsa-de-cvorum-513449\">\n<p data-index=\"1\">Senatorul liberal Liviu Pa\u0219ca a solicitat verificarea prezen\u021bei \u0219i s-a constatat c\u0103 sunt prezen\u021bi doar 59 de senatori, cvorumul de lucru fiind de 82 de senatori. Vicepre\u0219edintele Senatului Ioan Chelaru a declarat \u00eenchis\u0103 \u0219edin\u021ba.<\/p>\n<p data-index=\"2\">Pe ordinea de zi se afla \u0219i dezbaterea ordonan\u021bei de urgen\u021b\u0103 privind intercept\u0103rile, la care comisiile juridic\u0103 \u0219i de constitu\u021bionalitate ale Senatului au dat raport de respingere, noteaz\u0103 Agerpres.<\/p>\n<p data-index=\"3\">Ministrul Justi\u021biei, Raluca Prun\u0103, a fost prezent\u0103 \u00een plenul Senatului pentru a sus\u021bine ordonan\u021ba care are termenul de adoptare tacit\u0103 5 mai, \u00eens\u0103 acest punct nu a mai fost luat \u00een dezbatere din lipsa cvorumului.<\/p>\n<p data-index=\"4\">Senatorii trebuiau s\u0103 dea votul final, \u00een calitate de Camer\u0103 decizional\u0103, la Ordonan\u021ba de urgen\u021b\u0103 4\/2016 care reglementeaz\u0103 acordarea de c\u0103tre universit\u0103\u021bi a titlului de doctor.<\/p>\n<\/div>\n<p> Source URL: https:\/\/www.digi24.ro\/stiri\/actualitate\/politica\/vacanta-continua-pentru-senatori-si-deputati-sedintele-au-fost-suspendate-din-lipsa-de-cvorum-513449<\/p>\n","protected":false},"excerpt":{"rendered":"<p>Senatorul liberal Liviu Pa\u0219ca a solicitat verificarea prezen\u021bei \u0219i s-a constatat c\u0103 sunt prezen\u021bi doar 59 de senatori, cvorumul de lucru fiind de 82 de senatori. Vicepre\u0219edintele Senatului Ioan Chelaru a declarat \u00eenchis\u0103 \u0219edin\u021ba. Pe ordinea de zi se afla \u0219i dezbaterea ordonan\u021bei de urgen\u021b\u0103 privind intercept\u0103rile, la care comisiile juridic\u0103 \u0219i de constitu\u021bionalitate ale [&hellip;]<\/p>\n","protected":false},"author":1,"featured_media":164677,"comment_status":"open","ping_status":"","sticky":false,"template":"","format":"standard","meta":{"footnotes":""},"categories":[2],"tags":[11],"class_list":["post-164676","post","type-post","status-publish","format-standard","has-post-thumbnail","hentry","category-politics","tag-digi24"],"_links":{"self":[{"href":"https:\/\/analyse.optim.biz\/index.php?rest_route=\/wp\/v2\/posts\/164676","targetHints":{"allow":["GET"]}}],"collection":[{"href":"https:\/\/analyse.optim.biz\/index.php?rest_route=\/wp\/v2\/posts"}],"about":[{"href":"https:\/\/analyse.optim.biz\/index.php?rest_route=\/wp\/v2\/types\/post"}],"author":[{"embeddable":true,"href":"https:\/\/analyse.optim.biz\/index.php?rest_route=\/wp\/v2\/users\/1"}],"replies":[{"embeddable":true,"href":"https:\/\/analyse.optim.biz\/index.php?rest_route=%2Fwp%2Fv2%2Fcomments&post=164676"}],"version-history":[{"count":0,"href":"https:\/\/analyse.optim.biz\/index.php?rest_route=\/wp\/v2\/posts\/164676\/revisions"}],"wp:featuredmedia":[{"embeddable":true,"href":"https:\/\/analyse.optim.biz\/index.php?rest_route=\/wp\/v2\/media\/164677"}],"wp:attachment":[{"href":"https:\/\/analyse.optim.biz\/index.php?rest_route=%2Fwp%2Fv2%2Fmedia&parent=164676"}],"wp:term":[{"taxonomy":"category","embeddable":true,"href":"https:\/\/analyse.optim.biz\/index.php?rest_route=%2Fwp%2Fv2%2Fcategories&post=164676"},{"taxonomy":"post_tag","embeddable":true,"href":"https:\/\/analyse.optim.biz\/index.php?rest_route=%2Fwp%2Fv2%2Ftags&post=164676"}],"curies":[{"name":"wp","href":"https:\/\/api.w.org\/{rel}","templated":true}]}}