{"id":164665,"date":"2016-05-03T23:08:49","date_gmt":"2016-05-03T20:08:49","guid":{"rendered":"https:\/\/analyse.optim.biz\/?p=164665"},"modified":"2016-05-03T23:08:49","modified_gmt":"2016-05-03T20:08:49","slug":"eugen-nicolicea-se-intoarce-in-psd","status":"publish","type":"post","link":"https:\/\/analyse.optim.biz\/?p=164665","title":{"rendered":"Eugen Nicolicea se \u00eentoarce \u00een PSD"},"content":{"rendered":"<div class=\"entry data-app-meta data-app-meta-article\" data-embed-base-url-canonical=\"https:\/\/www.digi24.ro\/embed\/stiri\/actualitate\/politica\/eugen-nicolicea-se-intoarce-in-psd-513526\">\n<p data-index=\"1\">El a trimis o informare Biroului Permanent al Camereri Deputa\u021bilor \u00een care anun\u021b\u0103 acest lucru: \u201eSubsemnatul Eugen Nicolicea, deputat ales \u00een Colegiul nr. 6 al Circumscrip\u021biei electorale nr. 10 Buz\u0103u, \u00eemi dau demisia din grupul UNPR \u0219i voi activa \u00een cadrul grupului PSD\u201d.<\/p>\n<p data-index=\"2\">Cunoscut ca apropiat al lui Gabriel Oprea, el a p\u0103r\u0103sit UNPR la o lun\u0103 de la alegerea \u00een fruntea partidului a lui Valeriu Steriu. <\/p>\n<p data-index=\"3\">Eugen Nicolicea a fost deputat PSD din 1992 p\u00e2n\u0103 \u00een 2009, c\u00e2nd s-a al\u0103turat grupului condus de Gabriel Oprea \u00een Parlament. <\/p>\n<p data-index=\"4\">Ulterior a devenit membru UNPR \u015fi vicepre\u015fedinte al acestui partid, care l-a \u015fi propulsat pe postul de ministru \u00een cabinetul Victor Ponta. <\/p>\n<\/div>\n<p> Source URL: https:\/\/www.digi24.ro\/stiri\/actualitate\/politica\/eugen-nicolicea-se-intoarce-in-psd-513526<\/p>\n","protected":false},"excerpt":{"rendered":"<p>El a trimis o informare Biroului Permanent al Camereri Deputa\u021bilor \u00een care anun\u021b\u0103 acest lucru: \u201eSubsemnatul Eugen Nicolicea, deputat ales \u00een Colegiul nr. 6 al Circumscrip\u021biei electorale nr. 10 Buz\u0103u, \u00eemi dau demisia din grupul UNPR \u0219i voi activa \u00een cadrul grupului PSD\u201d. Cunoscut ca apropiat al lui Gabriel Oprea, el a p\u0103r\u0103sit UNPR la [&hellip;]<\/p>\n","protected":false},"author":1,"featured_media":164666,"comment_status":"open","ping_status":"","sticky":false,"template":"","format":"standard","meta":{"footnotes":""},"categories":[2],"tags":[11],"class_list":["post-164665","post","type-post","status-publish","format-standard","has-post-thumbnail","hentry","category-politics","tag-digi24"],"_links":{"self":[{"href":"https:\/\/analyse.optim.biz\/index.php?rest_route=\/wp\/v2\/posts\/164665","targetHints":{"allow":["GET"]}}],"collection":[{"href":"https:\/\/analyse.optim.biz\/index.php?rest_route=\/wp\/v2\/posts"}],"about":[{"href":"https:\/\/analyse.optim.biz\/index.php?rest_route=\/wp\/v2\/types\/post"}],"author":[{"embeddable":true,"href":"https:\/\/analyse.optim.biz\/index.php?rest_route=\/wp\/v2\/users\/1"}],"replies":[{"embeddable":true,"href":"https:\/\/analyse.optim.biz\/index.php?rest_route=%2Fwp%2Fv2%2Fcomments&post=164665"}],"version-history":[{"count":0,"href":"https:\/\/analyse.optim.biz\/index.php?rest_route=\/wp\/v2\/posts\/164665\/revisions"}],"wp:featuredmedia":[{"embeddable":true,"href":"https:\/\/analyse.optim.biz\/index.php?rest_route=\/wp\/v2\/media\/164666"}],"wp:attachment":[{"href":"https:\/\/analyse.optim.biz\/index.php?rest_route=%2Fwp%2Fv2%2Fmedia&parent=164665"}],"wp:term":[{"taxonomy":"category","embeddable":true,"href":"https:\/\/analyse.optim.biz\/index.php?rest_route=%2Fwp%2Fv2%2Fcategories&post=164665"},{"taxonomy":"post_tag","embeddable":true,"href":"https:\/\/analyse.optim.biz\/index.php?rest_route=%2Fwp%2Fv2%2Ftags&post=164665"}],"curies":[{"name":"wp","href":"https:\/\/api.w.org\/{rel}","templated":true}]}}