{"id":164623,"date":"2016-05-05T10:20:01","date_gmt":"2016-05-05T07:20:01","guid":{"rendered":"https:\/\/analyse.optim.biz\/?p=164623"},"modified":"2016-05-05T10:20:01","modified_gmt":"2016-05-05T07:20:01","slug":"v-ponta-apel-catre-k-iohannis-achimas-cadariu-va-reprezinta-perfect-modul-de-gindire-si-de-actiune","status":"publish","type":"post","link":"https:\/\/analyse.optim.biz\/?p=164623","title":{"rendered":"V. Ponta, apel c\u0103tre K. Iohannis: &#8220;Achima\u015f Cadariu v\u0103 reprezint\u0103 perfect modul de g\u00eendire \u015fi de ac\u0163iune&#8221;"},"content":{"rendered":"<div class=\"entry data-app-meta data-app-meta-article\" data-embed-base-url-canonical=\"https:\/\/www.digi24.ro\/embed\/stiri\/actualitate\/politica\/v-ponta-apel-catre-k-iohannis-achimas-cadariu-va-reprezinta-perfect-modul-de-gindire-si-de-actiune-514039\">\n<p data-index=\"1\">\u00a0<img decoding=\"async\" src=\"https:\/\/analyse.optim.biz\/wp-content\/uploads\/2024\/09\/odawjmhhc2g9ngy0mjzjnznhzja4mmjhngzlmzu2n2fizmu3oge5zwe-thumb_.jpg\" data-skip-htmlfix=\"1\" title=\"odawjmhhc2g9ngy0mjzjnznhzja4mmjhngzlmzu2n2fizmu3oge5zwe-thumb_\"><\/p>\n<p data-index=\"2\">\u201eApel c\u0103tre Dl. Iohannis: v\u0103 rog s\u0103 \u00eel sus\u021bine\u021bi \u00een continuare pe Dl. Achima\u0219 Cadariu ca Ministru al S\u0103n\u0103t\u0103\u021bii \u00een &#8220;Guvernul Meu&#8221;! V\u0103 reprezinta perfect modul de g\u00e2ndire \u0219i de ac\u021biune!<\/p>\n<p data-index=\"3\">Asta ca s\u0103 dovedi\u021bi c\u0103 dac\u0103 mor bebelu\u0219i f\u0103r\u0103 s\u0103 \u0219tim nici acum de ce, dac\u0103 nu reu\u0219im s\u0103 afl\u0103m cum a cump\u0103rat dezinfectan\u021bii inutili la institu\u021bia de la Cluj pe care o conducea, dac\u0103 nu mai sunt bani la Casele de Asigur\u0103ri pentru decontarea analizelor pentru copii &#8211; toate acestea nu conteaz\u0103, pur \u0219i simplu nu v\u0103 pas\u0103! A\u0219a cum de fapt nu v-a p\u0103sat deloc de moartea oamenilor de la &#8220;Colectiv&#8221; \u00een afar\u0103 de folosirea lor pentru un scop politic! Ghinionul lor, norocul dvs.!\u201d, este mesajul lui Victor Ponta, pe pagina sa de Facebook.<\/p>\n<\/div>\n<p> Source URL: https:\/\/www.digi24.ro\/stiri\/actualitate\/politica\/v-ponta-apel-catre-k-iohannis-achimas-cadariu-va-reprezinta-perfect-modul-de-gindire-si-de-actiune-514039<\/p>\n","protected":false},"excerpt":{"rendered":"<p>\u00a0 \u201eApel c\u0103tre Dl. Iohannis: v\u0103 rog s\u0103 \u00eel sus\u021bine\u021bi \u00een continuare pe Dl. Achima\u0219 Cadariu ca Ministru al S\u0103n\u0103t\u0103\u021bii \u00een &#8220;Guvernul Meu&#8221;! V\u0103 reprezinta perfect modul de g\u00e2ndire \u0219i de ac\u021biune! Asta ca s\u0103 dovedi\u021bi c\u0103 dac\u0103 mor bebelu\u0219i f\u0103r\u0103 s\u0103 \u0219tim nici acum de ce, dac\u0103 nu reu\u0219im s\u0103 afl\u0103m cum a cump\u0103rat [&hellip;]<\/p>\n","protected":false},"author":1,"featured_media":164624,"comment_status":"open","ping_status":"","sticky":false,"template":"","format":"standard","meta":{"footnotes":""},"categories":[2],"tags":[11],"class_list":["post-164623","post","type-post","status-publish","format-standard","has-post-thumbnail","hentry","category-politics","tag-digi24"],"_links":{"self":[{"href":"https:\/\/analyse.optim.biz\/index.php?rest_route=\/wp\/v2\/posts\/164623","targetHints":{"allow":["GET"]}}],"collection":[{"href":"https:\/\/analyse.optim.biz\/index.php?rest_route=\/wp\/v2\/posts"}],"about":[{"href":"https:\/\/analyse.optim.biz\/index.php?rest_route=\/wp\/v2\/types\/post"}],"author":[{"embeddable":true,"href":"https:\/\/analyse.optim.biz\/index.php?rest_route=\/wp\/v2\/users\/1"}],"replies":[{"embeddable":true,"href":"https:\/\/analyse.optim.biz\/index.php?rest_route=%2Fwp%2Fv2%2Fcomments&post=164623"}],"version-history":[{"count":0,"href":"https:\/\/analyse.optim.biz\/index.php?rest_route=\/wp\/v2\/posts\/164623\/revisions"}],"wp:featuredmedia":[{"embeddable":true,"href":"https:\/\/analyse.optim.biz\/index.php?rest_route=\/wp\/v2\/media\/164624"}],"wp:attachment":[{"href":"https:\/\/analyse.optim.biz\/index.php?rest_route=%2Fwp%2Fv2%2Fmedia&parent=164623"}],"wp:term":[{"taxonomy":"category","embeddable":true,"href":"https:\/\/analyse.optim.biz\/index.php?rest_route=%2Fwp%2Fv2%2Fcategories&post=164623"},{"taxonomy":"post_tag","embeddable":true,"href":"https:\/\/analyse.optim.biz\/index.php?rest_route=%2Fwp%2Fv2%2Ftags&post=164623"}],"curies":[{"name":"wp","href":"https:\/\/api.w.org\/{rel}","templated":true}]}}