{"id":164609,"date":"2016-05-05T14:45:50","date_gmt":"2016-05-05T11:45:50","guid":{"rendered":"https:\/\/analyse.optim.biz\/?p=164609"},"modified":"2016-05-05T14:45:50","modified_gmt":"2016-05-05T11:45:50","slug":"psd-sanse-minime-sa-l-schimbe-pe-zgonea-de-la-sefia-camerei-deputatilor-motivul-excluderea-sa-din-partid","status":"publish","type":"post","link":"https:\/\/analyse.optim.biz\/?p=164609","title":{"rendered":"PSD, \u0219anse minime s\u0103-l schimbe pe Zgonea de la \u0219efia Camerei Deputa\u021bilor. Motivul: excluderea sa din partid"},"content":{"rendered":"<div class=\"entry data-app-meta data-app-meta-article\" data-embed-base-url-canonical=\"https:\/\/www.digi24.ro\/embed\/stiri\/actualitate\/politica\/psd-sanse-minime-sa-l-schimbe-pe-zgonea-de-la-sefia-camerei-deputatilor-motivul-excluderea-sa-din-partid-514175\">\n<p data-index=\"1\"><img decoding=\"async\" src=\"https:\/\/analyse.optim.biz\/wp-content\/uploads\/2024\/09\/lmpwzyz3ptgwmczoyxnopwrlyzzizwe3mwiwodrmowywzwfmmtq4y2ewnme3zmjk-thumb_.jpg\" data-skip-htmlfix=\"1\" title=\"lmpwzyz3ptgwmczoyxnopwrlyzzizwe3mwiwodrmowywzwfmmtq4y2ewnme3zmjk-thumb_\">\u00a0<\/p>\n<p data-index=\"2\"><em>Surs\u0103: Facebook\u00a0<\/em><\/p>\n<p data-index=\"3\">\u00cenainte de mai 2015, dup\u0103 ce Curtea Constitu\u0163ional\u0103 a desfiin\u0163at cea mai mare parte din articolul referitor la revocarea pre\u015fedintelui Camerei, \u00een Regulament mai r\u0103m\u0103sese doar c\u0103 acesta poate fi schimbat \u00eenainte de expirarea mandatului cu votul majorit\u0103\u0163ii deputa\u0163ilor, vot secret \u015fi exprimat prin buletine de vot.<\/p>\n<p data-index=\"4\">Anterior deciziei CCR, Regulamentul Camerei prevedea \u015fi posibilitatea ca pre\u015fedintele s\u0103 fie revocat ori la propunerea majorit\u0103\u0163ii deputa\u0163ilor (dac\u0103 se schimb\u0103 majoritatea politic\u0103 \u00een Camer\u0103), ori la propunerea a minimum o treime din num\u0103rul total de deputa\u0163i, dac\u0103 \u00eencalc\u0103 prevederile Constitu\u0163iei sau dac\u0103, \u00een mod repetat \u015fi grav, \u00eencalc\u0103 Regulamentul Camerei.<\/p>\n<h5>Precedentul Anastase \u015fi mutarea de dup\u0103 preziden\u0163iale<\/h5>\n<p data-index=\"5\">Dorind s\u0103 pre\u00eent\u00e2mpine repetarea momentului iulie 2012 &#8211; c\u00e2nd Roberta Anastase (PDL) a fost \u00eenlocuit\u0103 fulger de la \u015fefia Camerei, la cererea USL &#8211; \u015fi tem\u00e2ndu-se c\u0103 vor pierde majoritatea parlamentar\u0103 dup\u0103 alegerile preziden\u0163iale din decembrie 2014, social-democra\u0163ii au vrut s\u0103 securizeze func\u0163ia lui Valeriu Zgonea.\u00a0<strong>\u015ei atunci au modificat Regulamentul Camerei \u00een sensul ca propunerea de revocare s\u0103 nu poat\u0103 fi f\u0103cut\u0103 dec\u00e2t de &#8220;liderul grupului parlamentar c\u0103ruia \u00eei apar\u0163ine pre\u015fedintele&#8221;<\/strong>.<\/p>\n<p data-index=\"6\">&#8220;Cum s\u0103 ajungi la guvernare dac\u0103 nu ai majorit\u0103\u0163i \u00een cele dou\u0103 Camere? Dac\u0103 ai majorit\u0103\u0163i \u00een cele dou\u0103 Camere, sigur c\u0103, logic, trebuie s\u0103 \u015fi conduci cele dou\u0103 Camere. Nu s-a mai v\u0103zut \u00een democra\u0163ie ca s\u0103 conduc\u0103 opozi\u0163ia Parlamentul&#8221;, critica decizia PSD co-pre\u015fedintele PNL Vasile Blaga. &#8220;Ei sunt oarecum preg\u0103ti\u0163i suflete\u015fte pentru situa\u0163ia schimb\u0103rii majorit\u0103\u0163ii parlamentare \u015fi \u00eencearc\u0103 s\u0103 \u015fi-l fixeze pe Zgonea&#8221;, declara \u015fi liderul deputa\u0163ilor PNL, Ludovic Orban.<\/p>\n<p data-index=\"7\">Tocmai pe noul articol din Regulament \u015fi-a \u00eentemeiat, ieri, Valeriu Zgonea contesta\u0163ia. Cum el a fost exclus din PSD \u015fi face, mai nou, parte din grupul neafilia\u0163ilor, liderul grupului PSD, Marian Neac\u015fu, nu mai poate cere revocarea sa din func\u0163ie. &#8220;<strong>O solicitare, pe articolul 26 din Regulamentul Camerei, f\u0103cut\u0103 de grupul parlamentar PSD. Exist\u0103 ca m\u0103rturie, dumneavostr\u0103 a\u0163i \u00eenregistrat ieri, declara\u0163ia secretarului general al PSD, care spunea c\u0103 se face revocarea pentru faptul c\u0103 Zgonea a fost exclus. P\u0103i, dac\u0103 e\u015fti exclus, atunci devii deputat neafiliat (&#8230;) C\u00e2nd m-au dat afar\u0103 din partid, au \u015ftiut c\u0103 pierd \u015fi aceast\u0103 func\u0163ie. Sau nu se pricep \u015fi nu \u00een\u0163eleg legile<\/strong>&#8220;, explica, ieri, fostul pre\u015fedinte executiv al PSD.<\/p>\n<p data-index=\"8\">Acesta \u015fi-a acuzat fo\u015ftii colegi c\u0103, a\u015fa cum vor s\u0103 \u00eencalce Regulamentul Camerei, care este o lege ordinar\u0103, vor s\u0103 schimbe \u015fi alte legi care le afecteaz\u0103 interesele personale. &#8220;<strong>Au fost trei discu\u021bii, toate axate pe acelea\u0219i chestiuni: c\u0103 avem nevoie de un pre\u0219edinte (al Camerei &#8211; n.r.) care s\u0103 nu ne bage \u00een pu\u0219c\u0103rie, s\u0103 schimb\u0103m legile, s\u0103 nu mai fim func\u021bionari publici, s\u0103 nu ne mai h\u0103r\u021buiasc\u0103, nu \u0219tiu cine \u00eei h\u0103r\u021buie\u0219te<\/strong>&#8220;, a mai spus Zgonea, confirm\u00e2nd practic vocile care avertizau c\u0103, dup\u0103 debarcarea sa, PSD ar urma s\u0103 procedeze rapid la mult-dorita modificare a legilor penale. Adic\u0103, la reeditarea opera\u0163iunii numite de pres\u0103 &#8220;mar\u0163ea neagr\u0103&#8221;.<\/p>\n<h5>Variantele PSD \u015fi replierea<\/h5>\n<p data-index=\"9\">Dat fiind blocajul \u00eenregistrat ieri, social-democra\u0163ii au schimbat brusc macazul, spun\u00e2nd c\u0103 revocarea lui Zgonea nu ar fi o prioritate, mai ales acum, c\u00e2nd \u00eencepe campania electoral\u0103. &#8220;Observ\u00e2nd cu c\u00e2t\u0103 obstina\u021bie se \u021bine de scaun domnul Zgonea, cred c\u0103 o s\u0103 lu\u0103m o decizie \u00een forul politic al partidului, sunt absolut sigur c\u0103 ne vom a\u0219eza mai mult pe campania electoral\u0103. Lu\u0103m \u00een calcul o astfel de variant\u0103 (de am\u00e2nare \u2014 n.r.), noi nu avem de g\u00e2nd s\u0103 exced\u0103m un scandal&#8221;, declara, tot ieri, Marian Neac\u015fu, secretar general al PSD \u015fi lider al deputa\u0163ilor social-democra\u0163i. &#8220;<strong>E foarte pu\u021bin important pentru noi cine va conduce lucr\u0103rile Camerei \u00een continuare, \u00een condi\u021biile \u00een care opin\u0103m c\u0103 cea mai mare parte a parlamentarilor se va ocupa de campania electoral\u0103 \u0219i tot mai pu\u021bin de ceea ce se \u00eent\u00e2mpl\u0103 aici<\/strong>&#8220;, a mai explicat Neac\u015fu.<\/p>\n<p data-index=\"10\">P\u00e2n\u0103 una, alta, cum varianta revoc\u0103rii pare s\u0103 fi c\u0103zut, Zgonea \u00ee\u015fi poate pierde func\u0163ia, pe actualul Regulament al Camerei, \u00een dou\u0103 cazuri:\u00a0<strong>demisie<\/strong>\u00a0sau\u00a0<strong>pierderea calit\u0103\u0163ii de deputat<\/strong>. Cum scenariul demisiei pare irealizabil, mai r\u0103m\u00e2ne pierderea calit\u0103\u0163ii de deputat, ceea ce se poate \u00eent\u00e2mpla prin pierderea drepturilor electorale, incompatibilitate sau \u00eentrunirea Camerei nou-alese. Evident, dintre cele trei, cea mai &#8220;rapid\u0103&#8221; pare ultima, \u00een condi\u0163iile \u00een care avem \u00een toamn\u0103 alegeri parlamentare.<\/p>\n<p data-index=\"11\">Altfel,\u00a0<strong>social-democra\u0163ii mai pot \u00eencerca o nou\u0103 modificare a Regulamentului Camerei<\/strong>, \u00een sensul introducerii unor articole care s\u0103 le permit\u0103 ie\u015firea din impas. Doar c\u0103 o astfel de opera\u0163iune dureaz\u0103 (mai ales dac\u0103 pun \u015fi liberalii piedici), iar activitatea parlamentar\u0103 va fi, oricum, serios grevat\u0103 anul acesta de cele dou\u0103 campanii electorale.<\/p>\n<\/div>\n<p> Source URL: https:\/\/www.digi24.ro\/stiri\/actualitate\/politica\/psd-sanse-minime-sa-l-schimbe-pe-zgonea-de-la-sefia-camerei-deputatilor-motivul-excluderea-sa-din-partid-514175<\/p>\n","protected":false},"excerpt":{"rendered":"<p>\u00a0 Surs\u0103: Facebook\u00a0 \u00cenainte de mai 2015, dup\u0103 ce Curtea Constitu\u0163ional\u0103 a desfiin\u0163at cea mai mare parte din articolul referitor la revocarea pre\u015fedintelui Camerei, \u00een Regulament mai r\u0103m\u0103sese doar c\u0103 acesta poate fi schimbat \u00eenainte de expirarea mandatului cu votul majorit\u0103\u0163ii deputa\u0163ilor, vot secret \u015fi exprimat prin buletine de vot. Anterior deciziei CCR, Regulamentul Camerei [&hellip;]<\/p>\n","protected":false},"author":1,"featured_media":164610,"comment_status":"open","ping_status":"","sticky":false,"template":"","format":"standard","meta":{"footnotes":""},"categories":[2],"tags":[11],"class_list":["post-164609","post","type-post","status-publish","format-standard","has-post-thumbnail","hentry","category-politics","tag-digi24"],"_links":{"self":[{"href":"https:\/\/analyse.optim.biz\/index.php?rest_route=\/wp\/v2\/posts\/164609","targetHints":{"allow":["GET"]}}],"collection":[{"href":"https:\/\/analyse.optim.biz\/index.php?rest_route=\/wp\/v2\/posts"}],"about":[{"href":"https:\/\/analyse.optim.biz\/index.php?rest_route=\/wp\/v2\/types\/post"}],"author":[{"embeddable":true,"href":"https:\/\/analyse.optim.biz\/index.php?rest_route=\/wp\/v2\/users\/1"}],"replies":[{"embeddable":true,"href":"https:\/\/analyse.optim.biz\/index.php?rest_route=%2Fwp%2Fv2%2Fcomments&post=164609"}],"version-history":[{"count":0,"href":"https:\/\/analyse.optim.biz\/index.php?rest_route=\/wp\/v2\/posts\/164609\/revisions"}],"wp:featuredmedia":[{"embeddable":true,"href":"https:\/\/analyse.optim.biz\/index.php?rest_route=\/wp\/v2\/media\/164610"}],"wp:attachment":[{"href":"https:\/\/analyse.optim.biz\/index.php?rest_route=%2Fwp%2Fv2%2Fmedia&parent=164609"}],"wp:term":[{"taxonomy":"category","embeddable":true,"href":"https:\/\/analyse.optim.biz\/index.php?rest_route=%2Fwp%2Fv2%2Fcategories&post=164609"},{"taxonomy":"post_tag","embeddable":true,"href":"https:\/\/analyse.optim.biz\/index.php?rest_route=%2Fwp%2Fv2%2Ftags&post=164609"}],"curies":[{"name":"wp","href":"https:\/\/api.w.org\/{rel}","templated":true}]}}