{"id":164600,"date":"2016-05-05T18:30:30","date_gmt":"2016-05-05T15:30:30","guid":{"rendered":"https:\/\/analyse.optim.biz\/?p=164600"},"modified":"2016-05-05T18:30:30","modified_gmt":"2016-05-05T15:30:30","slug":"liviu-dragnea-despre-revenirea-lui-ponta-functia-de-presedinte-al-psd-nu-se-lasa-nu-se-da-nu-se-face-cadou","status":"publish","type":"post","link":"https:\/\/analyse.optim.biz\/?p=164600","title":{"rendered":"Liviu Dragnea despre revenirea lui Ponta: Func\u021bia de pre\u0219edinte al PSD \u201enu se las\u0103, nu se d\u0103, nu se face cadou\u201d"},"content":{"rendered":"<div class=\"entry data-app-meta data-app-meta-article\" data-embed-base-url-canonical=\"https:\/\/www.digi24.ro\/embed\/stiri\/actualitate\/politica\/liviu-dragnea-despre-revenirea-lui-ponta-functia-de-presedinte-al-psd-nu-se-lasa-nu-se-da-nu-se-face-cadou-514307\">\n<p data-index=\"1\">\u00a0<img decoding=\"async\" src=\"https:\/\/analyse.optim.biz\/wp-content\/uploads\/2024\/09\/ngm2mgqxnzgzodqwyjzlmjg5ztljy2i3ztm4oddlnmu-thumb_-1.jpg\" data-skip-htmlfix=\"1\" title=\"ngm2mgqxnzgzodqwyjzlmjg5ztljy2i3ztm4oddlnmu-thumb_-1\"><\/p>\n<p data-index=\"2\">\u201e\u00cen PSD, func\u021bia de pre\u0219edinte nu se las\u0103, nu se d\u0103, nu se face cadou. La noi este o procedur\u0103 ampl\u0103 prin care pre\u0219edintele este ales de c\u0103tre to\u021bi membrii. Deocamdat\u0103 &#8211; spun deocamdat\u0103, pentru c\u0103 nimeni nu e ales pe via\u021b\u0103 &#8211; exercit aceast\u0103 func\u021bie \u0219i se pare c\u0103 sus\u021binerea mea \u00een partid este la fel de mare ca atunci c\u00e2nd am fost ales\u201d, a spus Liviu Dragnea.<\/p>\n<p data-index=\"3\">Victor Ponta \u0219i Liviu Dragnea au participat joi, \u00een jude\u021bul Olt, la \u00eent\u00e2lniri cu membri de partid la Caracal, Slatina \u0219i Bal\u0219.<\/p>\n<p data-index=\"4\">\u00centrebat dac\u0103 \u00een eventualitatea c\u00e2\u0219tig\u0103rii alegerilor parlamentare Victor Ponta va fi propus pentru func\u021bia de prim-ministru, Dragnea a r\u0103spuns c\u0103 PSD va propune \u201eun candidat care va fi greu de refuzat de c\u0103tre pre\u0219edintele Iohannis\u201d.<\/p>\n<p data-index=\"5\">\u201eDac\u0103 &#8211; \u0219i cred c\u0103 &#8211; vom c\u00e2\u0219tiga alegerile \u0219i locale \u0219i parlamentare \u0219i vom face majoritate la toamn\u0103, PSD-ul va propune un candidat pentru prim-ministru care va fi greu de refuzat de c\u0103tre pre\u0219edintele Iohannis \u0219i care va putea s\u0103 formeze un guvern performant care \u00eenc\u0103 o dat\u0103 o s\u0103 trebuiasc\u0103 s\u0103 o ia, s\u0103 ia Rom\u00e2nia mai de jos, a\u0219a cum \u00een general a f\u0103cut-o PSD-ul mereu, \u0219i o s\u0103 o pun\u0103 din nou pe o cale de dezvoltare stabil\u0103, a\u0219a cum s-a \u00eent\u00e2mplat \u00een toate perioadele \u00een care PSD-ul a fost la guvernare \u0219i mai ales \u00een ultima perioad\u0103, \u00een care au fost guverne conduse de Victor Ponta\u201d, a mai spus Liviu Dragnea.<\/p>\n<p data-index=\"6\">Victor Ponta a subliniat c\u0103 va sus\u021bine candida\u021bii PSD pentru alegerile locale \u0219i parlamentare \u0219i a precizat c\u0103 s-a deplasat \u00een jude\u021bul Olt la solicitarea pre\u0219edintelui partidului Liviu Dragnea \u0219i a liderului PSD Olt, Paul St\u0103nescu.<\/p>\n<p data-index=\"7\">Fostul prim-ministru a ad\u0103ugat, \u00een ceea ce prive\u0219te conducerea PSD, c\u0103 \u00een perioada \u00een care a fost \u0219i pre\u0219edinte de partid \u0219i premier, \u201etot Liviu a cam condus PSD\u201d.<\/p>\n<p data-index=\"8\">\u201eS\u0103 mai l\u0103murim o dat\u0103 chestia cu partidul, \u0103sta pe care vre\u021bi dumneavoastr\u0103 s\u0103 \u00eel d\u0103m de la unul la altul, Liviu mie, eu lui Liviu &#8230; \u00cen ultimii 4-5 ani, de c\u00e2nd am preluat func\u021bia de prim-ministru, tot Liviu a cam condus PSD, pentru simplul motiv c\u0103 n-am avut timpul necesar \u0219i pentru c\u0103 se pricepe extraordinar la acest lucru (&#8230;) Cred c\u0103 marea problem\u0103 a unora e c\u0103 orice ar face tot nu se pr\u0103bu\u0219e\u0219te PSD-ul. L-au omor\u00e2t pe N\u0103stase, pe Dragnea, pe mine \u0219i tot pe primul loc e PSD\u201d, a mai spus Victor Ponta.<\/p>\n<p data-index=\"9\">\u00centrebat dac\u0103 vrea s\u0103 fie propus pentru func\u021bia de premier \u00een situa\u021bia c\u00e2\u0219tig\u0103rii alegerilor parlamentare de c\u0103tre PSD, Ponta a spus c\u0103 \u201enu prea\u201d \u00ee\u0219i dore\u0219te s\u0103 fie din nou \u00een aceast\u0103 func\u021bie.<\/p>\n<p data-index=\"10\">\u201eCa s\u0103 fiu sincer, c\u0103 \u00eenc\u0103 sunt cu r\u0103nile spre cicatrizare. Dar ideea e urm\u0103toarea: eu cred foarte tare c\u0103 trebuie s\u0103 avem un guvern politic. Povestea asta cu guvernul pre\u0219edintelui care o s\u0103 fac\u0103 lucruri bune cred c\u0103 s-a stricat mai repede dec\u00e2t se a\u0219tepta oricine, chiar \u0219i noi, ca s\u0103 fim foarte sinceri. E o catastrof\u0103 evident\u0103 . (&#8230;) Nu cred c\u0103 poate altcineva s\u0103 fac\u0103 un guvern politic competent \u00een afar\u0103 de PSD, ALDE, UDMR poate, sau &#8230; cu PNL actual e imposibil c\u0103 te ui\u021bi \u0219i nu g\u0103se\u0219ti un om serios sau normal\u201d, a mai spus Victor Ponta.<\/p>\n<\/div>\n<p> Source URL: https:\/\/www.digi24.ro\/stiri\/actualitate\/politica\/liviu-dragnea-despre-revenirea-lui-ponta-functia-de-presedinte-al-psd-nu-se-lasa-nu-se-da-nu-se-face-cadou-514307<\/p>\n","protected":false},"excerpt":{"rendered":"<p>\u00a0 \u201e\u00cen PSD, func\u021bia de pre\u0219edinte nu se las\u0103, nu se d\u0103, nu se face cadou. La noi este o procedur\u0103 ampl\u0103 prin care pre\u0219edintele este ales de c\u0103tre to\u021bi membrii. Deocamdat\u0103 &#8211; spun deocamdat\u0103, pentru c\u0103 nimeni nu e ales pe via\u021b\u0103 &#8211; exercit aceast\u0103 func\u021bie \u0219i se pare c\u0103 sus\u021binerea mea \u00een partid [&hellip;]<\/p>\n","protected":false},"author":1,"featured_media":164601,"comment_status":"open","ping_status":"","sticky":false,"template":"","format":"standard","meta":{"footnotes":""},"categories":[2],"tags":[11],"class_list":["post-164600","post","type-post","status-publish","format-standard","has-post-thumbnail","hentry","category-politics","tag-digi24"],"_links":{"self":[{"href":"https:\/\/analyse.optim.biz\/index.php?rest_route=\/wp\/v2\/posts\/164600","targetHints":{"allow":["GET"]}}],"collection":[{"href":"https:\/\/analyse.optim.biz\/index.php?rest_route=\/wp\/v2\/posts"}],"about":[{"href":"https:\/\/analyse.optim.biz\/index.php?rest_route=\/wp\/v2\/types\/post"}],"author":[{"embeddable":true,"href":"https:\/\/analyse.optim.biz\/index.php?rest_route=\/wp\/v2\/users\/1"}],"replies":[{"embeddable":true,"href":"https:\/\/analyse.optim.biz\/index.php?rest_route=%2Fwp%2Fv2%2Fcomments&post=164600"}],"version-history":[{"count":0,"href":"https:\/\/analyse.optim.biz\/index.php?rest_route=\/wp\/v2\/posts\/164600\/revisions"}],"wp:featuredmedia":[{"embeddable":true,"href":"https:\/\/analyse.optim.biz\/index.php?rest_route=\/wp\/v2\/media\/164601"}],"wp:attachment":[{"href":"https:\/\/analyse.optim.biz\/index.php?rest_route=%2Fwp%2Fv2%2Fmedia&parent=164600"}],"wp:term":[{"taxonomy":"category","embeddable":true,"href":"https:\/\/analyse.optim.biz\/index.php?rest_route=%2Fwp%2Fv2%2Fcategories&post=164600"},{"taxonomy":"post_tag","embeddable":true,"href":"https:\/\/analyse.optim.biz\/index.php?rest_route=%2Fwp%2Fv2%2Ftags&post=164600"}],"curies":[{"name":"wp","href":"https:\/\/api.w.org\/{rel}","templated":true}]}}