{"id":164589,"date":"2016-05-06T17:34:09","date_gmt":"2016-05-06T14:34:09","guid":{"rendered":"https:\/\/analyse.optim.biz\/?p=164589"},"modified":"2016-05-06T17:34:09","modified_gmt":"2016-05-06T14:34:09","slug":"premierul-amana-schimbarile-in-guvern","status":"publish","type":"post","link":"https:\/\/analyse.optim.biz\/?p=164589","title":{"rendered":"Premierul am\u00e2n\u0103 schimb\u0103rile \u00een Guvern"},"content":{"rendered":"<div class=\"entry data-app-meta data-app-meta-article\" data-embed-base-url-canonical=\"https:\/\/www.digi24.ro\/embed\/stiri\/actualitate\/politica\/premierul-amana-schimbarile-in-guvern-514704\">\n<p data-index=\"1\">La \u015fase luni de la preluarea mandatului de prim-ministru, Dacian Ciolo\u015f nu se gr\u0103be\u015fte cu evaluarea colegilor de cabinet \u015fi \u00eenlocuirea celor f\u0103r\u0103 rezultate.<\/p>\n<p data-index=\"2\">Dacian Ciolo\u015f, premierul Rom\u00e2niei: \u201eNu cred c\u0103 schimb\u0103ri de oameni pot sa rezolve problemele sistemice. Acum m\u0103 intereseaz\u0103 s\u0103 g\u0103sim solu\u0163ii la problemele care sunt acolo. Cum po\u021bi s\u0103 schimbi, s\u0103 faci o reform\u0103 \u00eentr-un sistem, c\u00e2nd la fiecare lun\u0103 aproape mai apare c\u00e2te o criz\u0103.\u201d<\/p>\n<p data-index=\"3\">Totu\u015fi, \u00een cazul a trei ministere, decizia a fost de schimbare. Fostul ministru al Muncii, Ana Claudia Costea, a p\u0103r\u0103sit Guvernul \u00eenc\u0103 de luna trecut\u0103, criticat\u0103 pentru modul \u00een care a gestionat proiectul salariilor din sistemul bugetar.<\/p>\n<p data-index=\"4\">Reporter: Ave\u0163i ceva s\u0103 v\u0103 repro\u015fa\u0163i \u00een rela\u0163ia cu Guvernul?<\/p>\n<p data-index=\"5\">Ana Costea, fostul ministru al Muncii: Nu. Deloc.<\/p>\n<p data-index=\"6\">Reporter: C\u00e2\u0163i bani a\u0163i cerut pentru ordonan\u0163a salariilor?<\/p>\n<p data-index=\"7\">Ana Costea, fostul ministru al Muncii: Nu am cerut. Exist\u0103 calcule \u015fi impacte financiare.<\/p>\n<p data-index=\"8\">A doua schimbare a avut loc la Ministerul Fondurilor Europene. Aura R\u0103ducu a renun\u0163at la func\u0163ie dup\u0103 ce premierul a spus c\u0103 este nemul\u0163umit de activitatea sa.<\/p>\n<p data-index=\"9\">Dacian Ciolo\u015f, premierul Rom\u00e2niei: \u201eAm convenit \u00eempreun\u0103 c\u0103 \u00een momentul de fa\u021b\u0103 acolo la minister mi-a\u0219 dori s\u0103 trecem la o etapa nou\u0103 de abordare.\u201d<\/p>\n<p data-index=\"10\">La Ministerul Culturii, \u015feful a fost demis pentru c\u0103 nu a vrut s\u0103 plece de bun\u0103voie. Scandalul de la Oper\u0103 a declan\u015fat schimbarea.<\/p>\n<p data-index=\"11\">Vlad Alexandrescu, fostul ministru al Culturii: \u201ePremierul a anun\u0163at c\u0103 m\u0103 revoc\u0103 ast\u0103zi. Cred c\u0103 orice act din partea mea ar fi superfluu.\u201d<\/p>\n<p data-index=\"12\">Acum, ministrul S\u0103n\u0103t\u0103\u0163ii este \u00een aten\u0163ia tuturor, dup\u0103 ce s-a descoperit c\u0103 unul din dezinfectan\u0163ii folosi\u0163i \u00een spitale era diluat. Ministrul crede c\u0103 \u00een tot acest scandal cineva vrea s\u0103-i strice imaginea.<\/p>\n<p data-index=\"13\">Patriciu Achima\u015f-Cadariu, ministrul S\u0103n\u0103t\u0103\u0163ii: \u201e\u015etiu ce campanie e preg\u0103tit\u0103 \u00eempotriva mea \u0219i ce va continua. M\u0103 \u00eentreb pe cine am putut sup\u0103ra at\u00e2t de r\u0103u.\u201d<\/p>\n<p data-index=\"14\">\u015ei nu este prima oar\u0103 c\u00e2nd ministrul S\u0103n\u0103t\u0103\u0163ii se afl\u0103 \u00een mijlocul unei crize. La \u00eenceputul anului, mai mul\u0163i bebelu\u015fi diagnostica\u021bi cu sindrom hemolitic uremic au murit, f\u0103r\u0103 ca cineva s\u0103 afle sursa exact\u0103 a \u00eemboln\u0103virii. \u00cen scandal a fost implicat \u015fi ministrul Agriculturii, Achim Irimescu, care a dat numele unui produc\u0103tor de lactate la care s-a g\u0103sit bacteria E.coli, \u00eenainte de a verifica dac\u0103 este sursa \u00eemboln\u0103virii bebelu\u015filor.<\/p>\n<p data-index=\"15\">Ulterior, Achim Irimescu a afirmat \u015fi c\u0103 Rom\u00e2nia este considerat\u0103 o pia\u0163\u0103 de m\u00e2na a zecea, unde ajung importuri deja expirate, \u015fi c\u0103 sunt cazuri \u00een care salamul vechi este sp\u0103lat cu o\u0163et \u015fi rev\u00e2ndut. Ministrul a mai spus \u015fi c\u0103 din Rom\u00e2nia s-ar fi scos, cu ajutorul unor camioane, 35 de miliarde de euro. \u00a0<\/p>\n<\/div>\n<p> Source URL: https:\/\/www.digi24.ro\/stiri\/actualitate\/politica\/premierul-amana-schimbarile-in-guvern-514704<\/p>\n","protected":false},"excerpt":{"rendered":"<p>La \u015fase luni de la preluarea mandatului de prim-ministru, Dacian Ciolo\u015f nu se gr\u0103be\u015fte cu evaluarea colegilor de cabinet \u015fi \u00eenlocuirea celor f\u0103r\u0103 rezultate. Dacian Ciolo\u015f, premierul Rom\u00e2niei: \u201eNu cred c\u0103 schimb\u0103ri de oameni pot sa rezolve problemele sistemice. Acum m\u0103 intereseaz\u0103 s\u0103 g\u0103sim solu\u0163ii la problemele care sunt acolo. Cum po\u021bi s\u0103 schimbi, s\u0103 [&hellip;]<\/p>\n","protected":false},"author":1,"featured_media":164590,"comment_status":"open","ping_status":"","sticky":false,"template":"","format":"standard","meta":{"footnotes":""},"categories":[2],"tags":[11],"class_list":["post-164589","post","type-post","status-publish","format-standard","has-post-thumbnail","hentry","category-politics","tag-digi24"],"_links":{"self":[{"href":"https:\/\/analyse.optim.biz\/index.php?rest_route=\/wp\/v2\/posts\/164589","targetHints":{"allow":["GET"]}}],"collection":[{"href":"https:\/\/analyse.optim.biz\/index.php?rest_route=\/wp\/v2\/posts"}],"about":[{"href":"https:\/\/analyse.optim.biz\/index.php?rest_route=\/wp\/v2\/types\/post"}],"author":[{"embeddable":true,"href":"https:\/\/analyse.optim.biz\/index.php?rest_route=\/wp\/v2\/users\/1"}],"replies":[{"embeddable":true,"href":"https:\/\/analyse.optim.biz\/index.php?rest_route=%2Fwp%2Fv2%2Fcomments&post=164589"}],"version-history":[{"count":0,"href":"https:\/\/analyse.optim.biz\/index.php?rest_route=\/wp\/v2\/posts\/164589\/revisions"}],"wp:featuredmedia":[{"embeddable":true,"href":"https:\/\/analyse.optim.biz\/index.php?rest_route=\/wp\/v2\/media\/164590"}],"wp:attachment":[{"href":"https:\/\/analyse.optim.biz\/index.php?rest_route=%2Fwp%2Fv2%2Fmedia&parent=164589"}],"wp:term":[{"taxonomy":"category","embeddable":true,"href":"https:\/\/analyse.optim.biz\/index.php?rest_route=%2Fwp%2Fv2%2Fcategories&post=164589"},{"taxonomy":"post_tag","embeddable":true,"href":"https:\/\/analyse.optim.biz\/index.php?rest_route=%2Fwp%2Fv2%2Ftags&post=164589"}],"curies":[{"name":"wp","href":"https:\/\/api.w.org\/{rel}","templated":true}]}}