{"id":164465,"date":"2016-04-30T19:12:32","date_gmt":"2016-04-30T16:12:32","guid":{"rendered":"https:\/\/analyse.optim.biz\/?p=164465"},"modified":"2016-04-30T19:12:32","modified_gmt":"2016-04-30T16:12:32","slug":"ministrul-culturii-va-fi-revocat-dacian-ciolos-nimeni-nu-are-proprietatea-absoluta-a-reformelor-nici-macar-eu","status":"publish","type":"post","link":"https:\/\/analyse.optim.biz\/?p=164465","title":{"rendered":"Ministrul Culturii va fi revocat. Dacian Ciolo\u0219: \u201eNimeni nu are proprietatea absolut\u0103 a reformelor, nici m\u0103car eu\u201d"},"content":{"rendered":"<div class=\"entry data-app-meta data-app-meta-article\" data-embed-base-url-canonical=\"https:\/\/www.digi24.ro\/embed\/stiri\/actualitate\/politica\/ministrul-culturii-va-fi-revocat-dacian-ciolos-nimeni-nu-are-proprietatea-absoluta-a-reformelor-nici-macar-eu-512627\">\n<p data-index=\"1\"><img decoding=\"async\" src=\"https:\/\/analyse.optim.biz\/wp-content\/uploads\/2024\/09\/agfzad0yy2q2ntqyyzy3mdk5mgi2njc2owe3mdrlyzbiytbjmw-thumb_-1.jpg\" data-skip-htmlfix=\"1\" title=\"agfzad0yy2q2ntqyyzy3mdk5mgi2njc2owe3mdrlyzbiytbjmw-thumb_-1\"><\/p>\n<p data-index=\"2\">\u201eLegat de ultimele discu\u021bii \u00een jurul demisiei Ministrului Culturii: E p\u0103cat c\u0103 domnul Alexandrescu a ales s\u0103 termine \u00een acest fel. E alegerea dumnealui. Iar dac\u0103 domnul Alexandrescu are ceva de spus, s\u0103 o fac\u0103. M\u0103 \u00eentreb de ce nu a f\u0103cut-o p\u00e2n\u0103 acum, \u0219i de ce nu mi-a comunicat mie sau \u00een guvern situa\u021biile cu care sus\u021bine c\u0103 s-a confruntat. Via\u021ba merge \u00eenainte. Reformele vor continua \u0219i \u00een cultur\u0103 \u0219i \u00een alte domenii. Doresc tuturor sa g\u0103seasc\u0103 \u00een\u021belepciunea de a respecta S\u0103rb\u0103torile de Pa\u0219ti. Mar\u021bi voi trimite domnului pre\u0219edinte revocarea din func\u021bie a d-lui Alexandrescu \u0219i nominalizarea noului ministru. C\u0103ruia \u00eei voi cere s\u0103 continue reformele. \u00cen mod transparent \u0219i onest. Dar nimeni nu are proprietatea absolut\u0103 a reformelor. Nici m\u0103car eu. Fiecare \u00eens\u0103, cred c\u0103 trebuie s\u0103 facem ceea ce ne dicteaz\u0103 con\u0219tiin\u021ba. Lumina S\u0103rb\u0103torilor de Pa\u0219ti s\u0103 ne lumineze fiin\u021ba. \u0218i s\u0103 a\u0219tept\u0103m de la ceilal\u021bi s\u0103 fie mai buni, prin efortul nostru al fiec\u0103ruia de a ne ameliora. Cu Dumnezeu spre noi \u00een\u0219ine!\u201d, a scris Dacian Ciolo\u0219 pe Facebook.<\/p>\n<h3><span>Citi\u021bi \u0219i<\/span><\/h3>\n<h3><a href=\"https:\/\/www.digi24.ro\/Stiri\/Digi24\/Actualitate\/Politica\/Vlad+Alexandrescu+Nu+imi+dau+demisia+inainte+de+Paste\" data-skip-linkfix=\"1\"><span>Ministrul Culturii se r\u0103zg\u00e2nde\u0219te \u00eenc\u0103 o dat\u0103: Nu \u00eemi dau demisia \u00eenainte de Pa\u0219te<\/span><\/a><\/h3>\n<h3><a href=\"https:\/\/www.digi24.ro\/Stiri\/Digi24\/Actualitate\/Politica\/VLAD+ALEXANDRESCU+ACUZATII+PRESIUNI+PLAGIATE\" data-skip-linkfix=\"1\"><span>EXCLUSIV. Scrisoarea prin care ministrul culturii denun\u021b\u0103 presiuni \u00een cadrul Cabinetului Ciolo\u0219<\/span><\/a><\/h3>\n<p data-index=\"3\"><span>Premierul Dacian Ciolo\u0219 i-a cerut lui Vlad Alexandrescu s\u0103 \u00ee\u0219i dea demisia \u00een urma scandalului de la Oper\u0103. Mandatul s\u0103u \u00een fruntea Ministerului Culturii a fost marcat de numeroase reveniri gr\u0103bite asupra deciziilor luate. \u00cen cazul Operei, a numit \u0219i revocat trei directori \u00een doar c\u00e2teva s\u0103pt\u0103m\u00e2ni. Revenirea asupra deciziilor ini\u021biale s-a f\u0103cut ca urmare a unor reac\u021bii ale \u201dstr\u0103zii\u201d, respectiv a angaja\u021bilor Operei.<\/span><\/p>\n<p data-index=\"4\"><span><br \/><\/span><\/p>\n<\/div>\n<p> Source URL: https:\/\/www.digi24.ro\/stiri\/actualitate\/politica\/ministrul-culturii-va-fi-revocat-dacian-ciolos-nimeni-nu-are-proprietatea-absoluta-a-reformelor-nici-macar-eu-512627<\/p>\n","protected":false},"excerpt":{"rendered":"<p>\u201eLegat de ultimele discu\u021bii \u00een jurul demisiei Ministrului Culturii: E p\u0103cat c\u0103 domnul Alexandrescu a ales s\u0103 termine \u00een acest fel. E alegerea dumnealui. Iar dac\u0103 domnul Alexandrescu are ceva de spus, s\u0103 o fac\u0103. M\u0103 \u00eentreb de ce nu a f\u0103cut-o p\u00e2n\u0103 acum, \u0219i de ce nu mi-a comunicat mie sau \u00een guvern situa\u021biile [&hellip;]<\/p>\n","protected":false},"author":1,"featured_media":164466,"comment_status":"open","ping_status":"","sticky":false,"template":"","format":"standard","meta":{"footnotes":""},"categories":[2],"tags":[11],"class_list":["post-164465","post","type-post","status-publish","format-standard","has-post-thumbnail","hentry","category-politics","tag-digi24"],"_links":{"self":[{"href":"https:\/\/analyse.optim.biz\/index.php?rest_route=\/wp\/v2\/posts\/164465","targetHints":{"allow":["GET"]}}],"collection":[{"href":"https:\/\/analyse.optim.biz\/index.php?rest_route=\/wp\/v2\/posts"}],"about":[{"href":"https:\/\/analyse.optim.biz\/index.php?rest_route=\/wp\/v2\/types\/post"}],"author":[{"embeddable":true,"href":"https:\/\/analyse.optim.biz\/index.php?rest_route=\/wp\/v2\/users\/1"}],"replies":[{"embeddable":true,"href":"https:\/\/analyse.optim.biz\/index.php?rest_route=%2Fwp%2Fv2%2Fcomments&post=164465"}],"version-history":[{"count":0,"href":"https:\/\/analyse.optim.biz\/index.php?rest_route=\/wp\/v2\/posts\/164465\/revisions"}],"wp:featuredmedia":[{"embeddable":true,"href":"https:\/\/analyse.optim.biz\/index.php?rest_route=\/wp\/v2\/media\/164466"}],"wp:attachment":[{"href":"https:\/\/analyse.optim.biz\/index.php?rest_route=%2Fwp%2Fv2%2Fmedia&parent=164465"}],"wp:term":[{"taxonomy":"category","embeddable":true,"href":"https:\/\/analyse.optim.biz\/index.php?rest_route=%2Fwp%2Fv2%2Fcategories&post=164465"},{"taxonomy":"post_tag","embeddable":true,"href":"https:\/\/analyse.optim.biz\/index.php?rest_route=%2Fwp%2Fv2%2Ftags&post=164465"}],"curies":[{"name":"wp","href":"https:\/\/api.w.org\/{rel}","templated":true}]}}