{"id":164456,"date":"2016-05-01T13:56:58","date_gmt":"2016-05-01T10:56:58","guid":{"rendered":"https:\/\/analyse.optim.biz\/?p=164456"},"modified":"2016-05-01T13:56:58","modified_gmt":"2016-05-01T10:56:58","slug":"fotogalerie-presedintele-iohannis-se-afla-in-afganistan","status":"publish","type":"post","link":"https:\/\/analyse.optim.biz\/?p=164456","title":{"rendered":"FOTOGALERIE. Pre\u0219edintele Iohannis se afl\u0103 \u00een Afganistan"},"content":{"rendered":"<div class=\"entry data-app-meta data-app-meta-article\" data-embed-base-url-canonical=\"https:\/\/www.digi24.ro\/embed\/stiri\/actualitate\/politica\/fotogalerie-presedintele-iohannis-se-afla-in-afganistan-512766\">\n<figure class=\"article-thumb article-thumb-gallery article-thumb-gallery-alt\"><a href=\"https:\/\/www.digi24.ro\/galerie-foto\/1\/stiri\/actualitate\/politica\/fotogalerie-presedintele-iohannis-se-afla-in-afganistan-512766\" data-skip-linkfix=\"1\"><img decoding=\"async\" src=\"https:\/\/analyse.optim.biz\/wp-content\/uploads\/2024\/09\/yzaymjywztm5owjjztzindvhodu3yzmyoguz-thumb_.jpg\" alt=\"Klaus Iohannis Afganistan Paste 2016 6\" data-skip-htmlfix=\"1\" title=\"yzaymjywztm5owjjztzindvhodu3yzmyoguz-thumb_\"><figcaption>Klaus Iohannis Afganistan Paste 2016 6<\/figcaption><\/a><\/p>\n<div class=\"read-more-cta\"><a href=\"https:\/\/www.digi24.ro\/galerie-foto\/1\/stiri\/actualitate\/politica\/fotogalerie-presedintele-iohannis-se-afla-in-afganistan-512766\" title=\"Deschide galeria foto\" class=\"read-more\" data-skip-linkfix=\"1\">Deschide galeria foto<\/a><\/div>\n<\/figure>\n<div class=\"swiper-gallery-nav article-thumb\">\n<div class=\"swiper-container\">\n<div class=\"swiper-wrapper\"><a href=\"https:\/\/www.digi24.ro\/galerie-foto\/1\/stiri\/actualitate\/politica\/fotogalerie-presedintele-iohannis-se-afla-in-afganistan-512766#1\" class=\"swiper-slide\" data-skip-linkfix=\"1\"><img decoding=\"async\" src=\"https:\/\/analyse.optim.biz\/wp-content\/uploads\/2024\/09\/ownhndq3owewmmqwzjfmngjiyta5mzm5nzkw-thumb_.jpg\" alt=\"Klaus Iohannis Afganistan Paste 2016 6 | Poza 1 din 6\" data-skip-htmlfix=\"1\" title=\"ownhndq3owewmmqwzjfmngjiyta5mzm5nzkw-thumb_\"><figcaption class=\"hide\">Klaus Iohannis Afganistan Paste 2016 6<\/figcaption><\/a><a href=\"https:\/\/www.digi24.ro\/galerie-foto\/1\/stiri\/actualitate\/politica\/fotogalerie-presedintele-iohannis-se-afla-in-afganistan-512766#2\" class=\"swiper-slide\" data-skip-linkfix=\"1\"><img decoding=\"async\" src=\"https:\/\/analyse.optim.biz\/wp-content\/uploads\/2024\/09\/otdlyjk4y2m4njfjngflm2nlztm2mthkmtvj-thumb_.jpg\" alt=\"Klaus Iohannis Afganistan Paste 2016 5 | Poza 2 din 6\" data-skip-htmlfix=\"1\" title=\"otdlyjk4y2m4njfjngflm2nlztm2mthkmtvj-thumb_\"><figcaption class=\"hide\">Klaus Iohannis Afganistan Paste 2016 5<\/figcaption><\/a><a href=\"https:\/\/www.digi24.ro\/galerie-foto\/1\/stiri\/actualitate\/politica\/fotogalerie-presedintele-iohannis-se-afla-in-afganistan-512766#3\" class=\"swiper-slide\" data-skip-linkfix=\"1\"><img decoding=\"async\" src=\"https:\/\/analyse.optim.biz\/wp-content\/uploads\/2024\/09\/zdy3mgzimzhimgy2mja5nzhjmtbkzjixmmex-thumb_.jpg\" alt=\"Klaus Iohannis Afganistan Paste 2016 4 | Poza 3 din 6\" data-skip-htmlfix=\"1\" title=\"zdy3mgzimzhimgy2mja5nzhjmtbkzjixmmex-thumb_\"><figcaption class=\"hide\">Klaus Iohannis Afganistan Paste 2016 4<\/figcaption><\/a><a href=\"https:\/\/www.digi24.ro\/galerie-foto\/1\/stiri\/actualitate\/politica\/fotogalerie-presedintele-iohannis-se-afla-in-afganistan-512766#4\" class=\"swiper-slide\" data-skip-linkfix=\"1\"><img decoding=\"async\" src=\"https:\/\/analyse.optim.biz\/wp-content\/uploads\/2024\/09\/zji1ogy0ndcxmdy4nwfjnzk2otblnmixztuy-thumb_.jpg\" alt=\"Klaus Iohannis Afganistan Paste 2016 3 | Poza 4 din 6\" data-skip-htmlfix=\"1\" title=\"zji1ogy0ndcxmdy4nwfjnzk2otblnmixztuy-thumb_\"><figcaption class=\"hide\">Klaus Iohannis Afganistan Paste 2016 3<\/figcaption><\/a><a href=\"https:\/\/www.digi24.ro\/galerie-foto\/1\/stiri\/actualitate\/politica\/fotogalerie-presedintele-iohannis-se-afla-in-afganistan-512766#5\" class=\"swiper-slide\" data-skip-linkfix=\"1\"><img decoding=\"async\" src=\"https:\/\/analyse.optim.biz\/wp-content\/uploads\/2024\/09\/ogrlm2fhmda3ogzmyjm5mtixyzqynthinwq4-thumb_.jpg\" alt=\"Klaus Iohannis Afganistan Paste 2016 2 | Poza 5 din 6\" data-skip-htmlfix=\"1\" title=\"ogrlm2fhmda3ogzmyjm5mtixyzqynthinwq4-thumb_\"><figcaption class=\"hide\">Klaus Iohannis Afganistan Paste 2016 2<\/figcaption><\/a><a href=\"https:\/\/www.digi24.ro\/galerie-foto\/1\/stiri\/actualitate\/politica\/fotogalerie-presedintele-iohannis-se-afla-in-afganistan-512766#6\" class=\"swiper-slide\" data-skip-linkfix=\"1\"><img decoding=\"async\" src=\"https:\/\/analyse.optim.biz\/wp-content\/uploads\/2024\/09\/njc3ogfizty0n2u1mjvinmrjyzblyzq3mza2-thumb_.jpg\" alt=\"Klaus Iohannis Afganistan Paste 2016 1 | Poza 6 din 6\" data-skip-htmlfix=\"1\" title=\"njc3ogfizty0n2u1mjvinmrjyzblyzq3mza2-thumb_\"><figcaption class=\"hide\">Klaus Iohannis Afganistan Paste 2016 1<\/figcaption><\/a>, <\/div>\n<\/div>\n<\/div>\n<p data-index=\"1\">\u00a0\u00a0<\/p>\n<p data-index=\"2\"><strong>Actualizare 16:20<\/strong>&#8211; Pre\u015fedintele Klaus Iohannis i-a vizitat \u00een prima zi de Pa\u015fte pe militarii din Afganistan. \u015eeful statului a fost informat \u00een leg\u0103tur\u0103 cu starea de securitate din zon\u0103 \u015fi cu misiunile solda\u0163ilor no\u015ftri. Klaus Iohannis a mers \u00een teatrul de opera\u0163ii al\u0103turi de so\u0163ia sa \u015fi a \u0163inut un discurs \u00een fa\u0163a militarilor.\u00a0<\/p>\n<p data-index=\"3\">Pre\u0219edintele <a href=\"https:\/\/www.digi24.ro\/Stiri\/Digi24\/Actualitate\/Politica\/Mesajul+presedintelui+Klaus+Iohannis+pentru+militarii+din+Afgani\" data-skip-linkfix=\"1\">a transmis \u0219i un mesaj<\/a> pentru militarii din Afganistan.<\/p>\n<hr>\n<p data-index=\"4\">Vizita nu a fost anun\u021bat\u0103 dinainte, pentru c\u0103 a\u0219a este procedura \u00een astfel de cazuri. Este, \u00eens\u0103, o premier\u0103 pentru Rom\u00e2nia ca prima-doamn\u0103 s\u0103-l \u00eenso\u021beasc\u0103 pe \u0219eful statului \u00eentr-o deplasare \u00een teatre de opera\u021bii. Pre\u015fedintele merge pentru prima oar\u0103 \u00een Afganistan, de la preluarea mandatului.<\/p>\n<\/div>\n<p> Source URL: https:\/\/www.digi24.ro\/stiri\/actualitate\/politica\/fotogalerie-presedintele-iohannis-se-afla-in-afganistan-512766<\/p>\n","protected":false},"excerpt":{"rendered":"<p>Klaus Iohannis Afganistan Paste 2016 6 Deschide galeria foto Klaus Iohannis Afganistan Paste 2016 6Klaus Iohannis Afganistan Paste 2016 5Klaus Iohannis Afganistan Paste 2016 4Klaus Iohannis Afganistan Paste 2016 3Klaus Iohannis Afganistan Paste 2016 2Klaus Iohannis Afganistan Paste 2016 1, \u00a0\u00a0 Actualizare 16:20&#8211; Pre\u015fedintele Klaus Iohannis i-a vizitat \u00een prima zi de Pa\u015fte pe militarii [&hellip;]<\/p>\n","protected":false},"author":1,"featured_media":164457,"comment_status":"open","ping_status":"","sticky":false,"template":"","format":"standard","meta":{"footnotes":""},"categories":[2],"tags":[11],"class_list":["post-164456","post","type-post","status-publish","format-standard","has-post-thumbnail","hentry","category-politics","tag-digi24"],"_links":{"self":[{"href":"https:\/\/analyse.optim.biz\/index.php?rest_route=\/wp\/v2\/posts\/164456","targetHints":{"allow":["GET"]}}],"collection":[{"href":"https:\/\/analyse.optim.biz\/index.php?rest_route=\/wp\/v2\/posts"}],"about":[{"href":"https:\/\/analyse.optim.biz\/index.php?rest_route=\/wp\/v2\/types\/post"}],"author":[{"embeddable":true,"href":"https:\/\/analyse.optim.biz\/index.php?rest_route=\/wp\/v2\/users\/1"}],"replies":[{"embeddable":true,"href":"https:\/\/analyse.optim.biz\/index.php?rest_route=%2Fwp%2Fv2%2Fcomments&post=164456"}],"version-history":[{"count":0,"href":"https:\/\/analyse.optim.biz\/index.php?rest_route=\/wp\/v2\/posts\/164456\/revisions"}],"wp:featuredmedia":[{"embeddable":true,"href":"https:\/\/analyse.optim.biz\/index.php?rest_route=\/wp\/v2\/media\/164457"}],"wp:attachment":[{"href":"https:\/\/analyse.optim.biz\/index.php?rest_route=%2Fwp%2Fv2%2Fmedia&parent=164456"}],"wp:term":[{"taxonomy":"category","embeddable":true,"href":"https:\/\/analyse.optim.biz\/index.php?rest_route=%2Fwp%2Fv2%2Fcategories&post=164456"},{"taxonomy":"post_tag","embeddable":true,"href":"https:\/\/analyse.optim.biz\/index.php?rest_route=%2Fwp%2Fv2%2Ftags&post=164456"}],"curies":[{"name":"wp","href":"https:\/\/api.w.org\/{rel}","templated":true}]}}