{"id":164447,"date":"2016-05-12T18:49:28","date_gmt":"2016-05-12T15:49:28","guid":{"rendered":"https:\/\/analyse.optim.biz\/?p=164447"},"modified":"2016-05-12T18:49:28","modified_gmt":"2016-05-12T15:49:28","slug":"deputat-pnl-e-caraghios-refuzul-lui-tariceanu-de-a-participa-la-inaugurarea-scutului-de-la-deveselu","status":"publish","type":"post","link":"https:\/\/analyse.optim.biz\/?p=164447","title":{"rendered":"Deputat PNL: E caraghios refuzul lui T\u0103riceanu de a participa la inaugurarea scutului de la Deveselu"},"content":{"rendered":"<div class=\"entry data-app-meta data-app-meta-article\" data-embed-base-url-canonical=\"https:\/\/www.digi24.ro\/embed\/stiri\/actualitate\/politica\/deputat-pnl-e-caraghios-refuzul-lui-tariceanu-de-a-participa-la-inaugurarea-scutului-de-la-deveselu-517099\">\n<p data-index=\"1\">\u00a0<img decoding=\"async\" src=\"https:\/\/analyse.optim.biz\/wp-content\/uploads\/2024\/09\/otbhnmnjzjnhzti0mjqxnjmwmtg4ywm1zq-thumb_.jpg\" data-skip-htmlfix=\"1\" title=\"otbhnmnjzjnhzti0mjqxnjmwmtg4ywm1zq-thumb_\"><\/p>\n<p data-index=\"2\">&#8220;E deconcertant\u0103 nemul\u021bumirea domnului T\u0103riceanu legat\u0103 de organizarea inaugur\u0103rii oficiale a scutului antirachet\u0103 de la Deveselu care, \u00een accep\u021bia sa, &#8216;desconsider\u0103 flagrant pozi\u021bia Senatului \u00een ordinea constitu\u021bional\u0103 a Rom\u00e2niei&#8217;. Iar refuzul s\u0103u de a participa este caraghios. Dac\u0103 nu a \u00een\u021beles exact semnifica\u021bia gestului organizatorilor \u00eei explic eu: T\u0103riceanu culege roadele pozi\u021biilor anti-justi\u021bie \u0219i atacurilor ne\u00eencetate la adresa statului de drept&#8221;, a afirmat Rae\u021bchi \u00eentr-un comunicat remis, joi, AGERPRES.<\/p>\n<p data-index=\"3\">Liberalul sus\u021bine c\u0103 T\u0103riceanu a &#8220;t\u00e2r\u00e2t&#8221; Senatul \u00eentr-un conflict. &#8220;Nu intereseaz\u0103 \u00een context persoana domnului T\u0103riceanu, ci faptul c\u0103 a t\u00e2r\u00e2t \u0219i Senatul \u00een acest conflict, prin intermediul unor comisii maoiste pentru ap\u0103rarea democra\u021biei. Scopul constant al domnului T\u0103riceanu este acela de a g\u0103si noi modalit\u0103\u021bi de a ataca justi\u021bia \u0219i DNA, adic\u0103 acele institu\u021bii sus\u021binute puternic de cet\u0103\u021beni, dar \u0219i definitorii pentru valorile statelor NATO. Domnul T\u0103riceanu sau domnul Vanghelie &#8211; adversarii esen\u021biali ai DNA &#8211; ar primi un rol mult mai important la o inaugurare de baz\u0103 \u00eentr-un imperiu de la R\u0103s\u0103rit&#8221;, conchide Rae\u021bchi.<\/p>\n<p data-index=\"4\">C\u0103lin Popescu-T\u0103riceanu a declarat joi c\u0103 inaugurarea oficial\u0103 a sistemului defensiv Aegis Shore din baza de la Deveselu este un eveniment major, care marcheaz\u0103 contribu\u021bia activ\u0103 a Rom\u00e2niei la ac\u021biunile NATO, dar a precizat c\u0103 \u0219i-a anulat participarea la acest eveniment din cauza faptului c\u0103 organizarea lui &#8220;desconsider\u0103 flagrant pozi\u021bia Senatului \u00een ordinea constitu\u021bional\u0103 a Rom\u00e2niei&#8221;.<\/p>\n<\/div>\n<p> Source URL: https:\/\/www.digi24.ro\/stiri\/actualitate\/politica\/deputat-pnl-e-caraghios-refuzul-lui-tariceanu-de-a-participa-la-inaugurarea-scutului-de-la-deveselu-517099<\/p>\n","protected":false},"excerpt":{"rendered":"<p>\u00a0 &#8220;E deconcertant\u0103 nemul\u021bumirea domnului T\u0103riceanu legat\u0103 de organizarea inaugur\u0103rii oficiale a scutului antirachet\u0103 de la Deveselu care, \u00een accep\u021bia sa, &#8216;desconsider\u0103 flagrant pozi\u021bia Senatului \u00een ordinea constitu\u021bional\u0103 a Rom\u00e2niei&#8217;. Iar refuzul s\u0103u de a participa este caraghios. Dac\u0103 nu a \u00een\u021beles exact semnifica\u021bia gestului organizatorilor \u00eei explic eu: T\u0103riceanu culege roadele pozi\u021biilor anti-justi\u021bie \u0219i [&hellip;]<\/p>\n","protected":false},"author":1,"featured_media":164448,"comment_status":"open","ping_status":"","sticky":false,"template":"","format":"standard","meta":{"footnotes":""},"categories":[2],"tags":[11],"class_list":["post-164447","post","type-post","status-publish","format-standard","has-post-thumbnail","hentry","category-politics","tag-digi24"],"_links":{"self":[{"href":"https:\/\/analyse.optim.biz\/index.php?rest_route=\/wp\/v2\/posts\/164447","targetHints":{"allow":["GET"]}}],"collection":[{"href":"https:\/\/analyse.optim.biz\/index.php?rest_route=\/wp\/v2\/posts"}],"about":[{"href":"https:\/\/analyse.optim.biz\/index.php?rest_route=\/wp\/v2\/types\/post"}],"author":[{"embeddable":true,"href":"https:\/\/analyse.optim.biz\/index.php?rest_route=\/wp\/v2\/users\/1"}],"replies":[{"embeddable":true,"href":"https:\/\/analyse.optim.biz\/index.php?rest_route=%2Fwp%2Fv2%2Fcomments&post=164447"}],"version-history":[{"count":0,"href":"https:\/\/analyse.optim.biz\/index.php?rest_route=\/wp\/v2\/posts\/164447\/revisions"}],"wp:featuredmedia":[{"embeddable":true,"href":"https:\/\/analyse.optim.biz\/index.php?rest_route=\/wp\/v2\/media\/164448"}],"wp:attachment":[{"href":"https:\/\/analyse.optim.biz\/index.php?rest_route=%2Fwp%2Fv2%2Fmedia&parent=164447"}],"wp:term":[{"taxonomy":"category","embeddable":true,"href":"https:\/\/analyse.optim.biz\/index.php?rest_route=%2Fwp%2Fv2%2Fcategories&post=164447"},{"taxonomy":"post_tag","embeddable":true,"href":"https:\/\/analyse.optim.biz\/index.php?rest_route=%2Fwp%2Fv2%2Ftags&post=164447"}],"curies":[{"name":"wp","href":"https:\/\/api.w.org\/{rel}","templated":true}]}}