{"id":164358,"date":"2016-05-16T11:24:39","date_gmt":"2016-05-16T08:24:39","guid":{"rendered":"https:\/\/analyse.optim.biz\/?p=164358"},"modified":"2016-05-16T11:24:39","modified_gmt":"2016-05-16T08:24:39","slug":"reactia-lui-liviu-dragnea-dupa-ce-dna-a-cerut-punerea-sub-acuzare-a-lui-titus-corlatean","status":"publish","type":"post","link":"https:\/\/analyse.optim.biz\/?p=164358","title":{"rendered":"Reac\u0163ia lui Liviu Dragnea dup\u0103 ce DNA a cerut punerea sub acuzare a lui Titus Corl\u0103\u0163ean"},"content":{"rendered":"<div class=\"entry data-app-meta data-app-meta-article\" data-embed-base-url-canonical=\"https:\/\/www.digi24.ro\/embed\/stiri\/actualitate\/politica\/reactia-lui-liviu-dragnea-dupa-ce-dna-a-cerut-punerea-sub-acuzare-a-lui-titus-corlatean-518198\">\n<p data-index=\"1\">Reporter: Cum va reac\u0163iona PSD, cum ve\u0163i vota \u00een Senat?<\/p>\n<p data-index=\"2\">Liviu Dragnea: O s\u0103 discut\u0103m. Informa\u0163ia este foarte proasp\u0103t\u0103 \u015fi o s\u0103 discut\u0103m cu colegii no\u015ftri. Recunosc c\u0103 nu m\u0103 a\u015fteptam la asta dar&#8230; Ne \u00eent\u00e2lnim \u015fi stabilim ce facem.<\/p>\n<p data-index=\"3\">Reporter: Va ajunge ancheta la Victor Ponta, av\u00e2nd \u00een vedere c\u0103 e \u00een leg\u0103tur\u0103 cu votul de la preziden\u0163iale?<\/p>\n<p data-index=\"4\">Liviu Dragnea: Nu cred, nu cred c\u0103 poate s\u0103 ajung\u0103 la Victor Ponta. N-ar avea de ce. Victor Ponta a fost candidat&#8230;<\/p>\n<p data-index=\"5\">Reporter: Dar era prim-ministru.<\/p>\n<p data-index=\"6\">Liviu Dragnea: \u015etiu, dar nici eu, nici dumneavoastr\u0103 nu suntem procurori, deci nu \u015ftim ce e acolo.<\/p>\n<p data-index=\"7\">Reporter: Dar la dumneavoastr\u0103 ar putea ajunge? Era\u0163i coordonatorul campaniei.<\/p>\n<p data-index=\"8\">Liviu Dragnea: Cred c\u0103 ar putea ajunge la toat\u0103 lumea din Rom\u00e2nia&#8230; Nu, nu. Nu \u00een\u0163eleg de ce a ajuns la Titus dar, v-am spus, nu am toate informa\u0163iile.<\/p>\n<p data-index=\"9\">Reporter: Ve\u0163i avea vreo recomandare pentru senatorii PSD \u00een privin\u0163a votului?<\/p>\n<p data-index=\"10\">Liviu Dragnea: V-am spus c\u0103 o s\u0103 discut\u0103m.<\/p>\n<p data-index=\"11\">Reporter. C\u00e2nd ar putea avea loc votul, av\u00e2nd \u00een vedere c\u0103 la Senat e vacan\u0163\u0103?<\/p>\n<p data-index=\"12\">Liviu Dragnea: De asta nu pot s\u0103 v\u0103 spun foarte multe lucruri, pentru c\u0103 ei au luat o decizie ca \u00een campania eletoral\u0103 s\u0103 \u00ee\u015fi am\u00e2ne dezbaterile dinm Senat \u015fi e o situa\u0163ie pu\u0163in diferit\u0103.<\/p>\n<\/div>\n<p> Source URL: https:\/\/www.digi24.ro\/stiri\/actualitate\/politica\/reactia-lui-liviu-dragnea-dupa-ce-dna-a-cerut-punerea-sub-acuzare-a-lui-titus-corlatean-518198<\/p>\n","protected":false},"excerpt":{"rendered":"<p>Reporter: Cum va reac\u0163iona PSD, cum ve\u0163i vota \u00een Senat? Liviu Dragnea: O s\u0103 discut\u0103m. Informa\u0163ia este foarte proasp\u0103t\u0103 \u015fi o s\u0103 discut\u0103m cu colegii no\u015ftri. Recunosc c\u0103 nu m\u0103 a\u015fteptam la asta dar&#8230; Ne \u00eent\u00e2lnim \u015fi stabilim ce facem. Reporter: Va ajunge ancheta la Victor Ponta, av\u00e2nd \u00een vedere c\u0103 e \u00een leg\u0103tur\u0103 cu [&hellip;]<\/p>\n","protected":false},"author":1,"featured_media":164359,"comment_status":"open","ping_status":"","sticky":false,"template":"","format":"standard","meta":{"footnotes":""},"categories":[2],"tags":[11],"class_list":["post-164358","post","type-post","status-publish","format-standard","has-post-thumbnail","hentry","category-politics","tag-digi24"],"_links":{"self":[{"href":"https:\/\/analyse.optim.biz\/index.php?rest_route=\/wp\/v2\/posts\/164358","targetHints":{"allow":["GET"]}}],"collection":[{"href":"https:\/\/analyse.optim.biz\/index.php?rest_route=\/wp\/v2\/posts"}],"about":[{"href":"https:\/\/analyse.optim.biz\/index.php?rest_route=\/wp\/v2\/types\/post"}],"author":[{"embeddable":true,"href":"https:\/\/analyse.optim.biz\/index.php?rest_route=\/wp\/v2\/users\/1"}],"replies":[{"embeddable":true,"href":"https:\/\/analyse.optim.biz\/index.php?rest_route=%2Fwp%2Fv2%2Fcomments&post=164358"}],"version-history":[{"count":0,"href":"https:\/\/analyse.optim.biz\/index.php?rest_route=\/wp\/v2\/posts\/164358\/revisions"}],"wp:featuredmedia":[{"embeddable":true,"href":"https:\/\/analyse.optim.biz\/index.php?rest_route=\/wp\/v2\/media\/164359"}],"wp:attachment":[{"href":"https:\/\/analyse.optim.biz\/index.php?rest_route=%2Fwp%2Fv2%2Fmedia&parent=164358"}],"wp:term":[{"taxonomy":"category","embeddable":true,"href":"https:\/\/analyse.optim.biz\/index.php?rest_route=%2Fwp%2Fv2%2Fcategories&post=164358"},{"taxonomy":"post_tag","embeddable":true,"href":"https:\/\/analyse.optim.biz\/index.php?rest_route=%2Fwp%2Fv2%2Ftags&post=164358"}],"curies":[{"name":"wp","href":"https:\/\/api.w.org\/{rel}","templated":true}]}}