{"id":164347,"date":"2016-05-16T12:18:09","date_gmt":"2016-05-16T09:18:09","guid":{"rendered":"https:\/\/analyse.optim.biz\/?p=164347"},"modified":"2016-05-16T12:18:09","modified_gmt":"2016-05-16T09:18:09","slug":"psd-are-probleme-administrative-cu-schimbarea-lui-valeriu-zgonea","status":"publish","type":"post","link":"https:\/\/analyse.optim.biz\/?p=164347","title":{"rendered":"PSD are probleme administrative cu schimbarea lui Valeriu Zgonea"},"content":{"rendered":"<div class=\"entry data-app-meta data-app-meta-article\" data-embed-base-url-canonical=\"https:\/\/www.digi24.ro\/embed\/stiri\/actualitate\/politica\/psd-are-probleme-administrative-cu-schimbarea-lui-valeriu-zgonea-518221\">\n<p data-index=\"1\">Reporter: Care este pasul urm\u0103tor pe care \u00eel ve\u0163i face privind revocarea lui Valeriu Zgonea?<\/p>\n<p data-index=\"2\">Liviu Dragnea: Pasul urm\u0103tor va fi revocarea. A\u015ftept\u0103m s\u0103 se modifice regulamentul dup\u0103 care vom introduce cererea de revocare. \u015ei atunci toate m\u0103\u015ftile lui o s\u0103 plece.<\/p>\n<p data-index=\"3\">Reporter: Va fi un vot \u015fi \u00een plenul Camerei Deputa\u0163ilor.<\/p>\n<p data-index=\"4\">Liviu Dragnea: Categoric. Comisia de regulament va propune plenului modific\u0103rile. \u015ei dup\u0103 ce se aprob\u0103 urmeaz\u0103 pasul doi, revocarea.<\/p>\n<p data-index=\"5\">Reporter: Modific\u0103rile au fost deja f\u0103cute \u00een comisie?<\/p>\n<p data-index=\"6\">Liviu Dragnea: Este foarte simplu s\u0103 se pun\u0103 \u00een acord regulamentul Camerei Deputa\u0163ilor cu decizia Cur\u0163ii Constitu\u0163ionale, nu e nimic complicat. De ce nu au f\u0103cut lucrul \u0103sta? Probabil c\u0103 \u0103sta era motivul, ca s\u0103 fie acoperit sau s\u0103 fie protejat.<\/p>\n<p data-index=\"7\">Reporter: P\u00e2n\u0103 la alegerile locale, PSD va sus\u0163ine un alt pre\u015fedinte la Camera Deputa\u0163ilor?<\/p>\n<p data-index=\"8\">Liviu Dragnea: e pu\u0163in probabil dintr-un motiv pur \u015fi simplu administrativ. Majoritatea deputa\u0163ilor sunt foarte implica\u0163i \u00een campania electoral\u0103 pentru locale \u015fi nu suntem foarte siguri c\u0103 pot fi prezen\u0163i to\u0163i \u00een plen atunci c\u00e2nd va fi acest vor. Asta e singura motiva\u0163ie pentru care \u00eenc\u0103 mai r\u0103m\u00e2ne acolo.<\/p>\n<\/div>\n<p> Source URL: https:\/\/www.digi24.ro\/stiri\/actualitate\/politica\/psd-are-probleme-administrative-cu-schimbarea-lui-valeriu-zgonea-518221<\/p>\n","protected":false},"excerpt":{"rendered":"<p>Reporter: Care este pasul urm\u0103tor pe care \u00eel ve\u0163i face privind revocarea lui Valeriu Zgonea? Liviu Dragnea: Pasul urm\u0103tor va fi revocarea. A\u015ftept\u0103m s\u0103 se modifice regulamentul dup\u0103 care vom introduce cererea de revocare. \u015ei atunci toate m\u0103\u015ftile lui o s\u0103 plece. Reporter: Va fi un vot \u015fi \u00een plenul Camerei Deputa\u0163ilor. Liviu Dragnea: Categoric. [&hellip;]<\/p>\n","protected":false},"author":1,"featured_media":164348,"comment_status":"open","ping_status":"","sticky":false,"template":"","format":"standard","meta":{"footnotes":""},"categories":[2],"tags":[11],"class_list":["post-164347","post","type-post","status-publish","format-standard","has-post-thumbnail","hentry","category-politics","tag-digi24"],"_links":{"self":[{"href":"https:\/\/analyse.optim.biz\/index.php?rest_route=\/wp\/v2\/posts\/164347","targetHints":{"allow":["GET"]}}],"collection":[{"href":"https:\/\/analyse.optim.biz\/index.php?rest_route=\/wp\/v2\/posts"}],"about":[{"href":"https:\/\/analyse.optim.biz\/index.php?rest_route=\/wp\/v2\/types\/post"}],"author":[{"embeddable":true,"href":"https:\/\/analyse.optim.biz\/index.php?rest_route=\/wp\/v2\/users\/1"}],"replies":[{"embeddable":true,"href":"https:\/\/analyse.optim.biz\/index.php?rest_route=%2Fwp%2Fv2%2Fcomments&post=164347"}],"version-history":[{"count":0,"href":"https:\/\/analyse.optim.biz\/index.php?rest_route=\/wp\/v2\/posts\/164347\/revisions"}],"wp:featuredmedia":[{"embeddable":true,"href":"https:\/\/analyse.optim.biz\/index.php?rest_route=\/wp\/v2\/media\/164348"}],"wp:attachment":[{"href":"https:\/\/analyse.optim.biz\/index.php?rest_route=%2Fwp%2Fv2%2Fmedia&parent=164347"}],"wp:term":[{"taxonomy":"category","embeddable":true,"href":"https:\/\/analyse.optim.biz\/index.php?rest_route=%2Fwp%2Fv2%2Fcategories&post=164347"},{"taxonomy":"post_tag","embeddable":true,"href":"https:\/\/analyse.optim.biz\/index.php?rest_route=%2Fwp%2Fv2%2Ftags&post=164347"}],"curies":[{"name":"wp","href":"https:\/\/api.w.org\/{rel}","templated":true}]}}