{"id":164341,"date":"2016-05-16T14:43:37","date_gmt":"2016-05-16T11:43:37","guid":{"rendered":"https:\/\/analyse.optim.biz\/?p=164341"},"modified":"2016-05-16T14:43:37","modified_gmt":"2016-05-16T11:43:37","slug":"reactie-in-cazul-corlatean-liberalii-indica-alti-vinovati-pentru-impiedicarea-votului-din-diaspora","status":"publish","type":"post","link":"https:\/\/analyse.optim.biz\/?p=164341","title":{"rendered":"Reac\u0163ie \u00een cazul Corl\u0103\u0163ean. Liberalii indic\u0103 al\u0163i vinova\u0163i pentru \u00eempiedicarea votului din diaspora"},"content":{"rendered":"<div class=\"entry data-app-meta data-app-meta-article\" data-embed-base-url-canonical=\"https:\/\/www.digi24.ro\/embed\/stiri\/actualitate\/politica\/reactie-in-cazul-corlatean-liberalii-indica-alti-vinovati-pentru-impiedicarea-votului-din-diaspora-518309\">\n<p data-index=\"1\"><img decoding=\"async\" src=\"https:\/\/analyse.optim.biz\/wp-content\/uploads\/2024\/09\/mczoyxnopti0nji2ymu0ndjinjc3ntk0mmzknzc1zde0zmyxmjyz-thumb_.jpg\" data-skip-htmlfix=\"1\" title=\"mczoyxnopti0nji2ymu0ndjinjc3ntk0mmzknzc1zde0zmyxmjyz-thumb_\"><\/p>\n<p data-index=\"2\">\u201eAst\u0103zi, la mai mult de un an de la alegerile preziden\u021biale, \u00eencepem s\u0103 tragem speran\u021be c\u0103 vom afla adev\u0103rul despre ceea ce a \u00eensemnat blocarea votului din diaspora. Eu nu doresc \u00een mod special r\u0103ul domnului Corl\u0103\u021bean, mai ales c\u0103 acesta, cu siguran\u021b\u0103, a fost mai degrab\u0103 un executant al ordinelor primite de la prim-ministrul Victor Ponta care era \u0219i candidatul PSD la acele alegeri&#8221;, a declarat Mihai Voicu citat de <a href=\"http:\/\/www.agerpres.ro\/politica\/2016\/05\/16\/voicu-senatorii-sa-dea-curs-cererii-justitiei-in-cazul-corlatean-responsabili-politici-ponta-si-dragnea-14-14-08\" target=\"_blank\" data-skip-linkfix=\"1\" rel=\"noopener\">Agerpres<\/a>.<\/p>\n<p data-index=\"3\">Vicepre\u015fedintele liberal a spus c\u0103 to\u0163i parlamentarii ar trebui s\u0103 voteze \u00een favoarea solicit\u0103rii DNA. Dar a insistat c\u0103 acesta doar a executat ordinele primite de la \u015feful s\u0103u de partid \u015fi de guvern.<\/p>\n<p data-index=\"4\">\u201ePolitic, responsabil este Victor Ponta. Nu \u00eel \u00eenvinov\u0103\u021besc politic pe Titus Corl\u0103\u021bean de ceva. Este clar c\u0103 responsabilul politic este Victor Ponta, secondat de Liviu Dragnea, cel care \u00eei conducea campania electoral\u0103. \u00cens\u0103, legal, MAE este cel care se ocup\u0103 de votul \u00een str\u0103in\u0103tate. MAE este cel care putea s\u0103 regleze, f\u0103r\u0103 modific\u0103ri ale legii, aceste voturi\u201d, a spus Mihai Voicu.<\/p>\n<p data-index=\"5\">O reac\u0163ie a postat pe Facebook \u015fi copre\u015fedintele Alina Gorghiu.<\/p>\n<p data-index=\"6\">\u201e\u00cen 2014, foarte mul\u021bi rom\u00e2ni din diaspora au fost \u00eempiedica\u021bi s\u0103 voteze. Cei care au dorit s\u0103-\u0219i exercite acest drept au suportat ore \u00een \u0219ir de a\u0219teptat, \u00een ploaie, la cozile umilin\u021bei. Aparatul de stat al PSD a c\u0103lcat democra\u021bia \u00een picioare ca s\u0103-\u0219i scoat\u0103 candidatul c\u00e2\u0219tig\u0103tor. Rom\u00e2nii din diaspora, dar \u0219i noi cei din \u021bar\u0103, a\u0219tept\u0103m un deznod\u0103m\u00e2nt al anchetei \u00een acest caz. E bine c\u0103 se \u00eent\u00e2mpl\u0103 totu\u0219i ceva, fie \u0219i la un an \u0219i jum\u0103tate de la cea mai grav\u0103 \u00eenc\u0103lcare a drepturilor electorale petrecut\u0103 \u00een Rom\u00e2nia ultimilor ani.<br \/>\u00cengr\u0103direa drepturilor cet\u0103\u021benilor a fost dintotdeauna specialitatea PSD. Le cer s\u0103 aib\u0103 decen\u021ba de a nu \u00eempiedica aceast\u0103 anchet\u0103 printr-un vot \u00eempotriva urm\u0103ririi penale. E momentul s\u0103 plece capul \u00een p\u0103m\u00e2nt, s\u0103-\u0219i recunoasc\u0103 abuzul \u0219i s\u0103 le cear\u0103 scuze rom\u00e2nilor. Asta pentru c\u0103 votul nu e o lozinc\u0103!\u201d, a scris liderul PNL. \u00a0<\/p>\n<\/div>\n<p> Source URL: https:\/\/www.digi24.ro\/stiri\/actualitate\/politica\/reactie-in-cazul-corlatean-liberalii-indica-alti-vinovati-pentru-impiedicarea-votului-din-diaspora-518309<\/p>\n","protected":false},"excerpt":{"rendered":"<p>\u201eAst\u0103zi, la mai mult de un an de la alegerile preziden\u021biale, \u00eencepem s\u0103 tragem speran\u021be c\u0103 vom afla adev\u0103rul despre ceea ce a \u00eensemnat blocarea votului din diaspora. Eu nu doresc \u00een mod special r\u0103ul domnului Corl\u0103\u021bean, mai ales c\u0103 acesta, cu siguran\u021b\u0103, a fost mai degrab\u0103 un executant al ordinelor primite de la prim-ministrul [&hellip;]<\/p>\n","protected":false},"author":1,"featured_media":164342,"comment_status":"open","ping_status":"","sticky":false,"template":"","format":"standard","meta":{"footnotes":""},"categories":[2],"tags":[11],"class_list":["post-164341","post","type-post","status-publish","format-standard","has-post-thumbnail","hentry","category-politics","tag-digi24"],"_links":{"self":[{"href":"https:\/\/analyse.optim.biz\/index.php?rest_route=\/wp\/v2\/posts\/164341","targetHints":{"allow":["GET"]}}],"collection":[{"href":"https:\/\/analyse.optim.biz\/index.php?rest_route=\/wp\/v2\/posts"}],"about":[{"href":"https:\/\/analyse.optim.biz\/index.php?rest_route=\/wp\/v2\/types\/post"}],"author":[{"embeddable":true,"href":"https:\/\/analyse.optim.biz\/index.php?rest_route=\/wp\/v2\/users\/1"}],"replies":[{"embeddable":true,"href":"https:\/\/analyse.optim.biz\/index.php?rest_route=%2Fwp%2Fv2%2Fcomments&post=164341"}],"version-history":[{"count":0,"href":"https:\/\/analyse.optim.biz\/index.php?rest_route=\/wp\/v2\/posts\/164341\/revisions"}],"wp:featuredmedia":[{"embeddable":true,"href":"https:\/\/analyse.optim.biz\/index.php?rest_route=\/wp\/v2\/media\/164342"}],"wp:attachment":[{"href":"https:\/\/analyse.optim.biz\/index.php?rest_route=%2Fwp%2Fv2%2Fmedia&parent=164341"}],"wp:term":[{"taxonomy":"category","embeddable":true,"href":"https:\/\/analyse.optim.biz\/index.php?rest_route=%2Fwp%2Fv2%2Fcategories&post=164341"},{"taxonomy":"post_tag","embeddable":true,"href":"https:\/\/analyse.optim.biz\/index.php?rest_route=%2Fwp%2Fv2%2Ftags&post=164341"}],"curies":[{"name":"wp","href":"https:\/\/api.w.org\/{rel}","templated":true}]}}