{"id":164330,"date":"2016-05-16T15:31:50","date_gmt":"2016-05-16T12:31:50","guid":{"rendered":"https:\/\/analyse.optim.biz\/?p=164330"},"modified":"2016-05-16T15:31:50","modified_gmt":"2016-05-16T12:31:50","slug":"v-zgonea-ii-raspunde-lui-l-dragnea-suma-deplasarilor-mele-in-alte-institutii-e-mai-mica-decat-a-celor-care-fac-afirmatii","status":"publish","type":"post","link":"https:\/\/analyse.optim.biz\/?p=164330","title":{"rendered":"V. Zgonea \u00eei r\u0103spunde lui L. Dragnea: Suma deplas\u0103rilor mele \u00een alte institu\u021bii e mai mic\u0103 dec\u00e2t a celor care fac afirma\u021bii"},"content":{"rendered":"<div class=\"entry data-app-meta data-app-meta-article\" data-embed-base-url-canonical=\"https:\/\/www.digi24.ro\/embed\/stiri\/actualitate\/politica\/v-zgonea-ii-raspunde-lui-l-dragnea-suma-deplasarilor-mele-in-alte-institutii-e-mai-mica-decat-a-celor-care-fac-afirmatii-518326\">\n<p data-index=\"1\">\u201eA\u015fa cum v\u0103 spun, m\u0103 a\u015ftept s\u0103 schimb\u0103m o lege pentru un om. Dac\u0103 e\u015fti dat afar\u0103 pentru indisciplin\u0103 democratic\u0103&#8230; \u00cen rest, ca pre\u015fedinte nu comentez, cum n-am comentat niciodat\u0103 \u015fi respect opiniile tuturor colegilor, indiferent de partidul politic\u201d, a r\u0103spuns Valeriu Zgonea, \u00eentrebat cum comenteaz\u0103 planurile PSD de \u00eendep\u0103rtare a sa din func\u0163ia de pre\u015fedinte al Camerei Deputa\u0163ilor.<\/p>\n<p data-index=\"2\">Liviu Dragnea a spus, ast\u0103zi, c\u0103 schimbarea \u015fefului Camerei va avea loc dup\u0103 alegerile locale, deoarece p\u00e2n\u0103 atunci deputa\u0163ii sunt prin\u015fi \u00een campania electoral\u0103 \u015fi nu prea vin la serviciu. Prima dat\u0103 va trebui \u00eens\u0103 schimbat regulamentul, pentru a permite grupului parlamentar care l-a propus pe Valeriu Zgonea s\u0103 cear\u0103 \u015fi revocarea lui.<\/p>\n<p data-index=\"3\">\u00cen fa\u0163a jurnali\u015ftilor, pre\u015fedintele Camerei Deputa\u0163ilor s-a ar\u0103tat calm \u015fi \u00eemp\u0103cat cu to\u0163i cei care \u00eei atac\u0103 sau \u00eel sprijin\u0103: \u201eFac parte din obliga\u0163iile tale ca al clasei politice. Nu trebuie s\u0103 fii \u00eentotdeauna sup\u0103rat \u015fi \u00eencruntat pe toat\u0103 lumea \u015fi s\u0103 fii sup\u0103rat dac\u0103 un ziar sau un post de televiziune te persiflez\u0103 sau te ironizeaz\u0103. Face parte din slujba pe care \u015fi-ai asumat-o \u00een numele cet\u0103\u0163enilor. Dac\u0103 tr\u0103im numai \u00een urm\u0103 \u015fi \u00een dezbinare atunci \u00eenseamn\u0103 c\u0103 nu suntem \u00eentr-o \u0163ar\u0103 democratic\u0103\u201d.<\/p>\n<p data-index=\"4\">\u00cen ceea ce-l prive\u015fte, Valeriu Zgonea spune c\u0103 el va respecta \u00eentotdfeauna legea: \u201eV\u0103 rog s\u0103 v\u0103 uita\u0163i la declara\u0163ia mea din decembrie 2012, c\u00e2nd am fost ales pre\u015fedinte al Camerei Deputa\u0163ilor. \u00centotdeauna voi respecta regulamentul. Ceea ce am spus: legalitate, legalitate, legalitate\u201d.<\/p>\n<p data-index=\"5\">Zgonea le d\u0103 \u015fi replica celor care \u00eel acuz\u0103 c\u0103 merge prtea des la Cotroceni. \u201eEu respect opiniile diversificate, dar s\u0103 \u0163ine\u0163i minte de la mine o fraz\u0103 pe care am citit-o \u015fi eu \u00eentr-o carte scris\u0103 de un mare om de stat: \u00eentre percep\u0163ie \u015fi adev\u0103r este o diferen\u0163\u0103 foarte mare. Suma deplas\u0103rilor mele \u00een alte institu\u0163ii este mult mai mic\u0103 dec\u00e2t a celor care fac afirma\u0163ii \u015fi \u00eentotdeauna deplasarea mea a fost strict \u00een interesul institu\u0163iei pe care o reprezint\u201d, a spus Valeriu Zgonea, \u00eentrebat cum comenteaz\u0103 declara\u021bia lui Liviu Dragnea potrivit c\u0103reia pre\u0219edintele Camerei a ac\u021bionat \u00eempotriva partidului \u0219i se ducea des la Cotroceni. \u00a0<\/p>\n<p data-index=\"6\">\u00cen ceea ce prive\u015fte modul \u00een care a respectat el \u00eentotdeauna legile, \u015feful Camerei deputa\u0163ilor are o viziune personal\u0103 despre \u201emar\u0163ea negar\u0103\u201d, zi \u00een care PSD a \u00eencercat s\u0103 adopte \u00een Parlament mai multe proiecte de modificare a Codului Penal: \u201eNu pot s\u0103-mi repro\u015fez mar\u0163ea neagr\u0103 pentru c\u0103 eu am fost cel am scos acel proiect de pe ordinea de zi. Este \u00een stenograma \u015fedin\u0163ei de pe 10 decembrie. Un proiect de lege nu a fost promovat. P\u00e2n\u0103 la final acest proiect care a fost controversat a fost respins de parlamentul Rom\u00e2niei, deci nu a produs efecte. Ceea ce este important pentru noi, ca societate, s\u0103 vedem c\u0103 parlamentul Rom\u00e2niei este o institu\u0163ie care genereaz\u0103 solu\u0163ii pentru toate problemele pe care le avem \u00een societate \u015fi facem legi pentru oameni, nu facem legi pentru noi\u201d.<\/p>\n<p data-index=\"7\"><strong>Citi\u0163i \u015fi:<\/strong><\/p>\n<p data-index=\"8\"><strong><a href=\"https:\/\/www.digi24.ro\/Stiri\/Digi24\/Actualitate\/Politica\/PSD+are+probleme+administrative+cu+schimbarea+lui+Valeriu+Zgonea\" target=\"_blank\" data-skip-linkfix=\"1\" rel=\"noopener\">PSD are probleme administrative cu schimbarea lui Valeriu Zgonea<\/a><\/strong><\/p>\n<\/div>\n<p> Source URL: https:\/\/www.digi24.ro\/stiri\/actualitate\/politica\/v-zgonea-ii-raspunde-lui-l-dragnea-suma-deplasarilor-mele-in-alte-institutii-e-mai-mica-decat-a-celor-care-fac-afirmatii-518326<\/p>\n","protected":false},"excerpt":{"rendered":"<p>\u201eA\u015fa cum v\u0103 spun, m\u0103 a\u015ftept s\u0103 schimb\u0103m o lege pentru un om. Dac\u0103 e\u015fti dat afar\u0103 pentru indisciplin\u0103 democratic\u0103&#8230; \u00cen rest, ca pre\u015fedinte nu comentez, cum n-am comentat niciodat\u0103 \u015fi respect opiniile tuturor colegilor, indiferent de partidul politic\u201d, a r\u0103spuns Valeriu Zgonea, \u00eentrebat cum comenteaz\u0103 planurile PSD de \u00eendep\u0103rtare a sa din func\u0163ia de [&hellip;]<\/p>\n","protected":false},"author":1,"featured_media":164331,"comment_status":"open","ping_status":"","sticky":false,"template":"","format":"standard","meta":{"footnotes":""},"categories":[2],"tags":[11],"class_list":["post-164330","post","type-post","status-publish","format-standard","has-post-thumbnail","hentry","category-politics","tag-digi24"],"_links":{"self":[{"href":"https:\/\/analyse.optim.biz\/index.php?rest_route=\/wp\/v2\/posts\/164330","targetHints":{"allow":["GET"]}}],"collection":[{"href":"https:\/\/analyse.optim.biz\/index.php?rest_route=\/wp\/v2\/posts"}],"about":[{"href":"https:\/\/analyse.optim.biz\/index.php?rest_route=\/wp\/v2\/types\/post"}],"author":[{"embeddable":true,"href":"https:\/\/analyse.optim.biz\/index.php?rest_route=\/wp\/v2\/users\/1"}],"replies":[{"embeddable":true,"href":"https:\/\/analyse.optim.biz\/index.php?rest_route=%2Fwp%2Fv2%2Fcomments&post=164330"}],"version-history":[{"count":0,"href":"https:\/\/analyse.optim.biz\/index.php?rest_route=\/wp\/v2\/posts\/164330\/revisions"}],"wp:featuredmedia":[{"embeddable":true,"href":"https:\/\/analyse.optim.biz\/index.php?rest_route=\/wp\/v2\/media\/164331"}],"wp:attachment":[{"href":"https:\/\/analyse.optim.biz\/index.php?rest_route=%2Fwp%2Fv2%2Fmedia&parent=164330"}],"wp:term":[{"taxonomy":"category","embeddable":true,"href":"https:\/\/analyse.optim.biz\/index.php?rest_route=%2Fwp%2Fv2%2Fcategories&post=164330"},{"taxonomy":"post_tag","embeddable":true,"href":"https:\/\/analyse.optim.biz\/index.php?rest_route=%2Fwp%2Fv2%2Ftags&post=164330"}],"curies":[{"name":"wp","href":"https:\/\/api.w.org\/{rel}","templated":true}]}}