{"id":164281,"date":"2016-05-17T12:30:27","date_gmt":"2016-05-17T09:30:27","guid":{"rendered":"https:\/\/analyse.optim.biz\/?p=164281"},"modified":"2016-05-17T12:30:27","modified_gmt":"2016-05-17T09:30:27","slug":"update-predoiu-contesta-datele-publicate-de-fisc-rog-anaf-sa-citeasca-chitanta-elena-basescu-publica-hartiile","status":"publish","type":"post","link":"https:\/\/analyse.optim.biz\/?p=164281","title":{"rendered":"UPDATE. Predoiu contest\u0103 datele publicate de Fisc: Rog ANAF s\u0103 citeasc\u0103 chitan\u0163a. Elena B\u0103sescu public\u0103 h\u00e2rtiile\u00a0"},"content":{"rendered":"<div class=\"entry data-app-meta data-app-meta-article\" data-embed-base-url-canonical=\"https:\/\/www.digi24.ro\/embed\/stiri\/actualitate\/politica\/update-predoiu-contesta-datele-publicate-de-fisc-rog-anaf-sa-citeasca-chitanta-elena-basescu-publica-hartiile-518654\">\n<p data-index=\"1\">\u00centr-o postare pe Facebook, candidatul PNL la Prim\u0103ria Capitalei, <strong>C\u0103t\u0103lin Predoiu, cere ANAF s\u0103 fac\u0103 rectific\u0103rile de rigoare<\/strong>, \u00een condi\u0163iile \u00een care, sus\u0163ine liberalul, datoriile pe care le avea au fost achitate la \u00eenceputul lunii mai.<br \/>\u201e<strong>\u00cen\u0163eleg c\u0103 ANAF s-a gr\u0103bit s\u0103 m\u0103 pun\u0103 pe o list\u0103 de debite la buget, \u00eei rog s\u0103 citeasc\u0103 chitan\u0163a pentru \u00eencasare de impozite, taxe \u015fi contribu\u0163ii seria TS701 nr.20100194378 din 6.05.2016<\/strong>, repet, 6.05.2016 \u015fi s\u0103 rectifice eroarea. Nu pretind scuze, \u015ftiu cu ce aparatur\u0103 \u015fi infrastructur\u0103 IT func\u0163ioneaz\u0103 bie\u0163ii func\u0163ionari. At\u00e2t, deocamdat\u0103\u201d. <br \/>\u00cen lista datornicilor, a\u015fa cum a fost ea \u00eentocmit\u0103 de Fisc,<strong> C\u0103t\u0103lin Predoiu figura cu dou\u0103 obliga\u0163ii de plat\u0103, \u00een valoare total\u0103 de 24.393 lei<\/strong>.<\/p>\n<p data-index=\"2\">Tot azi \u015fi tot pe Facebook, a reac\u0163ionat \u015fi Elena B\u0103sescu. Fiica fostului pre\u015fedinte sus\u0163ine c\u0103 a virat banii (4.557, conform tabelului publicat de Fisc), dar situa\u0163ia ei a r\u0103mas neactualizat\u0103.<\/p>\n<p data-index=\"3\">&#8220;Datoria invocat\u0103 de ANAF este o eroare a acestei institu\u0163ii. \u00cen 2014, pe vremea c\u00e2nd eram europarlamentar, aveam domiciliul \u00een Sectorul 2. Acum, am domiciliul \u00een Sectorul 1. Situa\u0163ia a ap\u0103rut pentru c\u0103 ANAF-ul nu a f\u0103cut transferul informa\u0163iei \u00eentre Sectorul 2 \u015fi Sectorul 1. Mai mult, cu circa 30 de zile \u00een urm\u0103, am fost personal la ANAF Sector 1 \u015fi ANAF Sector 2, f\u0103c\u00e2nd, cu documente, proba achit\u0103rii obliga\u0163iilor. <br \/>Din p\u0103cate, p\u00e2n\u0103 la aceast\u0103 or\u0103, nu s-a f\u0103cut operarea datelor. \u00cenchei, spun\u00e2nd c\u0103 nu am niciun fel de datorie la stat.<br \/>N.B. Plata s-a f\u0103cut prin ter\u0163 pl\u0103titor, conform regulilor Parlamentului European&#8221;, sus\u0163ine Elena B\u0103sescu \u00een postarea sa.<\/p>\n<p data-index=\"4\">Consult\u0103 <a href=\"https:\/\/www.digi24.ro\/Stiri\/Digi24\/Actualitate\/Stiri\/Fiscul+a+publicat+lista+cu+romanii+cu+datorii+de+peste+1+500+de+\" target=\"_blank\" data-skip-linkfix=\"1\" rel=\"noopener\"><strong>AICI<\/strong><\/a>lista complet\u0103 \u015fi numele sonore care figureaz\u0103 \u00een ea.<\/p>\n<\/div>\n<p> Source URL: https:\/\/www.digi24.ro\/stiri\/actualitate\/politica\/update-predoiu-contesta-datele-publicate-de-fisc-rog-anaf-sa-citeasca-chitanta-elena-basescu-publica-hartiile-518654<\/p>\n","protected":false},"excerpt":{"rendered":"<p>\u00centr-o postare pe Facebook, candidatul PNL la Prim\u0103ria Capitalei, C\u0103t\u0103lin Predoiu, cere ANAF s\u0103 fac\u0103 rectific\u0103rile de rigoare, \u00een condi\u0163iile \u00een care, sus\u0163ine liberalul, datoriile pe care le avea au fost achitate la \u00eenceputul lunii mai.\u201e\u00cen\u0163eleg c\u0103 ANAF s-a gr\u0103bit s\u0103 m\u0103 pun\u0103 pe o list\u0103 de debite la buget, \u00eei rog s\u0103 citeasc\u0103 chitan\u0163a [&hellip;]<\/p>\n","protected":false},"author":1,"featured_media":164282,"comment_status":"open","ping_status":"","sticky":false,"template":"","format":"standard","meta":{"footnotes":""},"categories":[2],"tags":[11],"class_list":["post-164281","post","type-post","status-publish","format-standard","has-post-thumbnail","hentry","category-politics","tag-digi24"],"_links":{"self":[{"href":"https:\/\/analyse.optim.biz\/index.php?rest_route=\/wp\/v2\/posts\/164281","targetHints":{"allow":["GET"]}}],"collection":[{"href":"https:\/\/analyse.optim.biz\/index.php?rest_route=\/wp\/v2\/posts"}],"about":[{"href":"https:\/\/analyse.optim.biz\/index.php?rest_route=\/wp\/v2\/types\/post"}],"author":[{"embeddable":true,"href":"https:\/\/analyse.optim.biz\/index.php?rest_route=\/wp\/v2\/users\/1"}],"replies":[{"embeddable":true,"href":"https:\/\/analyse.optim.biz\/index.php?rest_route=%2Fwp%2Fv2%2Fcomments&post=164281"}],"version-history":[{"count":0,"href":"https:\/\/analyse.optim.biz\/index.php?rest_route=\/wp\/v2\/posts\/164281\/revisions"}],"wp:featuredmedia":[{"embeddable":true,"href":"https:\/\/analyse.optim.biz\/index.php?rest_route=\/wp\/v2\/media\/164282"}],"wp:attachment":[{"href":"https:\/\/analyse.optim.biz\/index.php?rest_route=%2Fwp%2Fv2%2Fmedia&parent=164281"}],"wp:term":[{"taxonomy":"category","embeddable":true,"href":"https:\/\/analyse.optim.biz\/index.php?rest_route=%2Fwp%2Fv2%2Fcategories&post=164281"},{"taxonomy":"post_tag","embeddable":true,"href":"https:\/\/analyse.optim.biz\/index.php?rest_route=%2Fwp%2Fv2%2Ftags&post=164281"}],"curies":[{"name":"wp","href":"https:\/\/api.w.org\/{rel}","templated":true}]}}