{"id":164278,"date":"2016-05-17T12:54:20","date_gmt":"2016-05-17T09:54:20","guid":{"rendered":"https:\/\/analyse.optim.biz\/?p=164278"},"modified":"2016-05-17T12:54:20","modified_gmt":"2016-05-17T09:54:20","slug":"primele-indicii-ca-psd-se-pregateste-sa-l-salveze-pe-corlatean","status":"publish","type":"post","link":"https:\/\/analyse.optim.biz\/?p=164278","title":{"rendered":"Primele indicii c\u0103 PSD se preg\u0103te\u015fte s\u0103-l salveze pe Corl\u0103\u0163ean"},"content":{"rendered":"<div class=\"entry data-app-meta data-app-meta-article\" data-embed-base-url-canonical=\"https:\/\/www.digi24.ro\/embed\/stiri\/actualitate\/politica\/primele-indicii-ca-psd-se-pregateste-sa-l-salveze-pe-corlatean-518679\">\n<p data-index=\"1\"><img decoding=\"async\" src=\"https:\/\/analyse.optim.biz\/wp-content\/uploads\/2024\/09\/mdamagfzad0zngfkytfhmzixogrlowu0mzqwnde1mta4m2nkzdi5zg-thumb_.jpg\" data-skip-htmlfix=\"1\" title=\"mdamagfzad0zngfkytfhmzixogrlowu0mzqwnde1mta4m2nkzdi5zg-thumb_\"><\/p>\n<p data-index=\"2\">Noul Regulament al Senatului stabile\u015fte un termen de <strong>maximum 24 de zile pentru dezbaterea \u00een plen \u015fi votul asupra unei cereri de \u00eencepere a urm\u0103ririi penale<\/strong> a unui senator-membru al Guvernului. Concret, situa\u0163ia st\u0103 a\u015fa: cinci zile pentru evaluarea preliminar\u0103 a Comisiei juridice, 14 zile pentru depunerea raportului Comisiei \u015fi alte cinci zile pentru dezbaterea \u015fi votul \u00een plen. Termenele sunt maximale, dar <strong>ele curg de la prima discu\u0163ie \u00een Biroul Permanent asupra cererii procurorului general<\/strong>. Or, pentru a se considera drept consumat\u0103 etapa primei discu\u0163ii \u00een Biroul Permanent, trebuie ca acesta s\u0103 se \u00eentruneasc\u0103 \u00een cvorum. Ceea ce nu s-a \u00eent\u00e2mplat azi \u015fi se va petrece, cel mai devreme, pe 23 mai, dup\u0103 cum a anun\u0163at pre\u015fedintele Senatului, C\u0103lin Popescu T\u0103riceanu.<\/p>\n<p data-index=\"3\">Mai trebuie \u0163inut cont c\u0103 aceast\u0103 prim\u0103 discu\u0163ie \u00een Biroul Permanent este singura etap\u0103 procedural\u0103 pentru care Regulamentul Camerei Superioare nu stabile\u015fte termen precis, spun\u00e2ndu-se doar c\u0103 <strong>solicitarea procurorului general va fi adus\u0103 &#8220;de \u00eendat\u0103&#8221; la cuno\u015ftin\u0163a Biroului Permanent<\/strong>. Evident, atunci c\u00e2nd ai majoritate \u00een BP, a\u015fa cum au PSD+ALDE+UNPR (opt membri din totalul de 12), &#8220;de \u00eendat\u0103&#8221; poate fi \u015fi peste o s\u0103pt\u0103m\u00e2n\u0103-zece zile.<\/p>\n<h5>Legile pot a\u015ftepta, senatorii sunt \u00een campanie<\/h5>\n<p data-index=\"4\">Conducerea Senatului a anun\u0163at, lunea trecut\u0103, c\u0103 ale\u015fii au s\u0103pt\u0103m\u00e2na aceasta activitate \u00een teritoriu. &#8220;Am hot\u0103r\u00e2t ca programul s\u0103 se desf\u0103\u015foare exclusiv \u00een teritoriu, av\u00e2nd \u00een vedere c\u0103 suntem \u00een plin\u0103 campanie electoral\u0103 \u015fi to\u0163i senatorii sunt implica\u0163i \u00een activit\u0103\u0163ile politice legate de campanie&#8221;, explica, atunci, T\u0103riceanu. \u00centrebat dac\u0103 senatorii vor mai veni la serviciu p\u00e2n\u0103 \u00een alegerile locale, \u015feful Camerei Superioare a evitat un r\u0103spuns clar: &#8220;<strong>O s\u0103 vedem pe m\u0103sur\u0103 ce \u00eenaint\u0103m<\/strong>&#8220;.<\/p>\n<p data-index=\"5\">\u00centre timp, lucrurile par s\u0103 se fi l\u0103murit, dac\u0103 ne uit\u0103m pe site-ul Senatului unde <strong>senatorii figureaz\u0103 p\u00e2n\u0103 pe 6 iunie ca av\u00e2nd &#8220;activitate \u00een circumscrip\u0163iile electorale&#8221;<\/strong>.<\/p>\n<p data-index=\"6\">Cu senatorii \u00een campanie, cererea privind \u00eenceperea urm\u0103ririi penale a lui Titus Corl\u0103\u0163ean avea \u015fanse minime s\u0103 fie discutat\u0103 \u00eenainte de alegeri. Prin am\u00e2narea de azi, \u015fansele au devenit, practic, nule.<\/p>\n<p data-index=\"7\">&#8220;Biroul Permanent s-a \u00eentrunit f\u0103r\u0103 s\u0103 fie cvorum. Am fost \u0219ase membri ai Biroului prezen\u021bi, cvorumul este de minim \u0219apte \u0219i am reprogramat reuniunea Biroului Permanent pentru luni, 23 mai, ora 11,00, cu speran\u021ba c\u0103 cei care sunt \u00een teritoriu vor putea s\u0103 vin\u0103&#8221;, a explicat T\u0103riceanu am\u00e2narea. Acesta a mai ar\u0103tat c\u0103 de vin\u0103 pentru lipsa cvorumului ar fi &#8220;<strong>faptul c\u0103 s-a f\u0103cut convocarea de pe o zi pe alta<\/strong>&#8220;. Dar <strong>convocarea Biroului Permanent &#8220;de pe o zi pe alta&#8221; a fost f\u0103cut\u0103 chiar de C\u0103lin Popescu T\u0103riceanu,<\/strong> dup\u0103 cum el singura declara luni sear\u0103, de la R\u00e2mnicu V\u00e2lcea: &#8220;A sosit la cabinetul meu solicitarea referitoare la \u00eenceperea urm\u0103ririi penale \u00eempotriva fostului ministru de Externe Titus Corl\u0103\u021bean. M-am consultat cu colegii din Biroul Permanent \u0219i am convocat pentru m\u00e2ine (azi &#8211; n.r.), ora 10.30, \u0219edin\u021ba Biroului Permanent&#8221;.<\/p>\n<p data-index=\"8\">\u00cencuviin\u0163area \u00eenceperii urm\u0103ririi penale a fostului ministru de Externe Titus Corl\u0103\u0163ean (PSD) a fost cerut\u0103 de procurorul-\u015fef al DNA, Laura Codru\u0163a Kovesi, via procurorul general, \u00een dosarul &#8220;Diaspora&#8221;.<\/p>\n<p data-index=\"9\">&#8220;<strong>\u00cen contextul organiz\u0103rii alegerilor preziden\u021biale din anul 2014, \u00een calitate de ministru al Afacerilor Externe, Titus Corl\u0103\u021bean, prin \u00eenc\u0103lcarea procedurilor legale \u0219i prin acte de dispozi\u021bie, a organizat discre\u021bionar sec\u021biile de votare din str\u0103in\u0103tate, ob\u021bin\u00e2nd astfel un folos necuvenit pentru candidatul propus \u0219i sus\u021binut de partidul din care f\u0103cea \u0219i el parte<\/strong>&#8220;, sus\u0163in procurorii.<\/p>\n<h3>Cite\u015fte \u015fi: <a href=\"https:\/\/www.digi24.ro\/Stiri\/Digi24\/Actualitate\/Justitie\/Laura+Codruta+Kovesi+despre+cazul+Corlatean+Sunt+19+volume\" target=\"_blank\" data-skip-linkfix=\"1\" rel=\"noopener\">Dosarul lui Titus Corl\u0103\u021bean: Sunt 19 volume, au fost audia\u021bi ambasadori \u0219i \u0219efi din MAE<\/a>.<\/h3>\n<\/div>\n<p> Source URL: https:\/\/www.digi24.ro\/stiri\/actualitate\/politica\/primele-indicii-ca-psd-se-pregateste-sa-l-salveze-pe-corlatean-518679<\/p>\n","protected":false},"excerpt":{"rendered":"<p>Noul Regulament al Senatului stabile\u015fte un termen de maximum 24 de zile pentru dezbaterea \u00een plen \u015fi votul asupra unei cereri de \u00eencepere a urm\u0103ririi penale a unui senator-membru al Guvernului. Concret, situa\u0163ia st\u0103 a\u015fa: cinci zile pentru evaluarea preliminar\u0103 a Comisiei juridice, 14 zile pentru depunerea raportului Comisiei \u015fi alte cinci zile pentru dezbaterea [&hellip;]<\/p>\n","protected":false},"author":1,"featured_media":164279,"comment_status":"open","ping_status":"","sticky":false,"template":"","format":"standard","meta":{"footnotes":""},"categories":[2],"tags":[11],"class_list":["post-164278","post","type-post","status-publish","format-standard","has-post-thumbnail","hentry","category-politics","tag-digi24"],"_links":{"self":[{"href":"https:\/\/analyse.optim.biz\/index.php?rest_route=\/wp\/v2\/posts\/164278","targetHints":{"allow":["GET"]}}],"collection":[{"href":"https:\/\/analyse.optim.biz\/index.php?rest_route=\/wp\/v2\/posts"}],"about":[{"href":"https:\/\/analyse.optim.biz\/index.php?rest_route=\/wp\/v2\/types\/post"}],"author":[{"embeddable":true,"href":"https:\/\/analyse.optim.biz\/index.php?rest_route=\/wp\/v2\/users\/1"}],"replies":[{"embeddable":true,"href":"https:\/\/analyse.optim.biz\/index.php?rest_route=%2Fwp%2Fv2%2Fcomments&post=164278"}],"version-history":[{"count":0,"href":"https:\/\/analyse.optim.biz\/index.php?rest_route=\/wp\/v2\/posts\/164278\/revisions"}],"wp:featuredmedia":[{"embeddable":true,"href":"https:\/\/analyse.optim.biz\/index.php?rest_route=\/wp\/v2\/media\/164279"}],"wp:attachment":[{"href":"https:\/\/analyse.optim.biz\/index.php?rest_route=%2Fwp%2Fv2%2Fmedia&parent=164278"}],"wp:term":[{"taxonomy":"category","embeddable":true,"href":"https:\/\/analyse.optim.biz\/index.php?rest_route=%2Fwp%2Fv2%2Fcategories&post=164278"},{"taxonomy":"post_tag","embeddable":true,"href":"https:\/\/analyse.optim.biz\/index.php?rest_route=%2Fwp%2Fv2%2Ftags&post=164278"}],"curies":[{"name":"wp","href":"https:\/\/api.w.org\/{rel}","templated":true}]}}