{"id":164251,"date":"2016-05-17T15:37:35","date_gmt":"2016-05-17T12:37:35","guid":{"rendered":"https:\/\/analyse.optim.biz\/?p=164251"},"modified":"2016-05-17T15:37:35","modified_gmt":"2016-05-17T12:37:35","slug":"majoritatea-a-votat-schimbarea-care-il-va-lasa-pe-valeriu-zgonea-fara-functie","status":"publish","type":"post","link":"https:\/\/analyse.optim.biz\/?p=164251","title":{"rendered":"Majoritatea a votat schimbarea care \u00eel va l\u0103sa pe Valeriu Zgonea f\u0103r\u0103 func\u0163ie"},"content":{"rendered":"<div class=\"entry data-app-meta data-app-meta-article\" data-embed-base-url-canonical=\"https:\/\/www.digi24.ro\/embed\/stiri\/actualitate\/politica\/majoritatea-a-votat-schimbarea-care-il-va-lasa-pe-valeriu-zgonea-fara-functie-518758\">\n<p data-index=\"1\"><img decoding=\"async\" src=\"https:\/\/analyse.optim.biz\/wp-content\/uploads\/2024\/09\/ndy2yzy3mmyxodu0otnmngi2zmzlzdu1m2qxmg-thumb_.jpg\" data-skip-htmlfix=\"1\" title=\"ndy2yzy3mmyxodu0otnmngi2zmzlzdu1m2qxmg-thumb_\"><\/p>\n<p data-index=\"2\">Este vorba despre articolul care prevede c\u0103 \u015feful Camerei poate fi schimbat doar de grupul din care face parte. \u00cen urma modific\u0103rii, care va trebui votat\u0103 \u00een plen, revocarea poate fi cerut\u0103 de grupul parlamentar care l-a propus pentru func\u0163ie. Reprezentantul PNL din Comisie s-a opus modific\u0103rii \u015fi a invocat posibilitatea de a cere un control de constitu\u0163ionalitate.<\/p>\n<p data-index=\"3\">\u00cen ceea ce-l prive\u015fte, Valeriu Zgonea sus\u0163ine c\u0103 a aflat de la jurnali\u015fti despre decizia Comisiei pentru Regulament \u015fi a acuzat din nou PSD c\u0103 modific\u0103 o lege pentru a o aplica doar unui singur om.<\/p>\n<p data-index=\"4\">Valeriu Zgonea, pre\u015fedintele Camerei Deputa\u0163ilor: \u201eNu am comentat niciodat\u0103 niciun document p\u00e2n\u0103 nu \u00eel v\u0103d Biroul Permanent sau \u00een Comitetul liderilor. \u00cen momentul \u00een care \u00eel voi vedea v\u0103 voi spune punctul meu de vedere. V\u0103 voi spune punctul meu de vedere la momentul respectiv. Ast\u0103zi, dumneavoastr\u0103 mi-a\u0163i comunicat acest lucru. Nu sunt membru al comisiei pentru regulament, fiind deputat nefiliat&#8230; c\u0103 m-au dat afar\u0103. Nu pot s\u0103 v\u0103 spun nimic p\u00e2n\u0103 nu v\u0103d un document care vine c\u0103tre Biroul Permanent al Camerei Deputa\u0163ilor. Am luat act de informa\u0163ia pe care dumneavoastr\u0103 mi-a\u0163i zis-o. Eu am spus un singur lucru. Fiecare membru al Parlamentului are dreptul legal la ceea ce scrie \u00een Regulament. Nu exist\u0103 excep\u0163ie \u015fi nu facem excep\u0163ie pentru niciun membru al Parlamentului. Nu trebuie s\u0103 abuz\u0103m de Regulament, adic\u0103 de o lege, ca s\u0103 facem r\u0103u unui om. Dac\u0103 omul respectiv, ales \u00een Parlament, a \u00eenc\u0103lcat Regulamentul, exist\u0103 prevederi. Dar \u00eentotdeauna c\u00e2nd venim \u00een fa\u0163a jurnali\u015ftilor \u015fi a cet\u0103\u0163enilor trebuie s\u0103 ar\u0103t\u0103m c\u0103 noi suntem cei care respect\u0103m legea. Dac\u0103 noi nu respect\u0103m legile care ne guverneaz\u0103 pe noi \u00een cadrul Parlamentului atunci va fi greu s\u0103 le cerem celor din afar\u0103 s\u0103 respecte legile\u201d.<\/p>\n<\/div>\n<p> Source URL: https:\/\/www.digi24.ro\/stiri\/actualitate\/politica\/majoritatea-a-votat-schimbarea-care-il-va-lasa-pe-valeriu-zgonea-fara-functie-518758<\/p>\n","protected":false},"excerpt":{"rendered":"<p>Este vorba despre articolul care prevede c\u0103 \u015feful Camerei poate fi schimbat doar de grupul din care face parte. \u00cen urma modific\u0103rii, care va trebui votat\u0103 \u00een plen, revocarea poate fi cerut\u0103 de grupul parlamentar care l-a propus pentru func\u0163ie. Reprezentantul PNL din Comisie s-a opus modific\u0103rii \u015fi a invocat posibilitatea de a cere un [&hellip;]<\/p>\n","protected":false},"author":1,"featured_media":164252,"comment_status":"open","ping_status":"","sticky":false,"template":"","format":"standard","meta":{"footnotes":""},"categories":[2],"tags":[11],"class_list":["post-164251","post","type-post","status-publish","format-standard","has-post-thumbnail","hentry","category-politics","tag-digi24"],"_links":{"self":[{"href":"https:\/\/analyse.optim.biz\/index.php?rest_route=\/wp\/v2\/posts\/164251","targetHints":{"allow":["GET"]}}],"collection":[{"href":"https:\/\/analyse.optim.biz\/index.php?rest_route=\/wp\/v2\/posts"}],"about":[{"href":"https:\/\/analyse.optim.biz\/index.php?rest_route=\/wp\/v2\/types\/post"}],"author":[{"embeddable":true,"href":"https:\/\/analyse.optim.biz\/index.php?rest_route=\/wp\/v2\/users\/1"}],"replies":[{"embeddable":true,"href":"https:\/\/analyse.optim.biz\/index.php?rest_route=%2Fwp%2Fv2%2Fcomments&post=164251"}],"version-history":[{"count":0,"href":"https:\/\/analyse.optim.biz\/index.php?rest_route=\/wp\/v2\/posts\/164251\/revisions"}],"wp:featuredmedia":[{"embeddable":true,"href":"https:\/\/analyse.optim.biz\/index.php?rest_route=\/wp\/v2\/media\/164252"}],"wp:attachment":[{"href":"https:\/\/analyse.optim.biz\/index.php?rest_route=%2Fwp%2Fv2%2Fmedia&parent=164251"}],"wp:term":[{"taxonomy":"category","embeddable":true,"href":"https:\/\/analyse.optim.biz\/index.php?rest_route=%2Fwp%2Fv2%2Fcategories&post=164251"},{"taxonomy":"post_tag","embeddable":true,"href":"https:\/\/analyse.optim.biz\/index.php?rest_route=%2Fwp%2Fv2%2Ftags&post=164251"}],"curies":[{"name":"wp","href":"https:\/\/api.w.org\/{rel}","templated":true}]}}