{"id":164245,"date":"2016-05-17T23:47:20","date_gmt":"2016-05-17T20:47:20","guid":{"rendered":"https:\/\/analyse.optim.biz\/?p=164245"},"modified":"2016-05-17T23:47:20","modified_gmt":"2016-05-17T20:47:20","slug":"liviu-dragnea-cu-ciolos-am-o-relatie-civilizata-cu-guvernul-ciolos-am-o-relatie-foarte-proasta","status":"publish","type":"post","link":"https:\/\/analyse.optim.biz\/?p=164245","title":{"rendered":"Liviu Dragnea: Cu Ciolo\u0219 am o rela\u021bie civilizat\u0103; cu Guvernul Ciolo\u0219 am o rela\u021bie foarte proast\u0103"},"content":{"rendered":"<div class=\"entry data-app-meta data-app-meta-article\" data-embed-base-url-canonical=\"https:\/\/www.digi24.ro\/embed\/stiri\/actualitate\/politica\/liviu-dragnea-cu-ciolos-am-o-relatie-civilizata-cu-guvernul-ciolos-am-o-relatie-foarte-proasta-518965\">\n<p data-index=\"1\"><img decoding=\"async\" src=\"https:\/\/analyse.optim.biz\/wp-content\/uploads\/2024\/09\/ytviytzmoddmm2viytzkytu2ytvhmdliyzhhywm-thumb_.jpg\" data-skip-htmlfix=\"1\" title=\"ytviytzmoddmm2viytzkytu2ytvhmdliyzhhywm-thumb_\"><\/p>\n<p data-index=\"2\"><span><em>Foto: Facebook \/ PSD<\/em><\/span><\/p>\n<p data-index=\"3\">El a sus\u021binut c\u0103 Executivul c\u0103 nu a reu\u0219it \u201es\u0103 se ridice deasupra partidelor\u201d \u0219i s-a apropiat mai mult de Partidul Na\u021bional Liberal.<\/p>\n<p data-index=\"4\">\u201eCu Dacian Ciolo\u0219 am o rela\u021bie civilizat\u0103. Ne cunoa\u0219tem de mai mul\u021bi ani, de c\u00e2nd eu eram vicepremier. El era comisar. Cu Guvernul Ciolo\u0219 am o rela\u021bie foarte proast\u0103\u201d, a afirmat Liviu Dragnea, \u00eentr-o emisiune B1 Tv.<\/p>\n<p data-index=\"5\">Liderul social-democra\u021bilor a spus c\u0103 mai mul\u021bi mini\u0219tri din guvernul condus de Dacian Ciolo\u0219 \u201esunt \u00een discu\u021bii\u201d cu PNL pentru alegerile parlamentare din acest an.\u201eSunt destui mini\u0219tri care sunt \u00een discu\u021bii permanente cu cei de la Partidul Na\u021bional Liberal s\u0103 \u00ee\u0219i g\u0103seasc\u0103 loc pe listele partidului la toamn\u0103\u201d, a ar\u0103tat Dragnea, ad\u0103ug\u00e2nd c\u0103 social-democra\u021bii sus\u021bin Executivul pentru a evita o criz\u0103 politic\u0103.<\/p>\n<\/div>\n<p> Source URL: https:\/\/www.digi24.ro\/stiri\/actualitate\/politica\/liviu-dragnea-cu-ciolos-am-o-relatie-civilizata-cu-guvernul-ciolos-am-o-relatie-foarte-proasta-518965<\/p>\n","protected":false},"excerpt":{"rendered":"<p>Foto: Facebook \/ PSD El a sus\u021binut c\u0103 Executivul c\u0103 nu a reu\u0219it \u201es\u0103 se ridice deasupra partidelor\u201d \u0219i s-a apropiat mai mult de Partidul Na\u021bional Liberal. \u201eCu Dacian Ciolo\u0219 am o rela\u021bie civilizat\u0103. Ne cunoa\u0219tem de mai mul\u021bi ani, de c\u00e2nd eu eram vicepremier. El era comisar. Cu Guvernul Ciolo\u0219 am o rela\u021bie foarte [&hellip;]<\/p>\n","protected":false},"author":1,"featured_media":164246,"comment_status":"open","ping_status":"","sticky":false,"template":"","format":"standard","meta":{"footnotes":""},"categories":[2],"tags":[11],"class_list":["post-164245","post","type-post","status-publish","format-standard","has-post-thumbnail","hentry","category-politics","tag-digi24"],"_links":{"self":[{"href":"https:\/\/analyse.optim.biz\/index.php?rest_route=\/wp\/v2\/posts\/164245","targetHints":{"allow":["GET"]}}],"collection":[{"href":"https:\/\/analyse.optim.biz\/index.php?rest_route=\/wp\/v2\/posts"}],"about":[{"href":"https:\/\/analyse.optim.biz\/index.php?rest_route=\/wp\/v2\/types\/post"}],"author":[{"embeddable":true,"href":"https:\/\/analyse.optim.biz\/index.php?rest_route=\/wp\/v2\/users\/1"}],"replies":[{"embeddable":true,"href":"https:\/\/analyse.optim.biz\/index.php?rest_route=%2Fwp%2Fv2%2Fcomments&post=164245"}],"version-history":[{"count":0,"href":"https:\/\/analyse.optim.biz\/index.php?rest_route=\/wp\/v2\/posts\/164245\/revisions"}],"wp:featuredmedia":[{"embeddable":true,"href":"https:\/\/analyse.optim.biz\/index.php?rest_route=\/wp\/v2\/media\/164246"}],"wp:attachment":[{"href":"https:\/\/analyse.optim.biz\/index.php?rest_route=%2Fwp%2Fv2%2Fmedia&parent=164245"}],"wp:term":[{"taxonomy":"category","embeddable":true,"href":"https:\/\/analyse.optim.biz\/index.php?rest_route=%2Fwp%2Fv2%2Fcategories&post=164245"},{"taxonomy":"post_tag","embeddable":true,"href":"https:\/\/analyse.optim.biz\/index.php?rest_route=%2Fwp%2Fv2%2Ftags&post=164245"}],"curies":[{"name":"wp","href":"https:\/\/api.w.org\/{rel}","templated":true}]}}