{"id":164242,"date":"2016-05-17T23:49:24","date_gmt":"2016-05-17T20:49:24","guid":{"rendered":"https:\/\/analyse.optim.biz\/?p=164242"},"modified":"2016-05-17T23:49:24","modified_gmt":"2016-05-17T20:49:24","slug":"de-ce-a-ramas-liviu-dragnea-la-conducerea-psd","status":"publish","type":"post","link":"https:\/\/analyse.optim.biz\/?p=164242","title":{"rendered":"De ce a r\u0103mas Liviu Dragnea la conducerea PSD"},"content":{"rendered":"<div class=\"entry data-app-meta data-app-meta-article\" data-embed-base-url-canonical=\"https:\/\/www.digi24.ro\/embed\/stiri\/actualitate\/politica\/de-ce-a-ramas-liviu-dragnea-la-conducerea-psd-518967\">\n<p data-index=\"1\">\u00a0<img decoding=\"async\" src=\"https:\/\/analyse.optim.biz\/wp-content\/uploads\/2024\/09\/ptgwmczoyxnoptc0ogjkzdy5ztk5mtdkowiynmnjzmy1ntuwy2zhogu3-thumb_.jpg\" data-skip-htmlfix=\"1\" title=\"ptgwmczoyxnoptc0ogjkzdy5ztk5mtdkowiynmnjzmy1ntuwy2zhogu3-thumb_\"><\/p>\n<p data-index=\"2\"><em><span>Foto: Facebook<\/span><\/em><\/p>\n<p data-index=\"3\">&#8221;Primul impuls personal a fost s\u0103 plec. Dup\u0103 trei ani \u0219i jum\u0103tate dup\u0103 ce institu\u021biile respective mi-au f\u0103cut via\u021ba un calvar \u0219i pentru o sentin\u021b\u0103 nedreapt\u0103, prima mea inten\u021bie c\u00e2nd am v\u0103zut la televizor sentin\u021ba a fost s\u0103 plec. Decizia mea de a nu pleca \u00een acea zi a fost motivat\u0103 de dorin\u021ba de a nu intra PSD-ul \u00een disolu\u021bie.<\/p>\n<p data-index=\"4\">Un PSD \u00een disolu\u021bie putea s\u0103 o ia \u00een orice direc\u021bie. Dac\u0103 eu a\u0219 fi plecat, \u00eencepea o lupt\u0103 pentru putere, a\u0219a cum se \u00eent\u00e2mpl\u0103 \u00een orice partid. Exact \u00een campanie electoral\u0103 este ceea ce \u00eei trebuia PSD ca s\u0103 piard\u0103 aceste alegeri&#8221;, a explicat el, la B1 Tv, citat de <a href=\"http:\/\/www.agerpres.ro\/politica\/2016\/05\/17\/dragnea-sustine-ca-nu-a-plecat-de-la-conducerea-psd-pentru-ca-partidul-sa-nu-intre-in-disolutie-22-58-12\" target=\"_blank\" data-skip-linkfix=\"1\" rel=\"noopener\">Agerpres<\/a>.<\/p>\n<p data-index=\"5\">\u00centrebat c\u00e2nd pleac\u0103 din fruntea PSD, Dragnea a replicat: &#8221;Asta decide partidul&#8221;.<\/p>\n<\/div>\n<p> Source URL: https:\/\/www.digi24.ro\/stiri\/actualitate\/politica\/de-ce-a-ramas-liviu-dragnea-la-conducerea-psd-518967<\/p>\n","protected":false},"excerpt":{"rendered":"<p>\u00a0 Foto: Facebook &#8221;Primul impuls personal a fost s\u0103 plec. Dup\u0103 trei ani \u0219i jum\u0103tate dup\u0103 ce institu\u021biile respective mi-au f\u0103cut via\u021ba un calvar \u0219i pentru o sentin\u021b\u0103 nedreapt\u0103, prima mea inten\u021bie c\u00e2nd am v\u0103zut la televizor sentin\u021ba a fost s\u0103 plec. Decizia mea de a nu pleca \u00een acea zi a fost motivat\u0103 de [&hellip;]<\/p>\n","protected":false},"author":1,"featured_media":164243,"comment_status":"open","ping_status":"","sticky":false,"template":"","format":"standard","meta":{"footnotes":""},"categories":[2],"tags":[11],"class_list":["post-164242","post","type-post","status-publish","format-standard","has-post-thumbnail","hentry","category-politics","tag-digi24"],"_links":{"self":[{"href":"https:\/\/analyse.optim.biz\/index.php?rest_route=\/wp\/v2\/posts\/164242","targetHints":{"allow":["GET"]}}],"collection":[{"href":"https:\/\/analyse.optim.biz\/index.php?rest_route=\/wp\/v2\/posts"}],"about":[{"href":"https:\/\/analyse.optim.biz\/index.php?rest_route=\/wp\/v2\/types\/post"}],"author":[{"embeddable":true,"href":"https:\/\/analyse.optim.biz\/index.php?rest_route=\/wp\/v2\/users\/1"}],"replies":[{"embeddable":true,"href":"https:\/\/analyse.optim.biz\/index.php?rest_route=%2Fwp%2Fv2%2Fcomments&post=164242"}],"version-history":[{"count":0,"href":"https:\/\/analyse.optim.biz\/index.php?rest_route=\/wp\/v2\/posts\/164242\/revisions"}],"wp:featuredmedia":[{"embeddable":true,"href":"https:\/\/analyse.optim.biz\/index.php?rest_route=\/wp\/v2\/media\/164243"}],"wp:attachment":[{"href":"https:\/\/analyse.optim.biz\/index.php?rest_route=%2Fwp%2Fv2%2Fmedia&parent=164242"}],"wp:term":[{"taxonomy":"category","embeddable":true,"href":"https:\/\/analyse.optim.biz\/index.php?rest_route=%2Fwp%2Fv2%2Fcategories&post=164242"},{"taxonomy":"post_tag","embeddable":true,"href":"https:\/\/analyse.optim.biz\/index.php?rest_route=%2Fwp%2Fv2%2Ftags&post=164242"}],"curies":[{"name":"wp","href":"https:\/\/api.w.org\/{rel}","templated":true}]}}