{"id":164228,"date":"2016-05-18T10:35:06","date_gmt":"2016-05-18T07:35:06","guid":{"rendered":"https:\/\/analyse.optim.biz\/?p=164228"},"modified":"2016-05-18T10:35:06","modified_gmt":"2016-05-18T07:35:06","slug":"alina-gorghiu-nu-ma-deranjeaza-sa-fiu-numita-in-fel-si-chip-de-tariceanu-ponta-dragnea","status":"publish","type":"post","link":"https:\/\/analyse.optim.biz\/?p=164228","title":{"rendered":"Alina Gorghiu: Nu m\u0103 deranjeaz\u0103 s\u0103 fiu numit\u0103 \u00een fel \u0219i chip de T\u0103riceanu, Ponta, Dragnea"},"content":{"rendered":"<div class=\"entry data-app-meta data-app-meta-article\" data-embed-base-url-canonical=\"https:\/\/www.digi24.ro\/embed\/stiri\/actualitate\/politica\/alina-gorghiu-nu-ma-deranjeaza-sa-fiu-numita-in-fel-si-chip-de-tariceanu-ponta-dragnea-519047\">\n<p data-index=\"1\">\u00a0<img decoding=\"async\" src=\"https:\/\/analyse.optim.biz\/wp-content\/uploads\/2024\/09\/ptgwmczoyxnoptgwyzgyzdqwoddjzwy0njrkzdm5mte4yty3mwi4ztbj-thumb_.jpg\" data-skip-htmlfix=\"1\" title=\"ptgwmczoyxnoptgwyzgyzdqwoddjzwy0njrkzdm5mte4yty3mwi4ztbj-thumb_\"><\/p>\n<p data-index=\"2\">&#8220;Atacurile lor nu m\u0103 surprind. E modul prin care ei \u0219i tab\u0103ra din care fac parte \u00eencearc\u0103 s\u0103 pun\u0103 presiune. Cauza? Viziunea diferit\u0103 asupra luptei anticorup\u021bie. \u00cen timp ce PNL sprijin\u0103 prin toate demersurile tragerea la r\u0103spundere a celor care au abuzat de func\u021biile publice, ei se situeaz\u0103 la polul opus. \u00centreaga lor activitate \u00een func\u021biile de\u021binute \u0219i pozi\u021bion\u0103rile lor publice demonstreaz\u0103 acest lucru&#8221;, a scris Gorghiu, miercuri, pe pagina sa de Facebook.<\/p>\n<p data-index=\"3\">Ea a ad\u0103ugat c\u0103 recentele declara\u021bii sunt \u00eenc\u0103 o dovad\u0103 a faptului c\u0103 pentru PNL a fost de bun augur c\u00e2nd drumul lui C\u0103lin Popescu-T\u0103riceanu s-a desp\u0103r\u021bit de cel al partidului.<\/p>\n<p data-index=\"4\">&#8220;Prin urmare, nu m\u0103 deranjeaz\u0103 s\u0103 fiu numit\u0103 \u00een fel \u0219i chip de T\u0103riceanu, Ponta, Dragnea. Fiecare atac la adresa mea sau a PNL \u00eenseamn\u0103 \u00eenc\u0103 o confirmare c\u0103 m\u0103 aflu \u00een tab\u0103ra corect\u0103&#8221;, a sus\u021binut liderul PNL.<\/p>\n<p data-index=\"5\">Copre\u0219edintele ALDE C\u0103lin Popescu-T\u0103riceanu a declarat mar\u021bi, la Giurgiu, c\u0103 atunci c\u00e2nd se uit\u0103 la PNL vede din ce \u00een ce mai pu\u021bin un partid cu care forma\u021biunea sa ar putea dialoga.<\/p>\n<p data-index=\"6\">&#8220;Noi trebuie, ca partid politic, s\u0103 \u021binem cont de priorit\u0103\u021bile electoratului, dar trebuie s\u0103 avem \u0219i ni\u0219te principii la care ne raport\u0103m \u0219i principiile fundamentale la care noi, ALDE, ne raport\u0103m sunt principiile liberalismului care se bazeaz\u0103 pe pre\u021buirea drepturilor \u0219i libert\u0103\u021bilor individuale. C\u00e2nd m\u0103 uit la PNL v\u0103d din ce \u00een ce mai pu\u021bin un partid cu care am putea s\u0103 st\u0103m de vorb\u0103 \u0219i s\u0103 dialog\u0103m, un partid care nu mai are nimic de-a face nici cu valorile liberale ale democra\u021biei, liberal \u00een sensul larg al cuv\u00e2ntului, ei se bucur\u0103 c\u00e2nd aud zgomotul de c\u0103tu\u0219e. Pe mine chestiunea asta m\u0103 duce cu g\u00e2ndul \u00een anii &#8217;50-&#8217;60, c\u00e2nd o v\u0103d pe doamna Gorghiu parc\u0103 o v\u0103d acum pe Ana Pauker \u00eentr-o \u00eentruchipare modern\u0103&#8221;, a declarat T\u0103riceanu.<\/p>\n<\/div>\n<p> Source URL: https:\/\/www.digi24.ro\/stiri\/actualitate\/politica\/alina-gorghiu-nu-ma-deranjeaza-sa-fiu-numita-in-fel-si-chip-de-tariceanu-ponta-dragnea-519047<\/p>\n","protected":false},"excerpt":{"rendered":"<p>\u00a0 &#8220;Atacurile lor nu m\u0103 surprind. E modul prin care ei \u0219i tab\u0103ra din care fac parte \u00eencearc\u0103 s\u0103 pun\u0103 presiune. Cauza? Viziunea diferit\u0103 asupra luptei anticorup\u021bie. \u00cen timp ce PNL sprijin\u0103 prin toate demersurile tragerea la r\u0103spundere a celor care au abuzat de func\u021biile publice, ei se situeaz\u0103 la polul opus. \u00centreaga lor activitate [&hellip;]<\/p>\n","protected":false},"author":1,"featured_media":164229,"comment_status":"open","ping_status":"","sticky":false,"template":"","format":"standard","meta":{"footnotes":""},"categories":[2],"tags":[11],"class_list":["post-164228","post","type-post","status-publish","format-standard","has-post-thumbnail","hentry","category-politics","tag-digi24"],"_links":{"self":[{"href":"https:\/\/analyse.optim.biz\/index.php?rest_route=\/wp\/v2\/posts\/164228","targetHints":{"allow":["GET"]}}],"collection":[{"href":"https:\/\/analyse.optim.biz\/index.php?rest_route=\/wp\/v2\/posts"}],"about":[{"href":"https:\/\/analyse.optim.biz\/index.php?rest_route=\/wp\/v2\/types\/post"}],"author":[{"embeddable":true,"href":"https:\/\/analyse.optim.biz\/index.php?rest_route=\/wp\/v2\/users\/1"}],"replies":[{"embeddable":true,"href":"https:\/\/analyse.optim.biz\/index.php?rest_route=%2Fwp%2Fv2%2Fcomments&post=164228"}],"version-history":[{"count":0,"href":"https:\/\/analyse.optim.biz\/index.php?rest_route=\/wp\/v2\/posts\/164228\/revisions"}],"wp:featuredmedia":[{"embeddable":true,"href":"https:\/\/analyse.optim.biz\/index.php?rest_route=\/wp\/v2\/media\/164229"}],"wp:attachment":[{"href":"https:\/\/analyse.optim.biz\/index.php?rest_route=%2Fwp%2Fv2%2Fmedia&parent=164228"}],"wp:term":[{"taxonomy":"category","embeddable":true,"href":"https:\/\/analyse.optim.biz\/index.php?rest_route=%2Fwp%2Fv2%2Fcategories&post=164228"},{"taxonomy":"post_tag","embeddable":true,"href":"https:\/\/analyse.optim.biz\/index.php?rest_route=%2Fwp%2Fv2%2Ftags&post=164228"}],"curies":[{"name":"wp","href":"https:\/\/api.w.org\/{rel}","templated":true}]}}