{"id":164225,"date":"2016-05-18T12:13:15","date_gmt":"2016-05-18T09:13:15","guid":{"rendered":"https:\/\/analyse.optim.biz\/?p=164225"},"modified":"2016-05-18T12:13:15","modified_gmt":"2016-05-18T09:13:15","slug":"dna-verifica-listele-de-semnaturi-ale-mai-multor-candidati-din-bucuresti","status":"publish","type":"post","link":"https:\/\/analyse.optim.biz\/?p=164225","title":{"rendered":"DNA verific\u0103 listele de semn\u0103turi ale mai multor candida\u0163i din Bucure\u015fti"},"content":{"rendered":"<div class=\"entry data-app-meta data-app-meta-article\" data-embed-base-url-canonical=\"https:\/\/www.digi24.ro\/embed\/stiri\/actualitate\/politica\/dna-verifica-listele-de-semnaturi-ale-mai-multor-candidati-din-bucuresti-519117\">\n<p data-index=\"1\"><img decoding=\"async\" src=\"https:\/\/analyse.optim.biz\/wp-content\/uploads\/2024\/09\/dz04mdamagfzad00ytrjn2ezoguznthkmdkyyziznjaxymy5y2u3ode3za-thumb_.jpg\" data-skip-htmlfix=\"1\" title=\"dz04mdamagfzad00ytrjn2ezoguznthkmdkyyziznjaxymy5y2u3ode3za-thumb_\"><\/p>\n<p data-index=\"2\"><span><em>Foto: facebook.com<\/em><\/span><\/p>\n<p data-index=\"3\">Alexandru Nazare a f\u0103cut preciz\u0103ri pe Facebook despre \u201eac\u021biunea DNA\u201d:<\/p>\n<p data-index=\"4\">\u201e<span>Din respect fa\u021b\u0103 de cet\u0103\u021benii Sectorului 1, de simpatizan\u021bii mei \u0219i pres\u0103, m\u0103 v\u0103d nevoit s\u0103 fac urm\u0103toarele preciz\u0103ri:<\/span><\/p>\n<p data-index=\"5\">Ac\u021biunea DNA nu este un caz singular \u00een Capital\u0103, a\u0219a cum a anun\u021bat public \u0219i institu\u021bia judiciar\u0103. Aceea\u0219i institu\u021bie a anun\u021bat public c\u0103 aceast\u0103 anchet\u0103 nu vizeaz\u0103 persoane.<\/p>\n<p data-index=\"6\">A\u0219tept cu calm concluzia anchetatorilor, care au r\u0103spuns cu promptitudine unei sesiz\u0103ri a unui ONG, f\u0103cute \u00een urm\u0103 cu 30 de zile.<\/p>\n<p data-index=\"7\">Nu am nimic de ascuns! Toat\u0103 activitatea mea public\u0103 se desf\u0103\u0219oar\u0103 \u00een condi\u021bii de deplin\u0103 transparen\u021b\u0103 \u0219i cu respectarea legisla\u021biei \u00een vigoare.<\/p>\n<p data-index=\"8\">Mul\u021bumesc DNA pentru reac\u021bia prompt\u0103 \u0219i corect\u0103 de a informa opinia public\u0103 \u00een leg\u0103tur\u0103 cu aceast\u0103 anchet\u0103 care, \u00een mod evident, urma s\u0103 fie folosit\u0103 tenden\u021bios de c\u0103tre adversarii mei politici de la PSD.\u201d<\/p>\n<hr>\n<p data-index=\"9\">Acelea\u015fi documente &#8211; liste de semn\u0103turi &#8211; au fost cerute \u015fi de la celelate birouri electorale. Procurorii fac cercet\u0103ri pentru fapte de corup\u0163ie \u015fi infrac\u0163iuni electorale, \u00eens\u0103 p\u00e2n\u0103 \u00een acest moment nu au pus pe nimeni sub acuzare.<\/p>\n<p data-index=\"10\">Este a o nou\u0103 anchet\u0103 de acest fel deschis\u0103 de DNA, dup\u0103 ce, \u00een urm\u0103 cu circa dou\u0103 s\u0103pt\u0103m\u00e2ni, procurorii au f\u0103cut perchezi\u0163ii legate de listele de semn\u0103turi depuse de Marian Vanghelie, care candideaz\u0103 la Setorul 5.<\/p>\n<\/div>\n<p> Source URL: https:\/\/www.digi24.ro\/stiri\/actualitate\/politica\/dna-verifica-listele-de-semnaturi-ale-mai-multor-candidati-din-bucuresti-519117<\/p>\n","protected":false},"excerpt":{"rendered":"<p>Foto: facebook.com Alexandru Nazare a f\u0103cut preciz\u0103ri pe Facebook despre \u201eac\u021biunea DNA\u201d: \u201eDin respect fa\u021b\u0103 de cet\u0103\u021benii Sectorului 1, de simpatizan\u021bii mei \u0219i pres\u0103, m\u0103 v\u0103d nevoit s\u0103 fac urm\u0103toarele preciz\u0103ri: Ac\u021biunea DNA nu este un caz singular \u00een Capital\u0103, a\u0219a cum a anun\u021bat public \u0219i institu\u021bia judiciar\u0103. Aceea\u0219i institu\u021bie a anun\u021bat public c\u0103 aceast\u0103 [&hellip;]<\/p>\n","protected":false},"author":1,"featured_media":164226,"comment_status":"open","ping_status":"","sticky":false,"template":"","format":"standard","meta":{"footnotes":""},"categories":[2],"tags":[11],"class_list":["post-164225","post","type-post","status-publish","format-standard","has-post-thumbnail","hentry","category-politics","tag-digi24"],"_links":{"self":[{"href":"https:\/\/analyse.optim.biz\/index.php?rest_route=\/wp\/v2\/posts\/164225","targetHints":{"allow":["GET"]}}],"collection":[{"href":"https:\/\/analyse.optim.biz\/index.php?rest_route=\/wp\/v2\/posts"}],"about":[{"href":"https:\/\/analyse.optim.biz\/index.php?rest_route=\/wp\/v2\/types\/post"}],"author":[{"embeddable":true,"href":"https:\/\/analyse.optim.biz\/index.php?rest_route=\/wp\/v2\/users\/1"}],"replies":[{"embeddable":true,"href":"https:\/\/analyse.optim.biz\/index.php?rest_route=%2Fwp%2Fv2%2Fcomments&post=164225"}],"version-history":[{"count":0,"href":"https:\/\/analyse.optim.biz\/index.php?rest_route=\/wp\/v2\/posts\/164225\/revisions"}],"wp:featuredmedia":[{"embeddable":true,"href":"https:\/\/analyse.optim.biz\/index.php?rest_route=\/wp\/v2\/media\/164226"}],"wp:attachment":[{"href":"https:\/\/analyse.optim.biz\/index.php?rest_route=%2Fwp%2Fv2%2Fmedia&parent=164225"}],"wp:term":[{"taxonomy":"category","embeddable":true,"href":"https:\/\/analyse.optim.biz\/index.php?rest_route=%2Fwp%2Fv2%2Fcategories&post=164225"},{"taxonomy":"post_tag","embeddable":true,"href":"https:\/\/analyse.optim.biz\/index.php?rest_route=%2Fwp%2Fv2%2Ftags&post=164225"}],"curies":[{"name":"wp","href":"https:\/\/api.w.org\/{rel}","templated":true}]}}