{"id":164222,"date":"2016-05-18T12:44:21","date_gmt":"2016-05-18T09:44:21","guid":{"rendered":"https:\/\/analyse.optim.biz\/?p=164222"},"modified":"2016-05-18T12:44:21","modified_gmt":"2016-05-18T09:44:21","slug":"ce-i-a-transmis-ambasadorul-sua-lui-traian-basescu","status":"publish","type":"post","link":"https:\/\/analyse.optim.biz\/?p=164222","title":{"rendered":"Ce i-a transmis ambasadorul SUA lui Traian B\u0103sescu"},"content":{"rendered":"<div class=\"entry data-app-meta data-app-meta-article\" data-embed-base-url-canonical=\"https:\/\/www.digi24.ro\/embed\/stiri\/actualitate\/politica\/ce-i-a-transmis-ambasadorul-sua-lui-traian-basescu-519128\">\n<p data-index=\"1\">\u00a0<img decoding=\"async\" src=\"https:\/\/analyse.optim.biz\/wp-content\/uploads\/2024\/09\/dz04mdamagfzad04ngnmnzlkmtuwntfky2fmzjdjm2izmjrlngyxnwewyq-thumb_.jpg\" data-skip-htmlfix=\"1\" title=\"dz04mdamagfzad04ngnmnzlkmtuwntfky2fmzjdjm2izmjrlngyxnwewyq-thumb_\"><\/p>\n<p data-index=\"2\">\u201e<strong>Una dintre valorile pe care le pre\u0163uim at\u00e2t rom\u00e2nii, c\u00e2t \u015fi americanii, este libertatea de exprimare&#8221;, a declarat, miercuri, ambasadorul SUA la Bucure\u015fti<\/strong>, \u00eentrebat fiind cum comenteaz\u0103 afirma\u0163iile acide ale lui Traian B\u0103sescu, pe tema recentei \u00eent\u00e2lniri a lui Hans Klem cu Valeriu Zgonea, la Camera Deputa\u0163ilor.<\/p>\n<p data-index=\"3\">\u00cen acest context, <strong>oficialul american a ad\u0103ugat c\u0103 spusele fostului pre\u015fedinte nu l-au deranjat \u201edeloc\u201d, iar discu\u0163iile cu reprezentan\u0163i ai statului rom\u00e2n sunt practic o obliga\u0163ie de serviciu<\/strong>. &#8220;NATO \u015fi SUA se bucur\u0103 de un parteneriat strategic \u015fi suntem, de asemenea, alia\u0163i ai Organiza\u0163iei Tratatului Atlanticului de Nord. Ca \u015fi alia\u0163i, ca \u015fi parteneri, cred c\u0103 este foarte important s\u0103 ne consult\u0103m \u00een probleme de interes comun. <strong>Tr\u0103im \u00eentr-o lume foarte periculoas\u0103 \u015fi suntem noroco\u015fi c\u0103 Rom\u00e2nia \u015fi SUA au fost capabile s\u0103 g\u0103seasc\u0103 multe modalit\u0103\u0163i s\u0103 coopereze at\u00e2t \u00een ap\u0103rarea \u0163\u0103rilor noastre, c\u00e2t \u015fi \u00een domeniul securit\u0103\u0163ii cibernetice \u015fi aplicarea legii. Pentru a suda leg\u0103turile dintre cele dou\u0103 \u0163\u0103ri este obliga\u0163ia mea ca ambasador s\u0103 m\u0103 \u00eent\u00e2lnesc cu guverna\u0163ii, liderii economici \u015fi culturali din Rom\u00e2nia, dar \u015fi cu oamenii din Rom\u00e2nia. De aceea trebuie s\u0103 vorbesc<\/strong>&#8220;, a continuat ambasadorul Hans Klemm.<br \/>Oficialul american s-a \u00eent\u00e2lnit vineri cu pre\u015fedintele Camerei Deputa\u0163ilor, \u00een cursul \u00eentrevederii fiind atinse subiecte precum Parteneriatul Strategic Rom\u00e2nia-SUA, teme politice sau modific\u0103rile la Codul Penal \u015fi cel de Procedur\u0103 Penal\u0103.<\/p>\n<p data-index=\"4\"><strong>Dup\u0103 discu\u0163ii, Hans Klemm \u015fi Valeriu Zgonea au sus\u0163inut o conferin\u0163\u0103 de pres\u0103 comun\u0103 pe holurile Parlamentului<\/strong>. Context \u00een care, ambasadorul Statelor Unite a ar\u0103tat c\u0103 i-a mul\u0163umit lui Zgonea \u201epentru modul \u00een care a \u00eendeplinit \u00een ultimele s\u0103pt\u0103m\u00e2ni mai multe priorit\u0103\u021bi legislative importante pentru Rom\u00e2nia \u0219i SUA \u2013 referitor la restituirea propriet\u0103\u021bilor, la exproprieri, legea managementului \u00eentreprinderilor de stat, legi foarte importante\u201d (toate detaliile <a href=\"https:\/\/www.digi24.ro\/Stiri\/Digi24\/Actualitate\/Politica\/Ambasasdorul+SUA+conferinta+de+presa+cu+Zgonea+Sunt+aici+pentru+\" target=\"_blank\" data-skip-linkfix=\"1\" rel=\"noopener\"><strong>AICI<\/strong><\/a>).<\/p>\n<p data-index=\"5\">Mai mult, a precizat oficialul cu acea ocazie, \u201e<strong>am discutat \u0219i alte legi care nu cred c\u0103 vor fi \u00een beneficiul Rom\u00e2niei, cea privind Agen\u021bia Na\u021bional\u0103 de Integritate, o lege care ofer\u0103 superimunitate avoca\u021bilor. \u00cen viziunea SUA, acestea nu ar consolida institu\u021biile din domeniu \u0219i nu ar ajuta \u00een lupta \u00eempotriva corup\u021biei<\/strong>\u201d.<br \/><strong>\u00cent\u00e2lnirea \u015fi conferin\u0163a de pres\u0103 comun\u0103 care i-a urmat au venit \u00eentr-o perioad\u0103 \u00een care PSD inten\u0163ioneaz\u0103 s\u0103 \u00eel debarce pe Valeriu Zgonea de la \u015fefia Camerei inferioare \u015fi dup\u0103 ce ofensiva anti-justi\u0163ie a PSD s-a intensificat \u00een Parlament.<\/strong><br \/>La scurt timp dup\u0103 \u00eentrevederea Klemm-Zgonea, fostul pre\u015fedinte, Traian B\u0103sescu, a reac\u0163ionat dur, etichet\u00e2nd demersul diplomatului american drept \u201eun soi de lobby-ist pentru func\u0163ii\u201d. &#8220;<strong>Dup\u0103 p\u0103rerea mea, ambasadorul SUA a gre\u015fit, a\u015fa ceva nu se face. S-a transformat \u00eentr-un soi de lobbyist pentru func\u0163ii, asta \u00een Rom\u00e2nia se cam pedepse\u015fte, e trafic de influen\u0163\u0103 \u015fi dac\u0103 \u00eel descoase pu\u0163in Codru\u0163a Kovesi \u00eel poate chema la DNA. Glumesc.<\/strong>&#8220;, a afirmat B\u0103sescu \u00een platoul unui post de televiziune.<\/p>\n<\/div>\n<p> Source URL: https:\/\/www.digi24.ro\/stiri\/actualitate\/politica\/ce-i-a-transmis-ambasadorul-sua-lui-traian-basescu-519128<\/p>\n","protected":false},"excerpt":{"rendered":"<p>\u00a0 \u201eUna dintre valorile pe care le pre\u0163uim at\u00e2t rom\u00e2nii, c\u00e2t \u015fi americanii, este libertatea de exprimare&#8221;, a declarat, miercuri, ambasadorul SUA la Bucure\u015fti, \u00eentrebat fiind cum comenteaz\u0103 afirma\u0163iile acide ale lui Traian B\u0103sescu, pe tema recentei \u00eent\u00e2lniri a lui Hans Klem cu Valeriu Zgonea, la Camera Deputa\u0163ilor. \u00cen acest context, oficialul american a ad\u0103ugat [&hellip;]<\/p>\n","protected":false},"author":1,"featured_media":164223,"comment_status":"open","ping_status":"","sticky":false,"template":"","format":"standard","meta":{"footnotes":""},"categories":[2],"tags":[11],"class_list":["post-164222","post","type-post","status-publish","format-standard","has-post-thumbnail","hentry","category-politics","tag-digi24"],"_links":{"self":[{"href":"https:\/\/analyse.optim.biz\/index.php?rest_route=\/wp\/v2\/posts\/164222","targetHints":{"allow":["GET"]}}],"collection":[{"href":"https:\/\/analyse.optim.biz\/index.php?rest_route=\/wp\/v2\/posts"}],"about":[{"href":"https:\/\/analyse.optim.biz\/index.php?rest_route=\/wp\/v2\/types\/post"}],"author":[{"embeddable":true,"href":"https:\/\/analyse.optim.biz\/index.php?rest_route=\/wp\/v2\/users\/1"}],"replies":[{"embeddable":true,"href":"https:\/\/analyse.optim.biz\/index.php?rest_route=%2Fwp%2Fv2%2Fcomments&post=164222"}],"version-history":[{"count":0,"href":"https:\/\/analyse.optim.biz\/index.php?rest_route=\/wp\/v2\/posts\/164222\/revisions"}],"wp:featuredmedia":[{"embeddable":true,"href":"https:\/\/analyse.optim.biz\/index.php?rest_route=\/wp\/v2\/media\/164223"}],"wp:attachment":[{"href":"https:\/\/analyse.optim.biz\/index.php?rest_route=%2Fwp%2Fv2%2Fmedia&parent=164222"}],"wp:term":[{"taxonomy":"category","embeddable":true,"href":"https:\/\/analyse.optim.biz\/index.php?rest_route=%2Fwp%2Fv2%2Fcategories&post=164222"},{"taxonomy":"post_tag","embeddable":true,"href":"https:\/\/analyse.optim.biz\/index.php?rest_route=%2Fwp%2Fv2%2Ftags&post=164222"}],"curies":[{"name":"wp","href":"https:\/\/api.w.org\/{rel}","templated":true}]}}