{"id":164219,"date":"2016-05-18T13:59:37","date_gmt":"2016-05-18T10:59:37","guid":{"rendered":"https:\/\/analyse.optim.biz\/?p=164219"},"modified":"2016-05-18T13:59:37","modified_gmt":"2016-05-18T10:59:37","slug":"iohannis-mesaj-de-la-vilnius-catre-aliati-forta-de-descurajare-sa-fie-desfasurata-pe-intregul-flanc-estic-al-nato","status":"publish","type":"post","link":"https:\/\/analyse.optim.biz\/?p=164219","title":{"rendered":"Iohannis, mesaj de la Vilnius c\u0103tre alia\u0163i: for\u0163a de descurajare s\u0103 fie desf\u0103\u015furat\u0103 pe \u201e\u00eentregul Flanc Estic al NATO\u201d"},"content":{"rendered":"<div class=\"entry data-app-meta data-app-meta-article\" data-embed-base-url-canonical=\"https:\/\/www.digi24.ro\/embed\/stiri\/actualitate\/politica\/iohannis-mesaj-de-la-vilnius-catre-aliati-forta-de-descurajare-sa-fie-desfasurata-pe-intregul-flanc-estic-al-nato-519164\">\n<p data-index=\"1\"><img decoding=\"async\" src=\"https:\/\/analyse.optim.biz\/wp-content\/uploads\/2024\/09\/otdkmzq3n2vkn2qxmwy0ztu3odfhowvhmjzk-thumb_.jpg\" data-skip-htmlfix=\"1\" title=\"otdkmzq3n2vkn2qxmwy0ztu3odfhowvhmjzk-thumb_\"><\/p>\n<p data-index=\"2\"><em>Sursa foto: <a href=\"http:\/\/www.presidency.ro\" data-skip-linkfix=\"1\">www.presidency.ro<\/a><\/em><\/p>\n<p data-index=\"3\">La Vilnius, <strong>Klaus Iohannis \u015fi Dalia Gribauskaite s-au concentrat pe preg\u0103tirile legate de Summit-ul NATO de la Var\u015fovia, din 8-9 iulie<\/strong>, de la care \u0162\u0103rile Baltice, Polonia \u015fi Rom\u00e2nia a\u015fteapt\u0103 decizii de importan\u0163\u0103 major\u0103 \u00een actualul context regional.<\/p>\n<p data-index=\"4\">Cei doi lideri au sus\u0163inut, la cap\u0103tul discu\u0163iilor, o declara\u0163ie de pres\u0103 comun\u0103, context \u00een care <strong>pre\u015fedintele Iohannis a atins una din temele de maxim interes pentru Rom\u00e2nia<\/strong>, \u00een perspectiva Summit-ului Alian\u0163ei,<strong> situa\u0163ia Flancului Estic al NATO<\/strong>. \u201e<strong>Am reiterat a\u0219tept\u0103rile concrete ale Rom\u00e2niei privind o prezen\u021b\u0103 Aliat\u0103 robust\u0103, credibil\u0103, cu rol de descurajare, care s\u0103 fie desf\u0103\u0219urat\u0103 \u00een mod echilibrat pe \u00eentregul Flanc Estic al NATO, at\u00e2t \u00een partea nordic\u0103 a Flancului Estic, c\u00e2t \u0219i \u00een partea sudic\u0103 a Flancului Estic<\/strong>\u201d, a ar\u0103tat Iohannis.<\/p>\n<p data-index=\"5\">\u00cen acela\u015fi timp, a subliniat oficialul de la Bucure\u015fti, \u201e<strong>Rom\u00e2nia \u0219i Lituania ac\u021bioneaz\u0103 nu doar ca alia\u021bi, ci \u0219i ca \u021b\u0103ri preocupate de evolu\u021biile regionale, responsabile \u015fi angajate \u00een acest sens, cu<\/strong><strong>o aten\u0163ie aparte acordat\u0103 \u00een special securit\u0103\u0163ii spa\u021biului care se \u00eentinde de la Marea Baltic\u0103 p\u00e2n\u0103 la Marea Neagr\u0103<\/strong>\u201d. <br \/>Legat de evolu\u0163ia discu\u0163iilor privind asigurarea \u00eentregului Flanc Estic, \u00een contextul dictat de atitudinea revizionist\u0103 a Rusiei, fostul consilier preziden\u0163ial,<strong> Cristian Diaconescu<\/strong>, atr\u0103gea aten\u0163ia, la \u00eenceputul acestei luni. \u201ePolitic corect ar fi ca deciziile luate la Var\u0219ovia s\u0103 se refere, \u00een mod egal, la garan\u021bii de securitate pentru toate statele din zon\u0103. Acea ax\u0103 Marea Baltic\u0103 &#8211; Marea Neagr\u0103, zona de nord, cobor\u00e2nd spre sud, trebuie respectat\u0103 ca un vector de securitate c\u00e2t se poate de clar. <strong>Deciziile luate doar pentru o parte a Europei ar creea dezechilibre de percep\u021bie, cu consecin\u021be neb\u0103nuite pentru alte zone. Ast\u0103zi Marea Neagr\u0103 lipse\u0219te \u00een dialogul, ceva mai constructiv, \u00een leg\u0103tur\u0103 cu preconizatele decizii de la summit. Acest lucru este c\u00e2t se poate de \u00eengrijor\u0103tor<\/strong>\u201d.<\/p>\n<h5>Dalia Gribauskaite: \u201eNoi salut\u0103m dislocarea sistemului antirachet\u0103 \u00een Rom\u00e2nia\u201d<\/h5>\n<p data-index=\"6\"><strong>Moldova, Ucraina \u015fi Parteneriatul Estic<\/strong> au fost celelalte puncte atinse de partea rom\u00e2n\u0103, inclusiv \u00een partea public\u0103 a vizitei lui Iohannis la Vilnius: \u201eAm subliniat mai ales importan\u0163a continu\u0103rii procesului de reform\u0103 \u00een spirit european \u00een Republica Moldova, pentru continuarea drumului s\u0103u spre Uniunea European\u0103. \u00cen ceea ce prive\u015fte Ucraina, am analizat situa\u0163ia conflictului \u015fi am exprimat pozi\u0163ia comun\u0103 privind necesitatea men\u0163inerii sanc\u0163iunilor p\u00e2n\u0103 la aplicarea deplin\u0103 a Acordurilor de la Minsk.\u00a0<strong>Am convenit de asemenea c\u0103 este important s\u0103 sus\u0163inem \u00een continuare Parteneriatul Estic, pe care trebuie s\u0103 \u00eel revigor\u0103m, dot\u00e2ndu-l eventual cu noi instrumente \u015fi politici, astfel \u00eenc\u00e2t s\u0103 \u00ee\u015fi p\u0103streze relevan\u0163a de p\u00e2rghie pentru transformarea european\u0103 a statelor partenere \u015fi pentru apropierea lor, dac\u0103 o doresc, de Uniunea European\u0103<\/strong>\u201d, a declarat pre\u015fedintele Klaus Iohannis. <br \/>La r\u00e2ndul ei,<strong> pre\u015fedinta Lituaniei a salutat prezen\u0163a scutului anti-rachet\u0103 pe teritoriul Rom\u00e2niei, preciz\u00e2nd c\u0103 \u0163ara sa sprijin\u0103 asemenea ini\u0163iative. \u201eExprim satisfac\u021bia c\u0103 situa\u021bia \u00een privin\u021ba securit\u0103\u021bii \u00een Rom\u00e2nia este una bun\u0103. Noi salut\u0103m dislocarea sistemului antirachet\u0103 \u00een Rom\u00e2nia. Este un mesaj pozitiv pentru noi to\u021bi, drept care noi sprijinim aceste ini\u021biative at\u00e2t \u00een Rom\u00e2nia, c\u00e2t \u0219i \u00een Polonia<\/strong>\u201d, a declarat miercuri<strong> Dalia Gribauskaite<\/strong>.<\/p>\n<\/div>\n<p> Source URL: https:\/\/www.digi24.ro\/stiri\/actualitate\/politica\/iohannis-mesaj-de-la-vilnius-catre-aliati-forta-de-descurajare-sa-fie-desfasurata-pe-intregul-flanc-estic-al-nato-519164<\/p>\n","protected":false},"excerpt":{"rendered":"<p>Sursa foto: www.presidency.ro La Vilnius, Klaus Iohannis \u015fi Dalia Gribauskaite s-au concentrat pe preg\u0103tirile legate de Summit-ul NATO de la Var\u015fovia, din 8-9 iulie, de la care \u0162\u0103rile Baltice, Polonia \u015fi Rom\u00e2nia a\u015fteapt\u0103 decizii de importan\u0163\u0103 major\u0103 \u00een actualul context regional. Cei doi lideri au sus\u0163inut, la cap\u0103tul discu\u0163iilor, o declara\u0163ie de pres\u0103 comun\u0103, context [&hellip;]<\/p>\n","protected":false},"author":1,"featured_media":164220,"comment_status":"open","ping_status":"","sticky":false,"template":"","format":"standard","meta":{"footnotes":""},"categories":[2],"tags":[11],"class_list":["post-164219","post","type-post","status-publish","format-standard","has-post-thumbnail","hentry","category-politics","tag-digi24"],"_links":{"self":[{"href":"https:\/\/analyse.optim.biz\/index.php?rest_route=\/wp\/v2\/posts\/164219","targetHints":{"allow":["GET"]}}],"collection":[{"href":"https:\/\/analyse.optim.biz\/index.php?rest_route=\/wp\/v2\/posts"}],"about":[{"href":"https:\/\/analyse.optim.biz\/index.php?rest_route=\/wp\/v2\/types\/post"}],"author":[{"embeddable":true,"href":"https:\/\/analyse.optim.biz\/index.php?rest_route=\/wp\/v2\/users\/1"}],"replies":[{"embeddable":true,"href":"https:\/\/analyse.optim.biz\/index.php?rest_route=%2Fwp%2Fv2%2Fcomments&post=164219"}],"version-history":[{"count":0,"href":"https:\/\/analyse.optim.biz\/index.php?rest_route=\/wp\/v2\/posts\/164219\/revisions"}],"wp:featuredmedia":[{"embeddable":true,"href":"https:\/\/analyse.optim.biz\/index.php?rest_route=\/wp\/v2\/media\/164220"}],"wp:attachment":[{"href":"https:\/\/analyse.optim.biz\/index.php?rest_route=%2Fwp%2Fv2%2Fmedia&parent=164219"}],"wp:term":[{"taxonomy":"category","embeddable":true,"href":"https:\/\/analyse.optim.biz\/index.php?rest_route=%2Fwp%2Fv2%2Fcategories&post=164219"},{"taxonomy":"post_tag","embeddable":true,"href":"https:\/\/analyse.optim.biz\/index.php?rest_route=%2Fwp%2Fv2%2Ftags&post=164219"}],"curies":[{"name":"wp","href":"https:\/\/api.w.org\/{rel}","templated":true}]}}