{"id":164144,"date":"2016-05-23T15:14:05","date_gmt":"2016-05-23T12:14:05","guid":{"rendered":"https:\/\/analyse.optim.biz\/?p=164144"},"modified":"2016-05-23T15:14:05","modified_gmt":"2016-05-23T12:14:05","slug":"alina-gorghiu-alaturarea-sava-piedone-este-una-nefericita-nu-se-pune-insa-problema-excluderii","status":"publish","type":"post","link":"https:\/\/analyse.optim.biz\/?p=164144","title":{"rendered":"Alina Gorghiu: Al\u0103turarea Sava-Piedone este una nefericit\u0103. Nu se pune, \u00eens\u0103, problema excluderii"},"content":{"rendered":"<div class=\"entry data-app-meta data-app-meta-article\" data-embed-base-url-canonical=\"https:\/\/www.digi24.ro\/embed\/stiri\/actualitate\/politica\/alina-gorghiu-alaturarea-sava-piedone-este-una-nefericita-nu-se-pune-insa-problema-excluderii-520880\">\n<p data-index=\"1\">\u00a0<img decoding=\"async\" src=\"https:\/\/analyse.optim.biz\/wp-content\/uploads\/2024\/09\/anbnjnc9odawjmhhc2g9zjbmzgm0zmzkntmzytuzmtu3zwu0mmfkzthhmwi1yzk-thumb_.jpg\" data-skip-htmlfix=\"1\" title=\"anbnjnc9odawjmhhc2g9zjbmzgm0zmzkntmzytuzmtu3zwu0mmfkzthhmwi1yzk-thumb_\"><\/p>\n<p data-index=\"2\"><em>Cristian Popescu-Piedone \u0219i R\u0103zvan Sava<\/em><\/p>\n<p data-index=\"3\">\u201eAm avut o discu\u021bie cu Sava, foarte direct\u0103 \u0219i foarte onest\u0103. Nu are o colaborare politic\u0103 a\u0219a cum s-a spus \u00een spa\u021biul public cu Piedone, \u00een sensul \u00een care nici nu sus\u021bine lista de consiliu a domnului Piedone, nu au o colaborare concretizat\u0103 \u00eentr-un document. (&#8230;) Mie mi se pare o al\u0103turare nefericit\u0103, motiv pentru care cred c\u0103 orice fel de discu\u021bie ulterioar\u0103 nu-\u0219i mai are locul. Am avut chiar la sf\u00e2r\u0219itul aceste s\u0103pt\u0103m\u00e2ni un tete-a-tete cu domnul Sava \u0219i i-am mai explicat o dat\u0103 domnului Sava ce cred eu c\u0103 ar trebui s\u0103 fac\u0103 un candidat al PNL \u0219i vom vedea ce se \u00eent\u00e2mpl\u0103. Nu-l excludem. Nu se pune problema excluderii domnului Sava, nu se pune problema distan\u021b\u0103rii de candidatul R\u0103zvan Sava, \u00eel sus\u021binem \u00een continuare, dar credem noi c\u0103 a respecta opinia conducerii partidului este esen\u021bial \u0219i pentru domnia sa&#8221;, a spus Alina Gorghiu, <a href=\"http:\/\/www.agerpres.ro\/politica\/2016\/05\/23\/gorghiu-alaturarea-sava-piedone-este-una-nefericita-dar-nu-l-excludem-pe-sava-14-31-12\" target=\"_blank\" data-skip-linkfix=\"1\" rel=\"noopener\"><strong>potrivit Agerpres.<\/strong><\/a><\/p>\n<p data-index=\"4\">Liderul PNL \u00eei recomand\u0103 ferm lui Sava s\u0103 nu se mai asocieze cu Piedone.<\/p>\n<p data-index=\"5\">\u201eLa evenimente \u00een parc cu copiii te mai \u0219i vopse\u0219ti pe fa\u021b\u0103, te mai \u0219i proste\u0219ti, te mai \u0219i joci cu ei. (&#8230;) Nu faptul c\u0103 s-au vopsit pe fa\u021b\u0103 la un eveniment dedicat copiilor este problema, ci cred c\u0103 ideea de al\u0103turare cu un om care \u00eenc\u0103 nu \u0219i-a rezolvat problemele, care, da, corect, nu are o condamnare, nu este arestat, dar care trebuie s\u0103-\u0219i rezolve anumite probleme nu este una indicat\u0103, fericit\u0103, recomandat\u0103 de conducerea PNL. (&#8230;) Pot s\u0103-i recomand ferm s\u0103 nu se mai asocieze cu domnul Piedone\u201d, a afirmat Alina Gorghiu.<\/p>\n<\/div>\n<p> Source URL: https:\/\/www.digi24.ro\/stiri\/actualitate\/politica\/alina-gorghiu-alaturarea-sava-piedone-este-una-nefericita-nu-se-pune-insa-problema-excluderii-520880<\/p>\n","protected":false},"excerpt":{"rendered":"<p>\u00a0 Cristian Popescu-Piedone \u0219i R\u0103zvan Sava \u201eAm avut o discu\u021bie cu Sava, foarte direct\u0103 \u0219i foarte onest\u0103. Nu are o colaborare politic\u0103 a\u0219a cum s-a spus \u00een spa\u021biul public cu Piedone, \u00een sensul \u00een care nici nu sus\u021bine lista de consiliu a domnului Piedone, nu au o colaborare concretizat\u0103 \u00eentr-un document. (&#8230;) Mie mi se [&hellip;]<\/p>\n","protected":false},"author":1,"featured_media":164145,"comment_status":"open","ping_status":"","sticky":false,"template":"","format":"standard","meta":{"footnotes":""},"categories":[2],"tags":[11],"class_list":["post-164144","post","type-post","status-publish","format-standard","has-post-thumbnail","hentry","category-politics","tag-digi24"],"_links":{"self":[{"href":"https:\/\/analyse.optim.biz\/index.php?rest_route=\/wp\/v2\/posts\/164144","targetHints":{"allow":["GET"]}}],"collection":[{"href":"https:\/\/analyse.optim.biz\/index.php?rest_route=\/wp\/v2\/posts"}],"about":[{"href":"https:\/\/analyse.optim.biz\/index.php?rest_route=\/wp\/v2\/types\/post"}],"author":[{"embeddable":true,"href":"https:\/\/analyse.optim.biz\/index.php?rest_route=\/wp\/v2\/users\/1"}],"replies":[{"embeddable":true,"href":"https:\/\/analyse.optim.biz\/index.php?rest_route=%2Fwp%2Fv2%2Fcomments&post=164144"}],"version-history":[{"count":0,"href":"https:\/\/analyse.optim.biz\/index.php?rest_route=\/wp\/v2\/posts\/164144\/revisions"}],"wp:featuredmedia":[{"embeddable":true,"href":"https:\/\/analyse.optim.biz\/index.php?rest_route=\/wp\/v2\/media\/164145"}],"wp:attachment":[{"href":"https:\/\/analyse.optim.biz\/index.php?rest_route=%2Fwp%2Fv2%2Fmedia&parent=164144"}],"wp:term":[{"taxonomy":"category","embeddable":true,"href":"https:\/\/analyse.optim.biz\/index.php?rest_route=%2Fwp%2Fv2%2Fcategories&post=164144"},{"taxonomy":"post_tag","embeddable":true,"href":"https:\/\/analyse.optim.biz\/index.php?rest_route=%2Fwp%2Fv2%2Ftags&post=164144"}],"curies":[{"name":"wp","href":"https:\/\/api.w.org\/{rel}","templated":true}]}}