{"id":164119,"date":"2016-05-11T22:37:36","date_gmt":"2016-05-11T19:37:36","guid":{"rendered":"https:\/\/analyse.optim.biz\/?p=164119"},"modified":"2016-05-11T22:37:36","modified_gmt":"2016-05-11T19:37:36","slug":"adevarul-scamatoriile-pastorite-de-liviu-dragnea-la-ministerul-dezvoltarii","status":"publish","type":"post","link":"https:\/\/analyse.optim.biz\/?p=164119","title":{"rendered":"Adev\u0103rul: Scamatoriile p\u0103storite de Liviu Dragnea la Ministerul Dezvolt\u0103rii"},"content":{"rendered":"<div class=\"entry data-app-meta data-app-meta-article\" data-embed-base-url-canonical=\"https:\/\/www.digi24.ro\/embed\/stiri\/actualitate\/politica\/adevarul-scamatoriile-pastorite-de-liviu-dragnea-la-ministerul-dezvoltarii-516711\">\n<p data-index=\"1\">Lucr\u0103ri supraevaluate, terenuri sub-evaluate \u0219i dispari\u021bia a 10 milioane de eure. Acestea sunt doar lucrurile groase descoperite de Curtea de Conturi la Ministerul Dezvolt\u0103rii, care \u00eentre 2013 \u0219i 2014 a \u00eenfiin\u021bat Programul Na\u021bional de Dezvoltare Local\u0103.<\/p>\n<p data-index=\"2\">Acesta nu numai c\u0103 era coodonat de Ministerul Dezvolt\u0103rii coordonat de Liviu Dragnea, dar prin Ordonan\u021b\u0103 de Urgen\u021b\u0103 a guvernului Ponta, Dragnea personal a primit dreptul de a semna fiecare proiect care se finan\u021beaz\u0103 din uria\u0219ul fond de jum\u0103tate de miliard de euro.<\/p>\n<p data-index=\"3\">\u00cen mod oficial, programul avea rolul de a elimina diferen\u021bele de dezvoltare dintre diferitele zone ale \u021b\u0103rii dar realit\u0103\u021bile au ar\u0103tat altceva &#8211; o bun\u0103 parte a contractelor s-au f\u0103cut prin atribuiri f\u0103r\u0103 licita\u021bie, sfid\u00e2nd legile \u0219i chiar bunul sim\u021b.<\/p>\n<p data-index=\"4\">\u00cen mod frecvent era invocat\u0103 urgen\u021ba, \u00eens\u0103 cum poate fi justificat\u0103 de exemplu alocarea \u00een urgen\u021b\u0103 a unor fonduri pentru lucr\u0103ri la unele biserici, inclusiv la Catedrala Mitropolitan\u0103 din Ia\u0219i.<\/p>\n<p data-index=\"5\">\u00cenc\u0103 nu ar fi at\u00e2t de r\u0103u dac\u0103 de banii respectivi s-ar fi pus o tencuial\u0103 nou\u0103 sau tabl\u0103 pe acoperi\u0219, dar \u00een multe cazuri, sumele ar fi fost folosite exclusiv pentru plata unor proiecte. De\u0219i achitate \u0219i terminate \u00een regim de urgen\u021b\u0103, cele mai multe nu au fost puse \u00een practic\u0103 nici ast\u0103zi.<\/p>\n<p data-index=\"6\">S-ar fi f\u0103cut \u0219i ceva asfalt\u0103ri \u0219i s-ar fi tras \u0219i canalizare, \u00eens\u0103 firmele care s-au ocupat de aceste lucr\u0103ri se aflau \u00een sfera de influen\u021b\u0103 a vice-premierului Liviu Dragnea. Cel mai bun exemplu \u00eel reprezint\u0103 TelDrum, fosta regie de drumuri din Teleorman, privatizat\u0103 de Liviu Dragnea \u0219i controlat\u0103 de prietenii din copil\u0103rie sau colegii de facultate.<\/p>\n<p data-index=\"7\">O parte dintre luc\u0103ri au \u00eenceput \u00een urm\u0103 cu mai mul\u021bi ani, \u00eens\u0103 dintr-o aparent\u0103 neaten\u021bie, pl\u0103\u021bile nu figurau \u00een eviden\u021bele noului Programul Na\u021bional de Dezvoltare Local\u0103. Prin urmare, c\u00e2teva zeci de firme ar fi fost pl\u0103tite pentru aceea\u0219i lucrare de mai multe ori.<\/p>\n<p data-index=\"8\">Raportul Cur\u021bii de Conturi ar fi fost gata \u00eenc\u0103 din aprilie 2015, \u00eens\u0103 nu se afl\u0103 nici acum pe site-ul institu\u021biei. Documentul trebuie mai \u00eent\u00e2i aprobat \u00een plenul Cur\u021bii de Conturi \u0219i abia apoi trimis mai departe c\u0103tre DNA \u0219i alte institu\u021bii cu atribu\u021bii similare. Jurnali\u0219tii de la Adev\u0103rul speculeaz\u0103 un amestec politic \u00een interiorul Cur\u021bii de Conturi, pentru blocarea \u0219i p\u0103strarea la secret a acestui raport.\u00a0<\/p>\n<\/div>\n<p> Source URL: https:\/\/www.digi24.ro\/stiri\/actualitate\/politica\/adevarul-scamatoriile-pastorite-de-liviu-dragnea-la-ministerul-dezvoltarii-516711<\/p>\n","protected":false},"excerpt":{"rendered":"<p>Lucr\u0103ri supraevaluate, terenuri sub-evaluate \u0219i dispari\u021bia a 10 milioane de eure. Acestea sunt doar lucrurile groase descoperite de Curtea de Conturi la Ministerul Dezvolt\u0103rii, care \u00eentre 2013 \u0219i 2014 a \u00eenfiin\u021bat Programul Na\u021bional de Dezvoltare Local\u0103. Acesta nu numai c\u0103 era coodonat de Ministerul Dezvolt\u0103rii coordonat de Liviu Dragnea, dar prin Ordonan\u021b\u0103 de Urgen\u021b\u0103 a [&hellip;]<\/p>\n","protected":false},"author":1,"featured_media":164120,"comment_status":"open","ping_status":"","sticky":false,"template":"","format":"standard","meta":{"footnotes":""},"categories":[2],"tags":[11],"class_list":["post-164119","post","type-post","status-publish","format-standard","has-post-thumbnail","hentry","category-politics","tag-digi24"],"_links":{"self":[{"href":"https:\/\/analyse.optim.biz\/index.php?rest_route=\/wp\/v2\/posts\/164119","targetHints":{"allow":["GET"]}}],"collection":[{"href":"https:\/\/analyse.optim.biz\/index.php?rest_route=\/wp\/v2\/posts"}],"about":[{"href":"https:\/\/analyse.optim.biz\/index.php?rest_route=\/wp\/v2\/types\/post"}],"author":[{"embeddable":true,"href":"https:\/\/analyse.optim.biz\/index.php?rest_route=\/wp\/v2\/users\/1"}],"replies":[{"embeddable":true,"href":"https:\/\/analyse.optim.biz\/index.php?rest_route=%2Fwp%2Fv2%2Fcomments&post=164119"}],"version-history":[{"count":0,"href":"https:\/\/analyse.optim.biz\/index.php?rest_route=\/wp\/v2\/posts\/164119\/revisions"}],"wp:featuredmedia":[{"embeddable":true,"href":"https:\/\/analyse.optim.biz\/index.php?rest_route=\/wp\/v2\/media\/164120"}],"wp:attachment":[{"href":"https:\/\/analyse.optim.biz\/index.php?rest_route=%2Fwp%2Fv2%2Fmedia&parent=164119"}],"wp:term":[{"taxonomy":"category","embeddable":true,"href":"https:\/\/analyse.optim.biz\/index.php?rest_route=%2Fwp%2Fv2%2Fcategories&post=164119"},{"taxonomy":"post_tag","embeddable":true,"href":"https:\/\/analyse.optim.biz\/index.php?rest_route=%2Fwp%2Fv2%2Ftags&post=164119"}],"curies":[{"name":"wp","href":"https:\/\/api.w.org\/{rel}","templated":true}]}}