{"id":164105,"date":"2016-05-23T17:05:20","date_gmt":"2016-05-23T14:05:20","guid":{"rendered":"https:\/\/analyse.optim.biz\/?p=164105"},"modified":"2016-05-23T17:05:20","modified_gmt":"2016-05-23T14:05:20","slug":"codul-penal-incinge-spiritele-tariceanu-si-dragnea-il-ameninta-pe-ciolos-cu-parlamentul-si-curtea-constitutionala","status":"publish","type":"post","link":"https:\/\/analyse.optim.biz\/?p=164105","title":{"rendered":"Codul Penal \u00eencinge spiritele: T\u0103riceanu \u015fi Dragnea \u00eel amenin\u0163\u0103 pe Ciolo\u015f cu Parlamentul \u015fi Curtea Constitu\u0163ional\u0103"},"content":{"rendered":"<div class=\"entry data-app-meta data-app-meta-article\" data-embed-base-url-canonical=\"https:\/\/www.digi24.ro\/embed\/stiri\/actualitate\/politica\/codul-penal-incinge-spiritele-tariceanu-si-dragnea-il-ameninta-pe-ciolos-cu-parlamentul-si-curtea-constitutionala-520927\">\n<p data-index=\"1\">&#8220;Vorbind despre ordonan\u021ba de urgen\u021b\u0103 pentru modificarea a peste 140 de articole din Codul penal \u0219i din Codul de procedur\u0103 penal\u0103, am v\u0103zut, din p\u0103cate, \u00een spa\u021biul public pu\u021bine voci, opinii care s\u0103 ia atitudine \u00eempotriva acestei practici pe care Guvernul a adoptat-o. Trebuie s\u0103 subliniez faptul c\u0103, din experien\u021ba mea de prim-ministru \u0219i de parlamentar, nu putem s\u0103 g\u00e2ndim c\u0103 o astfel de procedur\u0103 va fi utilizat\u0103 de actualul Guvern. De altfel, v\u0103 imagina\u021bi c\u0103, dac\u0103 eu, la momentul la care exercitam aceast\u0103 func\u021bie, a\u0219 fi dorit s\u0103 fac o astfel de modificare a Codului penal sau a Codului de procedur\u0103 prin ordonan\u021b\u0103, probabil c\u0103 a\u0219 fi st\u00e2rnit o furtun\u0103. Exist\u0103 o problem\u0103 serioas\u0103 dincolo de aceast\u0103 chestiune procedural\u0103, care este anormal\u0103, \u0219i anume: Curtea Constitu\u021bional\u0103, nu o dat\u0103, a sanc\u021bionat modific\u0103rile care sunt aduse legisla\u021biei privitoare la drepturile \u0219i libert\u0103\u021bile fundamentale prin ordonan\u021b\u0103 de urgen\u021b\u0103. <strong>Modific\u0103rile referitoare la aceste probleme care \u021bin de fundamentul democra\u021biei, drepturile \u0219i libert\u0103\u021bile individului nu pot fi f\u0103cute prin ordonan\u021b\u0103 de urgen\u021b\u0103, de aceea \u00eemi rezerv posibilitatea de a sesiza CCR \u0219i am dat ast\u0103zi \u00een lucru departamentului legislativ s\u0103 studieze aceast\u0103 chestiune \u0219i s\u0103 preg\u0103teasc\u0103, dac\u0103 avem baza juridic\u0103, s\u0103 sesiz\u0103m Curtea<\/strong>&#8220;, a declarat, luni, <strong>C\u0103lin Popescu T\u0103riceanu<\/strong>, citat de Agerpres.<\/p>\n<p data-index=\"2\">Potrivit lui T\u0103riceanu, Guvernul nu ar fi avut dreptul s\u0103 mearg\u0103 pe calea ordonan\u0163ei de urgen\u0163\u0103 \u00een condi\u0163iile \u00een care la Parlament au fost depuse mai multe ini\u0163iative de modificare a celor dou\u0103 Coduri.<\/p>\n<p data-index=\"3\">&#8220;<strong>Direc\u021bia legislativ\u0103 se va ocupa de inventarierea tuturor acestor propuneri \u0219i aici va fi \u00eenc\u0103 un element suplimentar pe care probabil voi decide sesizarea CCR. P\u00e2n\u0103 pe data de 6 iunie vor fi preg\u0103tite aceste lucruri, c\u00e2nd activitatea Parlamentului va fi reluat\u0103<\/strong>&#8220;, a precizat T\u0103riceanu.<\/p>\n<p data-index=\"4\">Nici pre\u015fedintele PSD, <strong>Liviu Dragnea<\/strong>, nu a sc\u0103pat ocazia de a critica Executivul pentru aceast\u0103 solu\u0163ie.<\/p>\n<p data-index=\"5\"><strong>Dragnea nu a adus \u00een discu\u0163ie arbitrajul Cur\u0163ii Constitu\u0163ionale, \u00eens\u0103 a ar\u0103tat c\u0103 actul normativ emis de Guvern va ajunge la un moment dat \u00een Parlament, unde PSD are o pozi\u0163ie confortabil\u0103.<\/strong><\/p>\n<p data-index=\"6\">Modificarea Codului Penal \u0219i a Codului de Procedur\u0103 Penal\u0103, prin ordonan\u0163\u0103 de urgen\u0163\u0103, <strong>a urm\u0103rit aducerea unor clarific\u0103ri corespunz\u0103toare indica\u021biilor f\u0103cute de Curtea Constitu\u021bional\u0103<\/strong>, explica s\u0103pt\u0103m\u00e2na trecut\u0103 purt\u0103torul de cuv\u00e2nt al Guvernului, <strong>Dan Suciu<\/strong>.<\/p>\n<p data-index=\"7\">CONTENT<\/p>\n<\/div>\n<p> Source URL: https:\/\/www.digi24.ro\/stiri\/actualitate\/politica\/codul-penal-incinge-spiritele-tariceanu-si-dragnea-il-ameninta-pe-ciolos-cu-parlamentul-si-curtea-constitutionala-520927<\/p>\n","protected":false},"excerpt":{"rendered":"<p>&#8220;Vorbind despre ordonan\u021ba de urgen\u021b\u0103 pentru modificarea a peste 140 de articole din Codul penal \u0219i din Codul de procedur\u0103 penal\u0103, am v\u0103zut, din p\u0103cate, \u00een spa\u021biul public pu\u021bine voci, opinii care s\u0103 ia atitudine \u00eempotriva acestei practici pe care Guvernul a adoptat-o. Trebuie s\u0103 subliniez faptul c\u0103, din experien\u021ba mea de prim-ministru \u0219i de [&hellip;]<\/p>\n","protected":false},"author":1,"featured_media":164106,"comment_status":"open","ping_status":"","sticky":false,"template":"","format":"standard","meta":{"footnotes":""},"categories":[2],"tags":[11],"class_list":["post-164105","post","type-post","status-publish","format-standard","has-post-thumbnail","hentry","category-politics","tag-digi24"],"_links":{"self":[{"href":"https:\/\/analyse.optim.biz\/index.php?rest_route=\/wp\/v2\/posts\/164105","targetHints":{"allow":["GET"]}}],"collection":[{"href":"https:\/\/analyse.optim.biz\/index.php?rest_route=\/wp\/v2\/posts"}],"about":[{"href":"https:\/\/analyse.optim.biz\/index.php?rest_route=\/wp\/v2\/types\/post"}],"author":[{"embeddable":true,"href":"https:\/\/analyse.optim.biz\/index.php?rest_route=\/wp\/v2\/users\/1"}],"replies":[{"embeddable":true,"href":"https:\/\/analyse.optim.biz\/index.php?rest_route=%2Fwp%2Fv2%2Fcomments&post=164105"}],"version-history":[{"count":0,"href":"https:\/\/analyse.optim.biz\/index.php?rest_route=\/wp\/v2\/posts\/164105\/revisions"}],"wp:featuredmedia":[{"embeddable":true,"href":"https:\/\/analyse.optim.biz\/index.php?rest_route=\/wp\/v2\/media\/164106"}],"wp:attachment":[{"href":"https:\/\/analyse.optim.biz\/index.php?rest_route=%2Fwp%2Fv2%2Fmedia&parent=164105"}],"wp:term":[{"taxonomy":"category","embeddable":true,"href":"https:\/\/analyse.optim.biz\/index.php?rest_route=%2Fwp%2Fv2%2Fcategories&post=164105"},{"taxonomy":"post_tag","embeddable":true,"href":"https:\/\/analyse.optim.biz\/index.php?rest_route=%2Fwp%2Fv2%2Ftags&post=164105"}],"curies":[{"name":"wp","href":"https:\/\/api.w.org\/{rel}","templated":true}]}}