{"id":164102,"date":"2016-05-24T15:29:49","date_gmt":"2016-05-24T12:29:49","guid":{"rendered":"https:\/\/analyse.optim.biz\/?p=164102"},"modified":"2016-05-24T15:29:49","modified_gmt":"2016-05-24T12:29:49","slug":"vasile-blaga-ii-cere-demisia-lui-calin-popescu-tariceanu","status":"publish","type":"post","link":"https:\/\/analyse.optim.biz\/?p=164102","title":{"rendered":"Vasile Blaga \u00eei cere demisia lui C\u0103lin Popescu-T\u0103riceanu"},"content":{"rendered":"<div class=\"entry data-app-meta data-app-meta-article\" data-embed-base-url-canonical=\"https:\/\/www.digi24.ro\/embed\/stiri\/actualitate\/politica\/vasile-blaga-ii-cere-demisia-lui-calin-popescu-tariceanu-521363\">\n<p data-index=\"1\"><img decoding=\"async\" src=\"https:\/\/analyse.optim.biz\/wp-content\/uploads\/2024\/09\/mdamagfzad02ythjmznizgjlzmy5ztk2njk3nzzmmgu1m2q2zjayyw-thumb_.jpg\" data-skip-htmlfix=\"1\" title=\"mdamagfzad02ythjmznizgjlzmy5ztk2njk3nzzmmgu1m2q2zjayyw-thumb_\"><\/p>\n<p data-index=\"2\"><span><em>Foto: Inquam Photos\/Octav Ganea\u00a0<\/em><\/span><\/p>\n<p data-index=\"3\"><em>\u201eNu m-am pronun\u021bat niciodat\u0103 asupra unui dosar aflat \u00een instrumentarea magistra\u021bilor. Nu o s\u0103 o fac nici acum, dar \u00een ceea ce \u00eel prive\u0219te pe pre\u0219edintele Senatului, de data aceasta, eu cred c\u0103 cel mai bun lucru pe care ar putea s\u0103 \u00eel fac\u0103 domnia sa este s\u0103 \u00ee\u0219i dea demisia din func\u021bia de pre\u0219edinte al Senatului, pentru c\u0103, p\u00e2n\u0103 la urm\u0103, lezeaz\u0103 interesele \u021b\u0103rii. Nu a mai fost niciodat\u0103 o astfel de situa\u021bie&#8221;<\/em>, a declarat mar\u021bi Vasile Blaga, la sediul PNL.<\/p>\n<p data-index=\"4\">Procurorii DNA Bra\u0219ov au dispus efectuarea urm\u0103ririi penale fa\u021b\u0103 de pre\u0219edintele Senatului, C\u0103lin Popescu-T\u0103riceanu, pentru m\u0103rturie mincinoas\u0103 \u0219i favorizarea f\u0103ptuitorului.<\/p>\n<p data-index=\"5\">DNA a precizat c\u0103, \u00een cadrul actelor de cercetare efectuate pentru l\u0103murirea cauzei referitoare la retrocedarea presupus nelegal\u0103 a unei suprafe\u021be din P\u0103durea Snagov \u0219i a Fermei B\u0103neasa (a c\u0103rei trimitere \u00een judecat\u0103 a fost mediatizat\u0103 \u00een 18 mai), s-a dispus citarea lui C\u0103lin Popescu-T\u0103riceanu, pentru a fi audiat ca martor. La audiere, pre\u0219edintele Senatului a dat o declara\u021bie mincinoas\u0103.<\/p>\n<p data-index=\"6\"><em>\u201eFiind audiat \u00een 15 aprilie, \u00een depozi\u021bia luat\u0103 sub jur\u0103m\u00e2nt, acesta a f\u0103cut declara\u021bii necorespunz\u0103toare adev\u0103rului cu privire la aspecte esen\u021biale ale cauzei asupra c\u0103rora a fost \u00eentrebat \u0219i nu a spus tot ce \u0219tie \u00een leg\u0103tur\u0103 cu \u00eemprejur\u0103ri esen\u021biale, urm\u0103rind prin aceasta \u00eempiedicarea\/\u00eengreunarea cercet\u0103rilor \u0219i a tragerii la r\u0103spundere penal\u0103 a inculpa\u021bilor cerceta\u021bi \u00een dosarul trimis \u00een judecat\u0103&#8221;<\/em>, a precizat DNA.\u00a0<\/p>\n<\/div>\n<p> Source URL: https:\/\/www.digi24.ro\/stiri\/actualitate\/politica\/vasile-blaga-ii-cere-demisia-lui-calin-popescu-tariceanu-521363<\/p>\n","protected":false},"excerpt":{"rendered":"<p>Foto: Inquam Photos\/Octav Ganea\u00a0 \u201eNu m-am pronun\u021bat niciodat\u0103 asupra unui dosar aflat \u00een instrumentarea magistra\u021bilor. Nu o s\u0103 o fac nici acum, dar \u00een ceea ce \u00eel prive\u0219te pe pre\u0219edintele Senatului, de data aceasta, eu cred c\u0103 cel mai bun lucru pe care ar putea s\u0103 \u00eel fac\u0103 domnia sa este s\u0103 \u00ee\u0219i dea demisia [&hellip;]<\/p>\n","protected":false},"author":1,"featured_media":164103,"comment_status":"open","ping_status":"","sticky":false,"template":"","format":"standard","meta":{"footnotes":""},"categories":[2],"tags":[11],"class_list":["post-164102","post","type-post","status-publish","format-standard","has-post-thumbnail","hentry","category-politics","tag-digi24"],"_links":{"self":[{"href":"https:\/\/analyse.optim.biz\/index.php?rest_route=\/wp\/v2\/posts\/164102","targetHints":{"allow":["GET"]}}],"collection":[{"href":"https:\/\/analyse.optim.biz\/index.php?rest_route=\/wp\/v2\/posts"}],"about":[{"href":"https:\/\/analyse.optim.biz\/index.php?rest_route=\/wp\/v2\/types\/post"}],"author":[{"embeddable":true,"href":"https:\/\/analyse.optim.biz\/index.php?rest_route=\/wp\/v2\/users\/1"}],"replies":[{"embeddable":true,"href":"https:\/\/analyse.optim.biz\/index.php?rest_route=%2Fwp%2Fv2%2Fcomments&post=164102"}],"version-history":[{"count":0,"href":"https:\/\/analyse.optim.biz\/index.php?rest_route=\/wp\/v2\/posts\/164102\/revisions"}],"wp:featuredmedia":[{"embeddable":true,"href":"https:\/\/analyse.optim.biz\/index.php?rest_route=\/wp\/v2\/media\/164103"}],"wp:attachment":[{"href":"https:\/\/analyse.optim.biz\/index.php?rest_route=%2Fwp%2Fv2%2Fmedia&parent=164102"}],"wp:term":[{"taxonomy":"category","embeddable":true,"href":"https:\/\/analyse.optim.biz\/index.php?rest_route=%2Fwp%2Fv2%2Fcategories&post=164102"},{"taxonomy":"post_tag","embeddable":true,"href":"https:\/\/analyse.optim.biz\/index.php?rest_route=%2Fwp%2Fv2%2Ftags&post=164102"}],"curies":[{"name":"wp","href":"https:\/\/api.w.org\/{rel}","templated":true}]}}