{"id":164091,"date":"2016-05-24T17:40:49","date_gmt":"2016-05-24T14:40:49","guid":{"rendered":"https:\/\/analyse.optim.biz\/?p=164091"},"modified":"2016-05-24T17:40:49","modified_gmt":"2016-05-24T14:40:49","slug":"reactia-lui-c-p-tariceanu-dupa-ce-a-fost-pus-sub-urmarire-penala","status":"publish","type":"post","link":"https:\/\/analyse.optim.biz\/?p=164091","title":{"rendered":"Reac\u021bia lui C.P T\u0103riceanu dup\u0103 ce a fost pus sub urm\u0103rire penal\u0103\u00a0"},"content":{"rendered":"<div class=\"entry data-app-meta data-app-meta-article\" data-embed-base-url-canonical=\"https:\/\/www.digi24.ro\/embed\/stiri\/actualitate\/politica\/reactia-lui-c-p-tariceanu-dupa-ce-a-fost-pus-sub-urmarire-penala-521439\">\n<p data-index=\"1\"><em>\u201eAudierea mea din aprilie a preg\u0103tit terenul pentru ceea ce numesc eu abuzul de drept de azi.\u00a0N-am niciun fel de \u00eendoial\u0103 c\u0103 procedura \u00eenceput\u0103 azi de procurori va continua, dar nu pentru a face Justi\u021bie \u00een acest dosar, ci din alte motive lesne de \u00een\u021beles. Nu pot s\u0103 nu remarc aici celeritatea \u00eentocmirii dosarului meu de inculpat, \u00een antitez\u0103 c\u0103 praful a\u0219ezat ani \u0219i ani pe unele dosare aflate la DNA. Fac parte din categoria politicienilor incomozi, care are curajul s\u0103 spun\u0103 lucrurilor pe nume, \u00eentr-o Rom\u00e2nie care prefer\u0103 s\u0103 tac\u0103 adesea\u201d<\/em>,a spus C\u0103lin Popescu-T\u0103riceanu.\u00a0<\/p>\n<p data-index=\"2\">Pre\u0219edintele Senatului a spus c\u0103 nu a min\u021bit c\u00e2nd a fost audiat de procurorii de la DNA Bra\u0219ov \u0219i a subliniat c\u0103 anumite institu\u021bii din Rom\u00e2nia au sc\u0103pat \u201ecomplet de sub controlul civil obligatoriu\u201d.\u00a0<\/p>\n<p data-index=\"3\">C\u0103lin Popescu-T\u0103riceanu a spus c\u0103 a r\u0103spuns \u00eentreb\u0103rilor procurorilor cu \u201ebun\u0103-credin\u021b\u0103\u201d \u0219i c\u0103 a considerat audierea sa \u201eun exces de zel din partea DNA\u201d.\u00a0<\/p>\n<p data-index=\"4\"><em>\u201eNu vreau s\u0103 intru \u00een acest moment pe fondul problemei, dar este absurd s\u0103 fiu b\u0103nuit c\u0103 a\u0219 fi vrut s\u0103-mi periclitez pozi\u021bia \u00een societate, s\u0103 favorizez prin m\u0103rturie mincinoas\u0103 persoane cu care nu am niciun fel de leg\u0103turi sau afinit\u0103\u021bi. Mai mult, ca unul care respect\u0103 rolul Monarhiei pentru Romania \u00een trecut \u0219i \u00een prezent, am avut totdeauna o atitudine de dispre\u021b fa\u021b\u0103 de demersurile uzurpatoare de calit\u0103\u021bi \u0219i drepturi ale celui care se autointituleaz\u0103 Paul de Rom\u00e2nia. Sigur, \u00een ziua de azi, c\u00e2nd tr\u0103im \u00eentr-o republic\u0103 a procurorilor bazat\u0103 pe politica dosarelor \u0219i c\u0103tu\u0219elor, alegerea nu o mai pot face cet\u0103\u021benii \u00een mod democratic. Pe 5 iunie vor fi alegeri, dar indiferent pe cine aleg cet\u0103\u021benii, azi deciziile sunt luate de institu\u021biile de for\u021b\u0103 care controleaz\u0103 societatea. Aceste institu\u021bii au sc\u0103pat complet de sub controlul civil obligatoriu\u201d,<\/em> a spus pre\u0219edintele Senatului.\u00a0<\/p>\n<p data-index=\"5\">De asemenea, al doilea om \u00een stat a spus c\u0103 a fost audiat pentru c\u0103 \u201ecineva\u201d voia fotografii cu el intr\u00e2nd \u00een DNA.\u00a0<\/p>\n<p data-index=\"6\"><em>\u201eRechizitoriul inculpa\u021bilor din dosar era finalizat \u00eenaintea audierii mele, dar cineva a dorit s\u0103 aib\u0103 imagini cu pre\u0219edintele Senatului intr\u00e2nd la DNA. Le-a ob\u021binut, dar am \u00een\u021beles azi c\u0103 nu fotografia \u0219i rechizitoriul din dosarul retroced\u0103rilor ilegale au fost motivele principale ale chem\u0103rii mele \u00een aprilie\u201d<\/em>, a spus C\u0103lin Popescu T\u0103riceanu.\u00a0<\/p>\n<p data-index=\"7\">El a subliniat c\u0103 nu va sl\u0103bi presiunile asupra lui Klaus Iohannis \u0219i CSAT-ului s\u0103-\u0219i fac\u0103 \u201edatoria\u201d \u00een dosarul Hexi Pharma.\u00a0<\/p>\n<p data-index=\"8\"><em>\u201eVreau s\u0103-i asigur pe to\u021bi: prieteni, simpatizan\u021bi, pres\u0103, opinia public\u0103 \u0219i persoane care lucreaz\u0103 \u00een prezent chiar la Cotroceni, c\u0103 voi continua lupta mea pentru revenirea la democra\u021bie, la valorile pentru care au murit oameni \u00een 1989 \u0219i nu m\u0103 voi l\u0103sa intimidat de presiuni venite dinspre cei care au compromis \u0219i continu\u0103 s\u0103 compromit\u0103 Justi\u021bia \u0219i statul de drept. M\u0103 voi lupta ca s\u0103 nu revenim la teroarea anilor 50 care, iat\u0103, se repet\u0103 \u00een zilele noastre. \u0218i vreau s\u0103 se mai \u0219tie c\u0103 nu voi sl\u0103bi presiunile ca Pre\u0219edintele Rom\u00e2niei \u0219i CSAT sa-si faca datoria pentru aflarea adev\u0103rului \u00een cazul Hexi-Pharma\u201d<\/em>, a subliniat C\u0103lin Popescu-T\u0103riceanu.\u00a0<\/p>\n<p data-index=\"9\">Procurorii din cadrul Direc\u021biei Na\u021bionale Anticorup\u021bie \u2013 Serviciul Teritorial Bra\u0219ov au dispus <a href=\"https:\/\/www.digi24.ro\/Stiri\/Digi24\/Actualitate\/Justitie\/DNA+cerea+urmarirea+penala+a+lui+Calin+Popescu+Tariceanu\" target=\"_blank\" data-skip-linkfix=\"1\" rel=\"noopener\">\u00eenceperea urm\u0103ririi penale fa\u021b\u0103 de <\/a><span><a href=\"https:\/\/www.digi24.ro\/Stiri\/Digi24\/Actualitate\/Justitie\/DNA+cerea+urmarirea+penala+a+lui+Calin+Popescu+Tariceanu\" target=\"_blank\" data-skip-linkfix=\"1\" rel=\"noopener\">C\u0103lin Popescu T\u0103riceanu<\/a> pentru comiterea infrac\u021biunilor de m\u0103rturie mincinoas\u0103 \u0219i favorizarea f\u0103ptuitorului.\u00a0<\/span><\/p>\n<\/div>\n<p> Source URL: https:\/\/www.digi24.ro\/stiri\/actualitate\/politica\/reactia-lui-c-p-tariceanu-dupa-ce-a-fost-pus-sub-urmarire-penala-521439<\/p>\n","protected":false},"excerpt":{"rendered":"<p>\u201eAudierea mea din aprilie a preg\u0103tit terenul pentru ceea ce numesc eu abuzul de drept de azi.\u00a0N-am niciun fel de \u00eendoial\u0103 c\u0103 procedura \u00eenceput\u0103 azi de procurori va continua, dar nu pentru a face Justi\u021bie \u00een acest dosar, ci din alte motive lesne de \u00een\u021beles. Nu pot s\u0103 nu remarc aici celeritatea \u00eentocmirii dosarului meu [&hellip;]<\/p>\n","protected":false},"author":1,"featured_media":164092,"comment_status":"open","ping_status":"","sticky":false,"template":"","format":"standard","meta":{"footnotes":""},"categories":[2],"tags":[11],"class_list":["post-164091","post","type-post","status-publish","format-standard","has-post-thumbnail","hentry","category-politics","tag-digi24"],"_links":{"self":[{"href":"https:\/\/analyse.optim.biz\/index.php?rest_route=\/wp\/v2\/posts\/164091","targetHints":{"allow":["GET"]}}],"collection":[{"href":"https:\/\/analyse.optim.biz\/index.php?rest_route=\/wp\/v2\/posts"}],"about":[{"href":"https:\/\/analyse.optim.biz\/index.php?rest_route=\/wp\/v2\/types\/post"}],"author":[{"embeddable":true,"href":"https:\/\/analyse.optim.biz\/index.php?rest_route=\/wp\/v2\/users\/1"}],"replies":[{"embeddable":true,"href":"https:\/\/analyse.optim.biz\/index.php?rest_route=%2Fwp%2Fv2%2Fcomments&post=164091"}],"version-history":[{"count":0,"href":"https:\/\/analyse.optim.biz\/index.php?rest_route=\/wp\/v2\/posts\/164091\/revisions"}],"wp:featuredmedia":[{"embeddable":true,"href":"https:\/\/analyse.optim.biz\/index.php?rest_route=\/wp\/v2\/media\/164092"}],"wp:attachment":[{"href":"https:\/\/analyse.optim.biz\/index.php?rest_route=%2Fwp%2Fv2%2Fmedia&parent=164091"}],"wp:term":[{"taxonomy":"category","embeddable":true,"href":"https:\/\/analyse.optim.biz\/index.php?rest_route=%2Fwp%2Fv2%2Fcategories&post=164091"},{"taxonomy":"post_tag","embeddable":true,"href":"https:\/\/analyse.optim.biz\/index.php?rest_route=%2Fwp%2Fv2%2Ftags&post=164091"}],"curies":[{"name":"wp","href":"https:\/\/api.w.org\/{rel}","templated":true}]}}