{"id":1639727,"date":"2014-04-28T06:10:51","date_gmt":"2014-04-28T03:10:51","guid":{"rendered":"https:\/\/analyse.optim.biz\/?p=1639727"},"modified":"2014-04-28T06:10:51","modified_gmt":"2014-04-28T03:10:51","slug":"principalele-probleme-stomatologice","status":"publish","type":"post","link":"https:\/\/analyse.optim.biz\/?p=1639727","title":{"rendered":"Principalele probleme stomatologice"},"content":{"rendered":"<article id=\"post-69719\" class=\"post-69719 post type-post status-publish format-standard has-post-thumbnail hentry category-sfatul-medicului tag-bogdan-fondrea-2 tag-carii tag-dentaldesign tag-dinti tag-sanatate-2 tag-tratamente content-print\">\n<header class=\"entry-header\">\n<h1 class=\"entry-title\">Principalele probleme stomatologice<\/h1>\n<div class=\"entry-meta\">\n<div class=\"date_top\">\n\t\t\t\tPublicat la: 28 aprilie 2014 | ora: 9:10 |<br \/>\n\t\t\t\t\u00een <a href=\"https:\/\/debanat.ro\/stiri\/sanatate\/sfatul-medicului\" rel=\"tag\">Sfatul medicului<\/a> |<br \/>\n\t\t\t\tde <a href=\"https:\/\/debanat.ro\/author\/bogdan-fondrea\" title=\"Articole de Bogdan Fondrea, estetica dentara si implantologie orala\" rel=\"author\">Bogdan Fondrea, estetica dentara si implantologie orala<\/a><\/div>\n<\/div>\n<\/header>\n<div class=\"entry-content\">\n<p>\u00cen primul r\u00e2nd trebuie s\u0103 \u00een\u021belegem un lucru, de la bun \u00eenceput: <strong>tratamentul modern \u00een stomatologie se bazeaz\u0103 foarte mult pe ameliorarea simptomelor<\/strong>, dar singurul aspect care \u00eentr-adev\u0103r ar trebui considerat ca funda\u021bie real\u0103 este preven\u021bia \u0219i tratamentul cauzelor. <strong>Gre\u0219eala din medicina modern\u0103 const\u0103 \u00een faptul c\u0103 se \u00eencearc\u0103 tratarea problemei \u00een locul \u00een care se observa problema, chiar dac\u0103 nu \u00een acel loc este \u0219i cauza<\/strong>.<\/p>\n<p><a href=\"https:\/\/analyse.optim.biz\/wp-content\/uploads\/2026\/01\/dinti-3.jpg\"><img loading=\"lazy\" decoding=\"async\" class=\"aligncenter size-full wp-image-69720\" src=\"https:\/\/analyse.optim.biz\/wp-content\/uploads\/2026\/01\/dinti-3.jpg\" alt=\"dinti\" width=\"415\" height=\"208\" title=\"dinti-3\"><\/a><\/p>\n<p>A\u0219adar, s\u0103 vedem care sunt principalele probleme stomatologice<\/p>\n<p><strong>Tartrul \u0219i placa bacterian\u0103<\/strong><\/p>\n<p>Ar fi foarte simplu s\u0103 le combatem prin periu\u021be electrice, ap\u0103 de gur\u0103 de la diferite firme, paste de din\u021bi \u201eminune\u201d, bicarbonat, argil\u0103 \u0219i te miri ce alte substan\u021be. <strong>Da, odat\u0103 ap\u0103rut tatrul, el trebuie \u00eendep\u0103rtat mecanic.<\/strong> Dar ce duce la apari\u021bia lui? Tartrul este un depozit dur, la suprafa\u021ba din\u021bilor, cauzat de mineralizarea pl\u0103cii bacteriene. Placa bacterian\u0103 este un depozit moale, alb-g\u0103lbui, organizat, ce ia na\u0219tere din cauza\u2026 \u0219i aici vine \u00eentrebarea. Ce cauzeaz\u0103 \u00een mod real acumularea de plac\u0103? Ai spune c\u0103 principalul motiv este periajul incorect sau c\u0103 nu ai cumparat o anumit\u0103 past\u0103 de din\u021bi. Da, acestea contribuie \u0219i pot fi factori favorizan\u021bi, dar <strong>factorul determinat \u00een apari\u021bia pl\u0103cii bacteriene \u0219i a tartrului este altundeva<\/strong>.<\/p>\n<p>\u0218i acea cauz\u0103 trebuie combatut\u0103, \u0219i anume <strong>func\u021bia deficitar\u0103 de auto\u00eentre\u021binere a din\u021bilor<\/strong>. Din\u021bii no\u0219tri sunt dota\u021bi cu o form\u0103 care le permite s\u0103 se cure\u021be singuri \u00een timp ce m\u00e2nc\u0103m, \u00een mod firesc \u0219i natutal. Din p\u0103cate, m\u00e2nc\u0103m tot mai mult\u0103 m\u00e2ncare procesat\u0103, dulciuri, m\u00e2nc\u0103ruri s\u0103race \u00een fibre. \u00cen plus, fum\u0103m, bem sucuri \u0219i nu mestecam m\u00e2ncarea. M\u00e2nc\u0103m mult \u0219i prost. Din\u021bii no\u0219tri nu au reu\u0219it s\u0103 se adapteze la acest regim alimentar \u0219i func\u021bia de auto\u00eentre\u021binere nu reu\u0219e\u0219te s\u0103 \u021bin\u0103 pasul. A\u0219a apare placa bacterian\u0103 \u0219i, implicit, tartrul. <strong>Dac\u0103 nu vrei tartru, lucreaz\u0103 la alimenta\u021bia ta (evident, dac\u0103 deja ai tratamente gre\u0219ite, carii \u0219i tatru, acestea trebuie rezolvate)<\/strong>.<br \/>\nCaria dentar\u0103<\/p>\n<p>Este o boal\u0103 infec\u021bioas\u0103, ce afecteaz\u0103 dintele, prin ac\u021biunea bacteriilor din cavitatea bucal\u0103, demineraliz\u00e2nd smal\u021bul \u0219i afect\u00e2nd astfel integritatea acestuia. Ceea ce sim\u021bim noi este o sensibilitate la rece \u0219i cald, stimulul termic p\u0103trunz\u00e2nd mai u\u0219or prin \u021besutul cariat spre pulpa dentar\u0103. De asemenea, putem resim\u021bi un discomfort la mastica\u021bie, la dulce sau la presiune; toate acestea pentru c\u0103 integritatea structural\u0103 a dintelui este afectat\u0103. Vizual, caria se prezint\u0103 ca o pat\u0103 colorat\u0103, maro sau neagr\u0103 uneori, o gaur\u0103 \u00een dinte care \u00een stomatologie se trateaz\u0103 cu freza. Da, odat\u0103 aparut\u0103, ea nu mai poate fi tratat\u0103 altfel \u0219i alte carii vor ap\u0103rea \u00een continuare.<\/p>\n<p>De ce? De ce credem c\u0103 suntem a\u0219a diferi\u021bi de alte animale? De ce ar fi din\u021bii no\u0219tri diferi\u021bi? Nu sunt, dar de ce noi avem dantura plin\u0103 de carii, iar alte animale nu au carii, cu toate c\u0103 nu merg la dentist \u0219i nu cump\u0103r\u0103 cele mai scumpe produse de \u00eentre\u021binere a danturii? C\u00e2inii \u0219i pisicile au probleme mai mari cu din\u021bii pentru c\u0103 le-am schimbat noi, oamenii, obiceiurile. Din nou, ne orient\u0103m spre cauza cariilor: placa bacterian\u0103. \u0218i deja am v\u0103zut ce duce la apari\u021bia pl\u0103cii bacteriene: obiceiurile alimentare, \u0219i printr-un exerci\u021biu simplu de logic\u0103 putem spune c\u0103 la apari\u021bia cariilor st\u0103 alimenta\u021bia.<\/p>\n<p><strong>Afec\u021biuni ale pulpei dintelui \u0219i complica\u021biile acestora<\/strong><\/p>\n<p>Aici vorbim despre <strong>pulpit\u0103, necroz\u0103 pulpar\u0103, cangren\u0103, apoi dep\u0103\u0219ind grani\u021bele dintelui, infec\u021bii ale osului, chisturi, granuloame<\/strong>\u2026 Marea majoritate a acestor probleme sunt date de\u2026 \u0219i poate vine ca un \u0219oc\u2026 tratamentele incorecte. Deci, <strong>principala cauz\u0103 a problemelor endodontice \u0219i periapicale sunt\u2026 tratamentele stomatologice<\/strong>??! Da! A\u0219adar, dac\u0103 vre\u021bi s\u0103 le evita\u021bi, g\u0103si\u021bi-v\u0103 un medic bun! O alt\u0103 cauz\u0103 este caria dentar\u0103, care e data de placa bacterian\u0103, care e dat\u0103 de insuficien\u021ba functiei de auto\u00eentre\u021binere a din\u021bilor, cauzat\u0103 de\u2026 obiceiurile alimentare.<\/p>\n<p><strong>Boala parodontal\u0103<\/strong><\/p>\n<p>Este <strong>o afec\u021biune a unuia sau mai multora dintre urm\u0103toarele elemente: os alveolar, ligamente parodontale, cement radicular \u0219i gingie<\/strong>. Diagnosticul se pune la nivel histopatologic \u0219i pe seama evalu\u0103rii \u0219i analizei clinice. De asemenea, este nevoie de investiga\u021bii suplimentare radiologice. A\u0219adar, diagnosticarea este complex\u0103 \u0219i \u00een func\u021bie de rezultat se poate face \u0219i un plan de tratament corespunz\u0103tor.<\/p>\n<p><strong>Cauzele ce duc la aceast\u0103 boal\u0103 sunt multiple: genetice, igien\u0103 deficitar\u0103 (fie nu exist\u0103 o tehnic\u0103 de igienizare corect\u0103, fie situa\u021bia nu permite o igienizare corect\u0103), fumatul, boli generale, alte afec\u021biuni din sfera bucal\u0103<\/strong>. Tratamentul este \u00een general conservativ. Asta \u00eenseamn\u0103 c\u0103 se \u00eencearc\u0103 s\u0103 se men\u021bin\u0103 statusul la care este pacientul c\u00e2nd ajunge la dentist, astfel \u00eenc\u00e2t afec\u021biunea s\u0103 nu avanseze. Acesta este principalul scop. Dac\u0103, \u00een plus, se poate ob\u021bine o ameliorare, este perfect, dar un tratament care s\u0103 duc\u0103 100% la o stare normal\u0103 de s\u0103n\u0103tate, la fel ca la un pacient care niciodat\u0103 nu a avut probleme parodontale, se poate ob\u021bine doar \u00een stadiile incipiente. Iat\u0103 de ce este necesar s\u0103 existe o depistare precoce.<\/p>\n<p><strong>Odat\u0103 pus un diagnostic corect se poate \u00eencepe tratamentul cu igienizarea profesional\u0103 \u0219i eliminarea \u021besutului infectat de sub nivelul gingiei<\/strong>. Aceast\u0103 cur\u0103\u021bare subgingival\u0103 se face sub anestezie, mecanic, fiind o manoper\u0103 chirugical\u0103. Uneori este necesar\u0103 o interven\u021bie superficial\u0103, alteori mai profund\u0103, \u00een func\u021bie de fiecare caz \u0219i fiecare dinte \u00een parte. C\u00e2teodat\u0103 se pot efectua \u0219i manopere suplimentare, adi\u021bie de os sau alte materiale de adi\u021bie, ozonificare, tratament cu laser, administrare local\u0103 sau general\u0103 de antibiotice. Dar\u2026 toate aceste tratamente din stomatologia modern\u0103 trateaz\u0103 efectele bolii parodontale! Din nou, \u0219i din nou, \u0219i din nou\u2026 boala parodontal\u0103 e cauzat\u0103 de regimul de via\u021b\u0103, de starea psihologic\u0103 \u0219i de tratamentele stomatologice incorecte.<\/p>\n<p><strong>Bruxismul \u0219i alte parafunc\u021bii<\/strong><\/p>\n<p><strong>Bruxismul este o func\u021bie anormal\u0103, ce se manifest\u0103 fie ziua, fie noaptea (cel mai adesea noaptea) prin scr\u00e2\u0219nitul din\u021bilor, frec\u00e2ndu-i unii de al\u021bii sau prin \u00eencle\u0219tarea maxilarelor.<\/strong> \u00cen prezent, se estimeaz\u0103 c\u0103 <strong>20% din popula\u021bie sufer\u0103 de aceast\u0103 afec\u021biune, iar procentajul acesta este \u00een continu\u0103 cre\u0219tere<\/strong>. Din p\u0103cate, doar 5% din cei ce sufer\u0103 de bruxism manifest\u0103 simptome cum ar fi dureri ale maxilarelor, ceea ce face ca acesta s\u0103 treac\u0103 neobservat p\u00e2n\u0103 la momentul \u00een care din\u021bii \u0219i articula\u021biile deja sunt afectate \u00eentr-o manier\u0103 mai mult sau mai pu\u021bin sever\u0103. Principala cauz\u0103 a bruxismului este nevoia de eliberare a stresului, stres ce poate fi la r\u00e2ndul lui din dou\u0103 motive:<\/p>\n<p>1 D.in aria stomatologiei. Aici vorbim despre lucr\u0103ri incorecte, despre plombe gre\u0219ite, despre carii sau infec\u021bii, toate acestea devenind deranjante at\u00e2t pentru con\u0219tientul nostru, dar mai ales pentru subcon\u0219tient. Subcon\u0219tientul este cel ce \u00eencearc\u0103 s\u0103 ne atrag\u0103 aten\u021bia asupra lor, s\u0103 se descarce, manifest\u00e2ndu-se prin \u00eencle\u0219tarea musculaturii din zona afectat\u0103 sau prin scr\u00e2\u0219nitul din\u021bilor, pentru a \u00eendep\u0103rta factorul cauzator.<\/p>\n<p>2. Din aria psihologic\u0103, a\u0219a cum s-a v\u0103zut la primul punct, un aspect extrem de important este subcon\u0219tientul. Acesta \u00eencearc\u0103 s\u0103 se elibereze de tensiunea acumulat\u0103. Eliberarea tensiunilor nu \u021bine \u00eens\u0103 neap\u0103rat de aria stomatologic\u0103. De cele mai multe ori, tensiunile sunt legate de stresul zilnic, din via\u021ba de cuplu, din sfera profesional\u0103, din frustr\u0103rile \u0219i temerile personale. \u0218i aici ne vine subcon\u0219tientul \u00een ajutor, semnaliz\u00e2nd acest lucru \u0219i desc\u0103rc\u00e2ndu-se prin mai multe manifest\u0103ri, printre care \u0219i prin ceea ce numim bruxism. \u0218tim despre gutiere, acele piese de plastic moale \u0219i transparent care se aplic\u0103 pe din\u021bi seara \u0219i protejeaz\u0103 din\u021bii de efectele bruxismului. Dar acesta nu este un tratament ce lucreaz\u0103 asupra cauzelor ci este o metod\u0103 de protec\u021bie.<\/p>\n<p>Gutiera lucreaz\u0103 asupra efectelor, protej\u00e2nd \u00eentr-o oarecare m\u0103sur\u0103 integritatea din\u021bilor (ciobituri, fracturi dentare, uzarea smal\u021bului) \u0219i nu ajut\u0103 la \u00eendep\u0103rtarea celorlalte simprome (tulbur\u0103ri de somn, dureri articulare \u0219i musculare, oboseal\u0103, dureri de cap, nemul\u021bumire, iratibilitate) dec\u00e2t \u00eentr-o mic\u0103 m\u0103sur\u0103. A\u0219a c\u0103 este nevoie de un tratament specific, axat pe cauze. Se refac tratamentele, coroanele, plombele incorecte, se elimin\u0103 infec\u021biile, se echilibreaz\u0103 ocluzia. Adev\u0103ratul tratament \u0219i principalul tratament se realizeaz\u0103 nu doar \u00een cabinetul stomatologic, ci mai ales \u00een cabinetul de psihoterapie. Pentru c\u0103 doar aici vom putea trata motivul pentru subcon\u0219tientul se manifest\u0103 fizic prin bruxism. Trebuie vindecate fobia, anxietatea, problemele legate de stres, de \u00eengrijor\u0103ri \u0219i de nemul\u021bumiri, frustr\u0103rile \u0219i temerile pe care cu to\u021bii le avem.<\/p>\n<p>\u00cen concluzie: Exist\u0103 <strong>trei mari cauze<\/strong> ale problemelor de s\u0103n\u0103tate (oral\u0103):<br \/>\n1. <strong>alimenta\u021bia \u0219i modul de via\u021b\u0103<\/strong> \u2013 nu se trateaz\u0103 cu medicamente sau opera\u021bii, ci un regim de via\u021b\u0103 s\u0103n\u0103tos, sport \u0219i cu ajutorul unui nutri\u021bionist bun.<br \/>\n2. <strong>tratamentele incorecte<\/strong> \u2013 nu se trateaz\u0103 cu medicamente \u0219i operatii, ci cu ajutorul unui dentist bun, minim invaziv \u0219i cu materiale biocompatibile<br \/>\n3. <strong>starea psihologic\u0103<\/strong> \u2013 nu se trateaz\u0103 cu medicamente, ci poate cu ajutorul unui psihoterapeut bun.<\/p>\n<p>\u00cen toate domeniile din via\u021b\u0103, alimenta\u021bia, starea psihicului, regimul de via\u021b\u0103 s\u0103n\u0103tos \u0219i echilibrat fac ca \u00eentregul pe care \u00eel reprezint\u0103 f\u0103ptura uman\u0103 s\u0103 func\u021bioneze armonios \u0219i s\u0103n\u0103tos. Nu c\u0103uta\u021bi \u00een medicamente, chimicale \u0219i tratamente invazive ceea ce acestea nu v\u0103 pot da. La urma urmei, este alegerea fiec\u0103ruia s\u0103 fie sau nu s\u0103n\u0103tos. Indiferent dac\u0103 te consideri s\u0103n\u0103tos sau bolnav \u2013 ai dreptate!<\/p>\n<p><a href=\"http:\/\/www.dentaldesign.ro\">www.dentaldesign.ro<\/a><br \/><a href=\"http:\/\/www.drfondrea.ro\">www.drfondrea.ro<\/a><\/p>\n<\/div>\n<div class=\"entry-action\">\n<div class=\"social-action\" data-nonce=\"a6351b985c\"><span class=\"title-action\">Trimite la prieteni<\/span><\/p>\n<ul>\n<li id=\"twitter-share\" class=\"twitter\" data-post-id=\"69719\" data-nonce=\"b6b2cafaf0\"><a href=\"https:\/\/twitter.com\/intent\/tweet?url=https%3A%2F%2Fdebanat.ro%2F2014%2F04%2Fprincipalele-probleme-stomatologice_69719.html&amp;text=Principalele%20probleme%20stomatologice\/%20@ZiaruldeBanat\">Twitter<\/a><\/li>\n<li class=\"facebook\"><a href=\"https:\/\/www.facebook.com\/sharer\/sharer.php?u=https%3A%2F%2Fdebanat.ro%2F2014%2F04%2Fprincipalele-probleme-stomatologice_69719.html&amp;t=Principalele%20probleme%20stomatologice\">Facebook<\/a><\/li>\n<li class=\"linkedin\"><a href=\"https:\/\/www.linkedin.com\/shareArticle?mini=true&amp;url=https%3A%2F%2Fdebanat.ro%2F2014%2F04%2Fprincipalele-probleme-stomatologice_69719.html&amp;title=Principalele%20probleme%20stomatologice&amp;summary=%C3%8En%20primul%20r%C3%A2nd%20trebuie%20s%C4%83%20%C3%AEn%C8%9Belegem%20un%20lucru%2C%20de%20la%20bun%20%C3%AEnceput%3A%20tratamentul%20modern%20%C3%AEn%20stomatologie%20se%20bazeaz%C4%83%20foarte%20mult%20pe%20ameliorarea%20simptomelor%2C%20dar%20singurul%20aspect%20care%20%C3%AEntr-adev%C4%83r%20ar%20trebui%20considerat%20ca%20funda%C8%9Bie%20real%C4%83%20este%20preven%C8%9Bia%20%C8%99i%20tratamentul%20cauzelor.%20Gre%C8%99eala%20din%20medicina%20modern%C4%83%20const%C4%83%20%C3%AEn%20faptul%20c%C4%83%20se%20%C3%AEncearc%C4%83%20tratarea%20problemei%20%C3%AEn%20locul%20%C3%AEn%20care%20se%20observa%20problema%2C%20chiar%20dac%C4%83%20nu%20%C3%AEn%20acel%20loc%20este%20%C8%99i%20cauza.\">Linkedin<\/a><\/li>\n<li class=\"email\"><a href=\"mailto:?Subject=Principalele%20probleme%20stomatologice&amp;body=https%3A%2F%2Fdebanat.ro%2F2014%2F04%2Fprincipalele-probleme-stomatologice_69719.html\">Trimite pe email<\/a><\/li>\n<li class=\"print\"><a href=\"https:\/\/debanat.ro\/2014\/04\/principalele-probleme-stomatologice_69719.html\">Printeaz\u0103 pagina<\/a><\/li>\n<\/ul>\n<\/div>\n<div class=\"co-author\"><span class=\"title-action\">Autor<\/span><\/p>\n<div class=\"author-info\"><a href=\"https:\/\/debanat.ro\/author\/bogdan-fondrea\" title=\"Articole de Bogdan Fondrea, estetica dentara si implantologie orala\" rel=\"author\">Bogdan Fondrea, estetica dentara si implantologie orala<\/a><\/div>\n<\/div>\n<div class=\"tag-action\"><span class=\"title-action\">Etichete<\/span><span class=\"tags-links\"><a href=\"https:\/\/debanat.ro\/stiri-despre\/bogdan-fondrea-2\" rel=\"tag\">bogdan fondrea<\/a>, <a href=\"https:\/\/debanat.ro\/stiri-despre\/carii\" rel=\"tag\">carii<\/a>, <a href=\"https:\/\/debanat.ro\/stiri-despre\/dentaldesign\" rel=\"tag\">dentaldesign<\/a>, <a href=\"https:\/\/debanat.ro\/stiri-despre\/dinti\" rel=\"tag\">dinti<\/a>, <a href=\"https:\/\/debanat.ro\/stiri-despre\/sanatate-2\" rel=\"tag\">sanatate<\/a>, <a href=\"https:\/\/debanat.ro\/stiri-despre\/tratamente\" rel=\"tag\">tratamente<\/a><\/span><\/div>\n<\/div>\n<footer class=\"entry-meta entry-meta-bottom\">\n<div>\n<section id=\"custom_html-8\" class=\"widget_text widget widget_custom_html\">\n<div class=\"textwidget custom-html-widget\">\n<div class=\"containerus\">\n\n<\/div>\n<\/div>\n<\/section>\n<\/div>\n<\/footer>\n<\/article>\n<div class=\"entry-content\">\n<p>\u00cen primul r\u00e2nd trebuie s\u0103 \u00een\u021belegem un lucru, de la bun \u00eenceput: <strong>tratamentul modern \u00een stomatologie se bazeaz\u0103 foarte mult pe ameliorarea simptomelor<\/strong>, dar singurul aspect care \u00eentr-adev\u0103r ar trebui considerat ca funda\u021bie real\u0103 este preven\u021bia \u0219i tratamentul cauzelor. <strong>Gre\u0219eala din medicina modern\u0103 const\u0103 \u00een faptul c\u0103 se \u00eencearc\u0103 tratarea problemei \u00een locul \u00een care se observa problema, chiar dac\u0103 nu \u00een acel loc este \u0219i cauza<\/strong>.<\/p>\n<p><a href=\"https:\/\/analyse.optim.biz\/wp-content\/uploads\/2026\/01\/dinti-3.jpg\"><img loading=\"lazy\" decoding=\"async\" class=\"aligncenter size-full wp-image-69720\" src=\"https:\/\/analyse.optim.biz\/wp-content\/uploads\/2026\/01\/dinti-3.jpg\" alt=\"dinti\" width=\"415\" height=\"208\" title=\"dinti-3\"><\/a><\/p>\n<p>A\u0219adar, s\u0103 vedem care sunt principalele probleme stomatologice<\/p>\n<p><strong>Tartrul \u0219i placa bacterian\u0103<\/strong><\/p>\n<p>Ar fi foarte simplu s\u0103 le combatem prin periu\u021be electrice, ap\u0103 de gur\u0103 de la diferite firme, paste de din\u021bi \u201eminune\u201d, bicarbonat, argil\u0103 \u0219i te miri ce alte substan\u021be. <strong>Da, odat\u0103 ap\u0103rut tatrul, el trebuie \u00eendep\u0103rtat mecanic.<\/strong> Dar ce duce la apari\u021bia lui? Tartrul este un depozit dur, la suprafa\u021ba din\u021bilor, cauzat de mineralizarea pl\u0103cii bacteriene. Placa bacterian\u0103 este un depozit moale, alb-g\u0103lbui, organizat, ce ia na\u0219tere din cauza\u2026 \u0219i aici vine \u00eentrebarea. Ce cauzeaz\u0103 \u00een mod real acumularea de plac\u0103? Ai spune c\u0103 principalul motiv este periajul incorect sau c\u0103 nu ai cumparat o anumit\u0103 past\u0103 de din\u021bi. Da, acestea contribuie \u0219i pot fi factori favorizan\u021bi, dar <strong>factorul determinat \u00een apari\u021bia pl\u0103cii bacteriene \u0219i a tartrului este altundeva<\/strong>.<\/p>\n<p>\u0218i acea cauz\u0103 trebuie combatut\u0103, \u0219i anume <strong>func\u021bia deficitar\u0103 de auto\u00eentre\u021binere a din\u021bilor<\/strong>. Din\u021bii no\u0219tri sunt dota\u021bi cu o form\u0103 care le permite s\u0103 se cure\u021be singuri \u00een timp ce m\u00e2nc\u0103m, \u00een mod firesc \u0219i natutal. Din p\u0103cate, m\u00e2nc\u0103m tot mai mult\u0103 m\u00e2ncare procesat\u0103, dulciuri, m\u00e2nc\u0103ruri s\u0103race \u00een fibre. \u00cen plus, fum\u0103m, bem sucuri \u0219i nu mestecam m\u00e2ncarea. M\u00e2nc\u0103m mult \u0219i prost. Din\u021bii no\u0219tri nu au reu\u0219it s\u0103 se adapteze la acest regim alimentar \u0219i func\u021bia de auto\u00eentre\u021binere nu reu\u0219e\u0219te s\u0103 \u021bin\u0103 pasul. A\u0219a apare placa bacterian\u0103 \u0219i, implicit, tartrul. <strong>Dac\u0103 nu vrei tartru, lucreaz\u0103 la alimenta\u021bia ta (evident, dac\u0103 deja ai tratamente gre\u0219ite, carii \u0219i tatru, acestea trebuie rezolvate)<\/strong>.<br \/>\nCaria dentar\u0103<\/p>\n<p>Este o boal\u0103 infec\u021bioas\u0103, ce afecteaz\u0103 dintele, prin ac\u021biunea bacteriilor din cavitatea bucal\u0103, demineraliz\u00e2nd smal\u021bul \u0219i afect\u00e2nd astfel integritatea acestuia. Ceea ce sim\u021bim noi este o sensibilitate la rece \u0219i cald, stimulul termic p\u0103trunz\u00e2nd mai u\u0219or prin \u021besutul cariat spre pulpa dentar\u0103. De asemenea, putem resim\u021bi un discomfort la mastica\u021bie, la dulce sau la presiune; toate acestea pentru c\u0103 integritatea structural\u0103 a dintelui este afectat\u0103. Vizual, caria se prezint\u0103 ca o pat\u0103 colorat\u0103, maro sau neagr\u0103 uneori, o gaur\u0103 \u00een dinte care \u00een stomatologie se trateaz\u0103 cu freza. Da, odat\u0103 aparut\u0103, ea nu mai poate fi tratat\u0103 altfel \u0219i alte carii vor ap\u0103rea \u00een continuare.<\/p>\n<p>De ce? De ce credem c\u0103 suntem a\u0219a diferi\u021bi de alte animale? De ce ar fi din\u021bii no\u0219tri diferi\u021bi? Nu sunt, dar de ce noi avem dantura plin\u0103 de carii, iar alte animale nu au carii, cu toate c\u0103 nu merg la dentist \u0219i nu cump\u0103r\u0103 cele mai scumpe produse de \u00eentre\u021binere a danturii? C\u00e2inii \u0219i pisicile au probleme mai mari cu din\u021bii pentru c\u0103 le-am schimbat noi, oamenii, obiceiurile. Din nou, ne orient\u0103m spre cauza cariilor: placa bacterian\u0103. \u0218i deja am v\u0103zut ce duce la apari\u021bia pl\u0103cii bacteriene: obiceiurile alimentare, \u0219i printr-un exerci\u021biu simplu de logic\u0103 putem spune c\u0103 la apari\u021bia cariilor st\u0103 alimenta\u021bia.<\/p>\n<p><strong>Afec\u021biuni ale pulpei dintelui \u0219i complica\u021biile acestora<\/strong><\/p>\n<p>Aici vorbim despre <strong>pulpit\u0103, necroz\u0103 pulpar\u0103, cangren\u0103, apoi dep\u0103\u0219ind grani\u021bele dintelui, infec\u021bii ale osului, chisturi, granuloame<\/strong>\u2026 Marea majoritate a acestor probleme sunt date de\u2026 \u0219i poate vine ca un \u0219oc\u2026 tratamentele incorecte. Deci, <strong>principala cauz\u0103 a problemelor endodontice \u0219i periapicale sunt\u2026 tratamentele stomatologice<\/strong>??! Da! A\u0219adar, dac\u0103 vre\u021bi s\u0103 le evita\u021bi, g\u0103si\u021bi-v\u0103 un medic bun! O alt\u0103 cauz\u0103 este caria dentar\u0103, care e data de placa bacterian\u0103, care e dat\u0103 de insuficien\u021ba functiei de auto\u00eentre\u021binere a din\u021bilor, cauzat\u0103 de\u2026 obiceiurile alimentare.<\/p>\n<p><strong>Boala parodontal\u0103<\/strong><\/p>\n<p>Este <strong>o afec\u021biune a unuia sau mai multora dintre urm\u0103toarele elemente: os alveolar, ligamente parodontale, cement radicular \u0219i gingie<\/strong>. Diagnosticul se pune la nivel histopatologic \u0219i pe seama evalu\u0103rii \u0219i analizei clinice. De asemenea, este nevoie de investiga\u021bii suplimentare radiologice. A\u0219adar, diagnosticarea este complex\u0103 \u0219i \u00een func\u021bie de rezultat se poate face \u0219i un plan de tratament corespunz\u0103tor.<\/p>\n<p><strong>Cauzele ce duc la aceast\u0103 boal\u0103 sunt multiple: genetice, igien\u0103 deficitar\u0103 (fie nu exist\u0103 o tehnic\u0103 de igienizare corect\u0103, fie situa\u021bia nu permite o igienizare corect\u0103), fumatul, boli generale, alte afec\u021biuni din sfera bucal\u0103<\/strong>. Tratamentul este \u00een general conservativ. Asta \u00eenseamn\u0103 c\u0103 se \u00eencearc\u0103 s\u0103 se men\u021bin\u0103 statusul la care este pacientul c\u00e2nd ajunge la dentist, astfel \u00eenc\u00e2t afec\u021biunea s\u0103 nu avanseze. Acesta este principalul scop. Dac\u0103, \u00een plus, se poate ob\u021bine o ameliorare, este perfect, dar un tratament care s\u0103 duc\u0103 100% la o stare normal\u0103 de s\u0103n\u0103tate, la fel ca la un pacient care niciodat\u0103 nu a avut probleme parodontale, se poate ob\u021bine doar \u00een stadiile incipiente. Iat\u0103 de ce este necesar s\u0103 existe o depistare precoce.<\/p>\n<p><strong>Odat\u0103 pus un diagnostic corect se poate \u00eencepe tratamentul cu igienizarea profesional\u0103 \u0219i eliminarea \u021besutului infectat de sub nivelul gingiei<\/strong>. Aceast\u0103 cur\u0103\u021bare subgingival\u0103 se face sub anestezie, mecanic, fiind o manoper\u0103 chirugical\u0103. Uneori este necesar\u0103 o interven\u021bie superficial\u0103, alteori mai profund\u0103, \u00een func\u021bie de fiecare caz \u0219i fiecare dinte \u00een parte. C\u00e2teodat\u0103 se pot efectua \u0219i manopere suplimentare, adi\u021bie de os sau alte materiale de adi\u021bie, ozonificare, tratament cu laser, administrare local\u0103 sau general\u0103 de antibiotice. Dar\u2026 toate aceste tratamente din stomatologia modern\u0103 trateaz\u0103 efectele bolii parodontale! Din nou, \u0219i din nou, \u0219i din nou\u2026 boala parodontal\u0103 e cauzat\u0103 de regimul de via\u021b\u0103, de starea psihologic\u0103 \u0219i de tratamentele stomatologice incorecte.<\/p>\n<p><strong>Bruxismul \u0219i alte parafunc\u021bii<\/strong><\/p>\n<p><strong>Bruxismul este o func\u021bie anormal\u0103, ce se manifest\u0103 fie ziua, fie noaptea (cel mai adesea noaptea) prin scr\u00e2\u0219nitul din\u021bilor, frec\u00e2ndu-i unii de al\u021bii sau prin \u00eencle\u0219tarea maxilarelor.<\/strong> \u00cen prezent, se estimeaz\u0103 c\u0103 <strong>20% din popula\u021bie sufer\u0103 de aceast\u0103 afec\u021biune, iar procentajul acesta este \u00een continu\u0103 cre\u0219tere<\/strong>. Din p\u0103cate, doar 5% din cei ce sufer\u0103 de bruxism manifest\u0103 simptome cum ar fi dureri ale maxilarelor, ceea ce face ca acesta s\u0103 treac\u0103 neobservat p\u00e2n\u0103 la momentul \u00een care din\u021bii \u0219i articula\u021biile deja sunt afectate \u00eentr-o manier\u0103 mai mult sau mai pu\u021bin sever\u0103. Principala cauz\u0103 a bruxismului este nevoia de eliberare a stresului, stres ce poate fi la r\u00e2ndul lui din dou\u0103 motive:<\/p>\n<p>1 D.in aria stomatologiei. Aici vorbim despre lucr\u0103ri incorecte, despre plombe gre\u0219ite, despre carii sau infec\u021bii, toate acestea devenind deranjante at\u00e2t pentru con\u0219tientul nostru, dar mai ales pentru subcon\u0219tient. Subcon\u0219tientul este cel ce \u00eencearc\u0103 s\u0103 ne atrag\u0103 aten\u021bia asupra lor, s\u0103 se descarce, manifest\u00e2ndu-se prin \u00eencle\u0219tarea musculaturii din zona afectat\u0103 sau prin scr\u00e2\u0219nitul din\u021bilor, pentru a \u00eendep\u0103rta factorul cauzator.<\/p>\n<p>2. Din aria psihologic\u0103, a\u0219a cum s-a v\u0103zut la primul punct, un aspect extrem de important este subcon\u0219tientul. Acesta \u00eencearc\u0103 s\u0103 se elibereze de tensiunea acumulat\u0103. Eliberarea tensiunilor nu \u021bine \u00eens\u0103 neap\u0103rat de aria stomatologic\u0103. De cele mai multe ori, tensiunile sunt legate de stresul zilnic, din via\u021ba de cuplu, din sfera profesional\u0103, din frustr\u0103rile \u0219i temerile personale. \u0218i aici ne vine subcon\u0219tientul \u00een ajutor, semnaliz\u00e2nd acest lucru \u0219i desc\u0103rc\u00e2ndu-se prin mai multe manifest\u0103ri, printre care \u0219i prin ceea ce numim bruxism. \u0218tim despre gutiere, acele piese de plastic moale \u0219i transparent care se aplic\u0103 pe din\u021bi seara \u0219i protejeaz\u0103 din\u021bii de efectele bruxismului. Dar acesta nu este un tratament ce lucreaz\u0103 asupra cauzelor ci este o metod\u0103 de protec\u021bie.<\/p>\n<p>Gutiera lucreaz\u0103 asupra efectelor, protej\u00e2nd \u00eentr-o oarecare m\u0103sur\u0103 integritatea din\u021bilor (ciobituri, fracturi dentare, uzarea smal\u021bului) \u0219i nu ajut\u0103 la \u00eendep\u0103rtarea celorlalte simprome (tulbur\u0103ri de somn, dureri articulare \u0219i musculare, oboseal\u0103, dureri de cap, nemul\u021bumire, iratibilitate) dec\u00e2t \u00eentr-o mic\u0103 m\u0103sur\u0103. A\u0219a c\u0103 este nevoie de un tratament specific, axat pe cauze. Se refac tratamentele, coroanele, plombele incorecte, se elimin\u0103 infec\u021biile, se echilibreaz\u0103 ocluzia. Adev\u0103ratul tratament \u0219i principalul tratament se realizeaz\u0103 nu doar \u00een cabinetul stomatologic, ci mai ales \u00een cabinetul de psihoterapie. Pentru c\u0103 doar aici vom putea trata motivul pentru subcon\u0219tientul se manifest\u0103 fizic prin bruxism. Trebuie vindecate fobia, anxietatea, problemele legate de stres, de \u00eengrijor\u0103ri \u0219i de nemul\u021bumiri, frustr\u0103rile \u0219i temerile pe care cu to\u021bii le avem.<\/p>\n<p>\u00cen concluzie: Exist\u0103 <strong>trei mari cauze<\/strong> ale problemelor de s\u0103n\u0103tate (oral\u0103):<br \/>\n1. <strong>alimenta\u021bia \u0219i modul de via\u021b\u0103<\/strong> \u2013 nu se trateaz\u0103 cu medicamente sau opera\u021bii, ci un regim de via\u021b\u0103 s\u0103n\u0103tos, sport \u0219i cu ajutorul unui nutri\u021bionist bun.<br \/>\n2. <strong>tratamentele incorecte<\/strong> \u2013 nu se trateaz\u0103 cu medicamente \u0219i operatii, ci cu ajutorul unui dentist bun, minim invaziv \u0219i cu materiale biocompatibile<br \/>\n3. <strong>starea psihologic\u0103<\/strong> \u2013 nu se trateaz\u0103 cu medicamente, ci poate cu ajutorul unui psihoterapeut bun.<\/p>\n<p>\u00cen toate domeniile din via\u021b\u0103, alimenta\u021bia, starea psihicului, regimul de via\u021b\u0103 s\u0103n\u0103tos \u0219i echilibrat fac ca \u00eentregul pe care \u00eel reprezint\u0103 f\u0103ptura uman\u0103 s\u0103 func\u021bioneze armonios \u0219i s\u0103n\u0103tos. Nu c\u0103uta\u021bi \u00een medicamente, chimicale \u0219i tratamente invazive ceea ce acestea nu v\u0103 pot da. La urma urmei, este alegerea fiec\u0103ruia s\u0103 fie sau nu s\u0103n\u0103tos. Indiferent dac\u0103 te consideri s\u0103n\u0103tos sau bolnav \u2013 ai dreptate!<\/p>\n<p><a href=\"http:\/\/www.dentaldesign.ro\">www.dentaldesign.ro<\/a><br \/><a href=\"http:\/\/www.drfondrea.ro\">www.drfondrea.ro<\/a><\/p>\n<\/div>\n<article id=\"post-461192\" class=\"row-fluid post-461192 post type-post status-publish format-standard has-post-thumbnail hentry category-invatamant category-social tag-marilen-pirtea tag-sanatate-2 content-print\">\n<div class=\"entry-thumbnail\"><a href=\"https:\/\/debanat.ro\/2026\/01\/rectorul-uvt-cere-transformarea-modului-de-abordare-a-sanatatii-ocupationale_461192.html\" title=\"Permalink to Rectorul UVT cere transformarea modului de abordare a s\u0103n\u0103t\u0103\u021bii ocupa\u021bionale\" rel=\"bookmark\"><img decoding=\"async\" width=\"230\" height=\"130\" src=\"https:\/\/analyse.optim.biz\/wp-content\/uploads\/2026\/01\/504378278_1274732020676809_4428128047263627754_n-230x130-6.jpg\" class=\"attachment-medium size-medium wp-post-image\" loading=\"lazy\" title=\"504378278_1274732020676809_4428128047263627754_n-230x130-6\"><\/a><\/div>\n<div class=\"post-inner\">\n<header class=\"entry-header\">\n<h2 class=\"entry-title\"><a href=\"https:\/\/debanat.ro\/2026\/01\/rectorul-uvt-cere-transformarea-modului-de-abordare-a-sanatatii-ocupationale_461192.html\" title=\"Permalink to Rectorul UVT cere transformarea modului de abordare a s\u0103n\u0103t\u0103\u021bii ocupa\u021bionale\" rel=\"bookmark\">Rectorul UVT cere transformarea modului de abordare a s\u0103n\u0103t\u0103\u021bii ocupa\u021bionale<\/a><\/h2>\n<\/header>\n<\/div>\n<\/article>\n<article id=\"post-461146\" class=\"row-fluid post-461146 post type-post status-publish format-standard has-post-thumbnail hentry category-sanatate tag-adrian-badescu tag-cristian-vlad tag-fepam tag-medicina tag-sanatate-2 content-print\">\n<div class=\"entry-thumbnail\"><a href=\"https:\/\/debanat.ro\/2026\/01\/antreprenorii-din-sanatate-isi-unesc-vocile-prima-federatie-patronala-medicala-pluridisciplinara-cu-acoperire-nationala-membra-conaf_461146.html\" title=\"Permalink to Antreprenorii din s\u0103n\u0103tate \u00ee\u0219i unesc vocile. Prima federa\u021bie patronal\u0103 medical\u0103 pluridisciplinar\u0103 cu acoperire na\u021bional\u0103, membr\u0103 CONAF\" rel=\"bookmark\"><img decoding=\"async\" width=\"230\" height=\"130\" src=\"https:\/\/analyse.optim.biz\/wp-content\/uploads\/2026\/01\/17-230x130-721.jpg\" class=\"attachment-medium size-medium wp-post-image\" loading=\"lazy\" title=\"17-230x130-721\"><\/a><\/div>\n<div class=\"post-inner\">\n<header class=\"entry-header\">\n<h2 class=\"entry-title\"><a href=\"https:\/\/debanat.ro\/2026\/01\/antreprenorii-din-sanatate-isi-unesc-vocile-prima-federatie-patronala-medicala-pluridisciplinara-cu-acoperire-nationala-membra-conaf_461146.html\" title=\"Permalink to Antreprenorii din s\u0103n\u0103tate \u00ee\u0219i unesc vocile. Prima federa\u021bie patronal\u0103 medical\u0103 pluridisciplinar\u0103 cu acoperire na\u021bional\u0103, membr\u0103 CONAF\" rel=\"bookmark\">Antreprenorii din s\u0103n\u0103tate \u00ee\u0219i unesc vocile. Prima federa\u021bie patronal\u0103 medical\u0103 pluridisciplinar\u0103 cu acoperire na\u021bional\u0103, membr\u0103 CONAF<\/a><\/h2>\n<\/header>\n<\/div>\n<\/article>\n<article id=\"post-444485\" class=\"row-fluid post-444485 post type-post status-publish format-standard has-post-thumbnail hentry category-diverse category-social tag-1-iunie tag-copii tag-sanatate-2 content-print\">\n<div class=\"entry-thumbnail\"><a href=\"https:\/\/debanat.ro\/2025\/05\/obiceiurile-de-viata-sanatoase-prezentate-copiilor-timisoarei-la-super-eroii-sanatatii_444485.html\" title=\"Permalink to Obiceiurile de via\u021b\u0103 s\u0103n\u0103toase, prezentate copiilor Timi\u0219oarei la Super Eroii S\u0103n\u0103t\u0103\u021bii\" rel=\"bookmark\"><img decoding=\"async\" width=\"230\" height=\"130\" src=\"https:\/\/analyse.optim.biz\/wp-content\/uploads\/2026\/01\/dsc02030-230x130-1.jpg\" class=\"attachment-medium size-medium wp-post-image\" loading=\"lazy\" title=\"dsc02030-230x130-1\"><\/a><\/div>\n<div class=\"post-inner\">\n<header class=\"entry-header\">\n<h2 class=\"entry-title\"><a href=\"https:\/\/debanat.ro\/2025\/05\/obiceiurile-de-viata-sanatoase-prezentate-copiilor-timisoarei-la-super-eroii-sanatatii_444485.html\" title=\"Permalink to Obiceiurile de via\u021b\u0103 s\u0103n\u0103toase, prezentate copiilor Timi\u0219oarei la Super Eroii S\u0103n\u0103t\u0103\u021bii\" rel=\"bookmark\">Obiceiurile de via\u021b\u0103 s\u0103n\u0103toase, prezentate copiilor Timi\u0219oarei la Super Eroii S\u0103n\u0103t\u0103\u021bii<\/a><\/h2>\n<\/header>\n<\/div>\n<\/article>\n<article class=\"has-thumbnail post-461736 post type-post status-publish format-standard has-post-thumbnail hentry category-administratie category-primaria-timisoara-administratie tag-czmi tag-directia-de-cultura tag-latcau tag-pasaj-parcul-copiilor tag-pasarela-pietonala tag-podul-mihai-viteazu tag-sorin-predescu content-print\">\n<div class=\"entry-thumbnail fixed\"><a href=\"https:\/\/debanat.ro\/2026\/01\/final-de-poveste-in-disputa-cu-primaria-directorul-directiei-de-cultura-timis-scrie-despre-pasarela-pietonala-peste-bega_461736.html\" title=\"Permalink to Final de poveste \u00een disputa cu prim\u0103ria? Directorul Direc\u021biei de Cultur\u0103 Timi\u0219 scrie despre pasarela pietonal\u0103 peste Bega\" rel=\"bookmark\"><img decoding=\"async\" width=\"700\" height=\"360\" src=\"https:\/\/analyse.optim.biz\/wp-content\/uploads\/2026\/01\/pasarelabega-700x360-1-376.png\" class=\"attachment-hp_article_big size-hp_article_big wp-post-image\" loading=\"lazy\" title=\"pasarelabega-700x360-1-376\"><\/a><\/div>\n<div class=\"post-inner\">\n<header class=\"entry-header\">\n<h2 class=\"entry-title\"><a href=\"https:\/\/debanat.ro\/2026\/01\/final-de-poveste-in-disputa-cu-primaria-directorul-directiei-de-cultura-timis-scrie-despre-pasarela-pietonala-peste-bega_461736.html\" title=\"Permalink to Final de poveste \u00een disputa cu prim\u0103ria? Directorul Direc\u021biei de Cultur\u0103 Timi\u0219 scrie despre pasarela pietonal\u0103 peste Bega\" rel=\"bookmark\"><br \/>\n                        \t\t\t\t\t\t\t\t\t\t\tFinal de poveste \u00een disputa cu prim\u0103ria? Directorul Direc\u021biei de Cultur\u0103 Timi\u0219 scrie despre pasarela pietonal\u0103 peste Bega\t\t\t\t\t\t\t\t                        \t<\/a><\/h2>\n<div class=\"entry-meta entry-meta-top\">\n\t                        30 ianuarie 2026<br \/>\n\t                        de:\t                                <a href=\"https:\/\/debanat.ro\/author\/hoster\" rel=\"author\">Marcel Hoster<\/a><\/div>\n<\/header>\n<div class=\"entry-content\">\n                    \tDisputa dintre Direc\u021bia Jude\u021bean\u0103 de Cultur\u0103 \u0219i Prim\u0103ria Timi\u0219oara, pe tema pasarelei pietonale peste Bega, pare s\u0103 se fi sf\u00e2r\u0219it, cel pu\u021bin \u00een viziunea directorului primei institui\u021bii, Sorin Predescu. El ofer\u0103 o cronologie a desf\u0103\u0219ur\u0103rii evenimentelor, pentru ca la final s\u0103 acuze prim\u0103ria c\u0103 minte, dar \u0219i c\u0103 nu \u0219tia sau nu a vrut s\u0103&#8230;                    \t<br \/><a href=\"https:\/\/debanat.ro\/2026\/01\/final-de-poveste-in-disputa-cu-primaria-directorul-directiei-de-cultura-timis-scrie-despre-pasarela-pietonala-peste-bega_461736.html\" class=\"read_more\" title=\"Permanent Link to Final de poveste \u00een disputa cu prim\u0103ria? Directorul Direc\u021biei de Cultur\u0103 Timi\u0219 scrie despre pasarela pietonal\u0103 peste Bega\">Cite\u015fte tot articolul<\/a><img decoding=\"async\" alt=\"Citeste articolul Final de poveste \u00een disputa cu prim\u0103ria? Directorul Direc\u021biei de Cultur\u0103 Timi\u0219 scrie despre pasarela pietonal\u0103 peste Bega\" src=\"https:\/\/analyse.optim.biz\/wp-content\/uploads\/2026\/01\/arr_red-920.png\" title=\"arr_red-920\"><\/div>\n<footer class=\"entry-meta entry-meta-bottom\"><span class=\"tags-links\"><br \/>\n\t\t                    Etichete: <a href=\"https:\/\/debanat.ro\/stiri-despre\/czmi\" rel=\"tag\">czmi<\/a>, <a href=\"https:\/\/debanat.ro\/stiri-despre\/directia-de-cultura\" rel=\"tag\">directia de cultura<\/a>, <a href=\"https:\/\/debanat.ro\/stiri-despre\/latcau\" rel=\"tag\">latcau<\/a>, <a href=\"https:\/\/debanat.ro\/stiri-despre\/pasaj-parcul-copiilor\" rel=\"tag\">pasaj parcul copiilor<\/a>, <a href=\"https:\/\/debanat.ro\/stiri-despre\/pasarela-pietonala\" rel=\"tag\">pasarela pietonala<\/a>, <a href=\"https:\/\/debanat.ro\/stiri-despre\/podul-mihai-viteazu\" rel=\"tag\">podul mihai viteazu<\/a>, <a href=\"https:\/\/debanat.ro\/stiri-despre\/sorin-predescu\" rel=\"tag\">sorin predescu<\/a><\/span><\/footer>\n<\/div>\n<\/article>\n<div class=\"entry-content\">\n                    \tDisputa dintre Direc\u021bia Jude\u021bean\u0103 de Cultur\u0103 \u0219i Prim\u0103ria Timi\u0219oara, pe tema pasarelei pietonale peste Bega, pare s\u0103 se fi sf\u00e2r\u0219it, cel pu\u021bin \u00een viziunea directorului primei institui\u021bii, Sorin Predescu. El ofer\u0103 o cronologie a desf\u0103\u0219ur\u0103rii evenimentelor, pentru ca la final s\u0103 acuze prim\u0103ria c\u0103 minte, dar \u0219i c\u0103 nu \u0219tia sau nu a vrut s\u0103&#8230;                    \t<br \/><a href=\"https:\/\/debanat.ro\/2026\/01\/final-de-poveste-in-disputa-cu-primaria-directorul-directiei-de-cultura-timis-scrie-despre-pasarela-pietonala-peste-bega_461736.html\" class=\"read_more\" title=\"Permanent Link to Final de poveste \u00een disputa cu prim\u0103ria? Directorul Direc\u021biei de Cultur\u0103 Timi\u0219 scrie despre pasarela pietonal\u0103 peste Bega\">Cite\u015fte tot articolul<\/a><img decoding=\"async\" alt=\"Citeste articolul Final de poveste \u00een disputa cu prim\u0103ria? Directorul Direc\u021biei de Cultur\u0103 Timi\u0219 scrie despre pasarela pietonal\u0103 peste Bega\" src=\"https:\/\/analyse.optim.biz\/wp-content\/uploads\/2026\/01\/arr_red-920.png\" title=\"arr_red-920\"><\/div>\n<article class=\"has-thumbnail post-461729 post type-post status-publish format-standard has-post-thumbnail hentry category-administratie tag-arhitecti tag-digitalizare tag-plan-urbanistic-zonal tag-primaria-timisoara content-print\">\n<div class=\"full_img\">\n<div class=\"entry-thumbnail\"><a href=\"https:\/\/debanat.ro\/2026\/01\/municipalitatea-timisoreana-da-sfaturi-arhitectilor-locali-utilizati-procedura-digitala-pentru-obtinerea-unui-plan-urbanistic-zonal_461729.html\" title=\"Permalink to Municipalitatea timi\u0219orean\u0103 d\u0103 sfaturi arhitec\u021bilor locali. Utiliza\u021bi procedura digital\u0103 pentru ob\u021binerea unui Plan Urbanistic Zonal\" rel=\"bookmark\"><img decoding=\"async\" width=\"209\" height=\"130\" src=\"https:\/\/analyse.optim.biz\/wp-content\/uploads\/2026\/01\/317067990_502938771860078_7797334458543995801_n-209x130-376.jpg\" class=\"attachment-hp_art_trei size-hp_art_trei wp-post-image\" loading=\"lazy\" title=\"317067990_502938771860078_7797334458543995801_n-209x130-376\"><\/a><\/div>\n<div class=\"entry-meta\">\n\t                        30 ianuarie 2026\n\t                        \t                        <\/div>\n<h2 class=\"entry-title\"><a href=\"https:\/\/debanat.ro\/2026\/01\/municipalitatea-timisoreana-da-sfaturi-arhitectilor-locali-utilizati-procedura-digitala-pentru-obtinerea-unui-plan-urbanistic-zonal_461729.html\" title=\"Permalink to Municipalitatea timi\u0219orean\u0103 d\u0103 sfaturi arhitec\u021bilor locali. Utiliza\u021bi procedura digital\u0103 pentru ob\u021binerea unui Plan Urbanistic Zonal\" rel=\"bookmark\"><br \/>\n                        \t\t\t\t\t\t\t\t\t\t\tMunicipalitatea timi\u0219orean\u0103 d\u0103 sfaturi arhitec\u021bilor locali. Utiliza\u021bi procedura digital\u0103 pentru ob\u021binerea unui Plan Urbanistic Zonal\t\t\t\t\t\t\t\t                        \t<\/a><\/h2>\n<div class=\"entry-meta\">\n<p>                    \t\tde:\t                                <a href=\"https:\/\/debanat.ro\/author\/hoster\" rel=\"author\">Marcel Hoster<\/a><\/div>\n<\/div>\n<\/article>\n<article class=\"has-thumbnail post-461695 post type-post status-publish format-standard has-post-thumbnail hentry category-consiliul-judetean-timis-administratie tag-alfred-simonis tag-reabilitare-castel-huniade content-print\">\n<div class=\"full_img\">\n<div class=\"entry-thumbnail\"><a href=\"https:\/\/debanat.ro\/2026\/01\/la-castelul-huniade-avanseaza-lucrarile-de-reabilitare-video_461695.html\" title=\"Permalink to La Castelul Huniade avanseaz\u0103 lucr\u0103rile de reabilitare\/VIDEO\" rel=\"bookmark\"><img decoding=\"async\" width=\"209\" height=\"130\" src=\"https:\/\/analyse.optim.biz\/wp-content\/uploads\/2026\/01\/shatohuniade-209x130-381.jpg\" class=\"attachment-hp_art_trei size-hp_art_trei wp-post-image\" loading=\"lazy\" title=\"shatohuniade-209x130-381\"><\/a><\/div>\n<div class=\"entry-meta\">\n\t                        30 ianuarie 2026\n\t                        \t                        <\/div>\n<h2 class=\"entry-title\"><a href=\"https:\/\/debanat.ro\/2026\/01\/la-castelul-huniade-avanseaza-lucrarile-de-reabilitare-video_461695.html\" title=\"Permalink to La Castelul Huniade avanseaz\u0103 lucr\u0103rile de reabilitare\/VIDEO\" rel=\"bookmark\"><br \/>\n                        \t\t\t\t\t\t\t\t\t\t\tLa Castelul Huniade avanseaz\u0103 lucr\u0103rile de reabilitare\/VIDEO\t\t\t\t\t\t\t\t                        \t<\/a><\/h2>\n<div class=\"entry-meta\">\n<p>                    \t\tde:\t                                <a href=\"https:\/\/debanat.ro\/author\/hoster\" rel=\"author\">Marcel Hoster<\/a><\/div>\n<\/div>\n<\/article>\n<article class=\"has-thumbnail post-461683 post type-post status-publish format-standard has-post-thumbnail hentry category-administratie category-consiliul-judetean-timis-administratie tag-cjt tag-forum-01115 tag-giroc tag-proiect-pilot-new-european-bauhaus tag-u-m-01115 content-print\">\n<div class=\"full_img\">\n<div class=\"entry-thumbnail\"><a href=\"https:\/\/debanat.ro\/2026\/01\/administratia-judeteana-cere-parerea-societatii-despre-modul-de-functionare-al-viitorului-centru-forum-01115-de-la-giroc_461683.html\" title=\"Permalink to Administra\u021bia jude\u021bean\u0103 cere p\u0103rerea societ\u0103\u021bii despre modul de func\u021bionare al viitorului centru FORUM 01115, de la Giroc\" rel=\"bookmark\"><img decoding=\"async\" width=\"209\" height=\"130\" src=\"https:\/\/analyse.optim.biz\/wp-content\/uploads\/2026\/01\/12-2-209x130-410.jpg\" class=\"attachment-hp_art_trei size-hp_art_trei wp-post-image\" loading=\"lazy\" title=\"12-2-209x130-410\"><\/a><\/div>\n<div class=\"entry-meta\">\n\t                        30 ianuarie 2026\n\t                        \t                        <\/div>\n<h2 class=\"entry-title\"><a href=\"https:\/\/debanat.ro\/2026\/01\/administratia-judeteana-cere-parerea-societatii-despre-modul-de-functionare-al-viitorului-centru-forum-01115-de-la-giroc_461683.html\" title=\"Permalink to Administra\u021bia jude\u021bean\u0103 cere p\u0103rerea societ\u0103\u021bii despre modul de func\u021bionare al viitorului centru FORUM 01115, de la Giroc\" rel=\"bookmark\"><br \/>\n                        \t\t\t\t\t\t\t\t\t\t\tAdministra\u021bia jude\u021bean\u0103 cere p\u0103rerea societ\u0103\u021bii despre modul de func\u021bionare al viitorului centru FORUM 01115, de la Giroc\t\t\t\t\t\t\t\t                        \t<\/a><\/h2>\n<div class=\"entry-meta\">\n<p>                    \t\tde:\t                                <a href=\"https:\/\/debanat.ro\/author\/hoster\" rel=\"author\">Marcel Hoster<\/a><\/div>\n<\/div>\n<\/article>\n<article class=\"has-thumbnail post-461618 post type-post status-publish format-standard has-post-thumbnail hentry category-administratie category-primaria-timisoara-administratie category-ultima-ora tag-barometru tag-barometrul-calitatea-vietii-in-timisoara-2025 tag-uvt-si-primaria content-print\">\n<div class=\"full_img\">\n<div class=\"entry-thumbnail\"><a href=\"https:\/\/debanat.ro\/2026\/01\/barometrul-calitatii-vietii-2025-in-timisoara-imbunatatiri-ale-perceptiei-publice-si-primele-date-despre-increderea-in-institutiile-locale_461618.html\" title=\"Permalink to Barometrul Calit\u0103\u021bii Vie\u021bii la Timi\u0219oara: Ora\u0219ul merge \u00een direc\u021bia bun\u0103, infrastructura rutier\u0103 \u0219i parc\u0103rile sufer\u0103, bicicletele \u00een continuare doar pu\u021bin atractive\" rel=\"bookmark\"><img decoding=\"async\" width=\"209\" height=\"130\" src=\"https:\/\/analyse.optim.biz\/wp-content\/uploads\/2026\/01\/11-1-209x130-423.jpg\" class=\"attachment-hp_art_trei size-hp_art_trei wp-post-image\" loading=\"lazy\" title=\"11-1-209x130-423\"><\/a><\/div>\n<div class=\"entry-meta\">\n\t                        29 ianuarie 2026\n\t                        \t                        <\/div>\n<h2 class=\"entry-title\"><a href=\"https:\/\/debanat.ro\/2026\/01\/barometrul-calitatii-vietii-2025-in-timisoara-imbunatatiri-ale-perceptiei-publice-si-primele-date-despre-increderea-in-institutiile-locale_461618.html\" title=\"Permalink to Barometrul Calit\u0103\u021bii Vie\u021bii la Timi\u0219oara: Ora\u0219ul merge \u00een direc\u021bia bun\u0103, infrastructura rutier\u0103 \u0219i parc\u0103rile sufer\u0103, bicicletele \u00een continuare doar pu\u021bin atractive\" rel=\"bookmark\"><br \/>\n                        \t\t\t\t\t\t\t\t\t\t\tBarometrul Calit\u0103\u021bii Vie\u021bii la Timi\u0219oara: Ora\u0219ul merge \u00een direc\u021bia bun\u0103, infrastructura rutier\u0103 \u0219i parc\u0103rile sufer\u0103, bicicletele \u00een continuare doar pu\u021bin atractive\t\t\t\t\t\t\t\t                        \t<\/a><\/h2>\n<div class=\"entry-meta\">\n<p>                    \t\tde:\t                                <a href=\"https:\/\/debanat.ro\/author\/hoster\" rel=\"author\">Marcel Hoster<\/a><\/div>\n<\/div>\n<\/article>\n<article class=\"has-thumbnail post-461596 post type-post status-publish format-standard has-post-thumbnail hentry category-administratie category-ultima-ora tag-demolari tag-parcul-zurich tag-primaria-timisoara tag-recuperare tag-terasa tag-teren content-print\">\n<div class=\"full_img\">\n<div class=\"entry-thumbnail\"><a href=\"https:\/\/debanat.ro\/2026\/01\/parcul-zurich-din-zona-telegrafului-revine-la-dimensiunea-reala-primaria-timisoara-a-mai-recuperat-un-teren-ocupat-ilegal_461596.html\" title=\"Permalink to Parcul Zurich din zona Telegrafului revine la dimensiunea real\u0103. Prim\u0103ria Timi\u0219oara a mai recuperat un teren ocupat ilegal\" rel=\"bookmark\"><img decoding=\"async\" width=\"209\" height=\"130\" src=\"https:\/\/analyse.optim.biz\/wp-content\/uploads\/2026\/01\/parcul-zurich-6-209x130-83-15.jpeg\" class=\"attachment-hp_art_trei size-hp_art_trei wp-post-image\" loading=\"lazy\" title=\"parcul-zurich-6-209x130-83-15\"><\/a><\/div>\n<div class=\"entry-meta\">\n\t                        29 ianuarie 2026\n\t                        \t                        <\/div>\n<h2 class=\"entry-title\"><a href=\"https:\/\/debanat.ro\/2026\/01\/parcul-zurich-din-zona-telegrafului-revine-la-dimensiunea-reala-primaria-timisoara-a-mai-recuperat-un-teren-ocupat-ilegal_461596.html\" title=\"Permalink to Parcul Zurich din zona Telegrafului revine la dimensiunea real\u0103. Prim\u0103ria Timi\u0219oara a mai recuperat un teren ocupat ilegal\" rel=\"bookmark\"><br \/>\n                        \t\t\t\t\t\t\t\t\t\t\tParcul Zurich din zona Telegrafului revine la dimensiunea real\u0103. Prim\u0103ria Timi\u0219oara a mai recuperat un teren ocupat ilegal\t\t\t\t\t\t\t\t                        \t<\/a><\/h2>\n<div class=\"entry-meta\">\n<p>                    \t\tde:\t                                <a href=\"https:\/\/debanat.ro\/author\/alex-nestor\" rel=\"author\">Alex Nestor<\/a><\/div>\n<\/div>\n<\/article>\n<article class=\"has-thumbnail post-461556 post type-post status-publish format-standard has-post-thumbnail hentry category-administratie tag-camioane tag-primaria-timisoara tag-regulament tag-restrictii tag-tonaj content-print\">\n<div class=\"full_img\">\n<div class=\"entry-thumbnail\"><a href=\"https:\/\/debanat.ro\/2026\/01\/primaria-timisoara-vrea-sa-schimbe-regulamentul-de-acces-al-camioanelor-in-oras-reduceri-de-tarife-si-noi-restrictii_461556.html\" title=\"Permalink to Prim\u0103ria Timi\u0219oara vrea s\u0103 schimbe regulamentul de acces al camioanelor \u00een ora\u0219: reduceri de tarife \u0219i noi restric\u021bii\" rel=\"bookmark\"><img decoding=\"async\" width=\"209\" height=\"130\" src=\"https:\/\/analyse.optim.biz\/wp-content\/uploads\/2026\/01\/tonaj41-700x360-1-209x130-578.jpg\" class=\"attachment-hp_art_trei size-hp_art_trei wp-post-image\" loading=\"lazy\" title=\"tonaj41-700x360-1-209x130-578\"><\/a><\/div>\n<div class=\"entry-meta\">\n\t                        28 ianuarie 2026\n\t                        \t                        <\/div>\n<h2 class=\"entry-title\"><a href=\"https:\/\/debanat.ro\/2026\/01\/primaria-timisoara-vrea-sa-schimbe-regulamentul-de-acces-al-camioanelor-in-oras-reduceri-de-tarife-si-noi-restrictii_461556.html\" title=\"Permalink to Prim\u0103ria Timi\u0219oara vrea s\u0103 schimbe regulamentul de acces al camioanelor \u00een ora\u0219: reduceri de tarife \u0219i noi restric\u021bii\" rel=\"bookmark\"><br \/>\n                        \t\t\t\t\t\t\t\t\t\t\tPrim\u0103ria Timi\u0219oara vrea s\u0103 schimbe regulamentul de acces al camioanelor \u00een ora\u0219: reduceri de tarife \u0219i noi restric\u021bii\t\t\t\t\t\t\t\t                        \t<\/a><\/h2>\n<div class=\"entry-meta\">\n<p>                    \t\tde:\t                                <a href=\"https:\/\/debanat.ro\/author\/hoster\" rel=\"author\">Marcel Hoster<\/a><\/div>\n<\/div>\n<\/article>\n<article class=\"has-thumbnail post-461761 post type-post status-publish format-standard has-post-thumbnail hentry category-politica tag-dan-perjovschi tag-elena-costache tag-lia-savonea tag-premii tag-raluca-morosanu tag-societatea-timisoara tag-tudor-chirila tag-victor-rebengiuc content-print\">\n<div class=\"entry-thumbnail fixed\"><a href=\"https:\/\/debanat.ro\/2026\/01\/victor-rebengiuc-tudor-chirila-dar-si-lia-savonea-laureati-ai-premiilor-societatii-timisoara_461761.html\" title=\"Permalink to Victor Rebengiuc, Tudor Chiril\u0103, dar \u015fi Lia Savonea, laurea\u0163i ai  premiilor Societ\u0103\u021bii Timi\u0219oara\" rel=\"bookmark\"><img decoding=\"async\" width=\"620\" height=\"380\" src=\"https:\/\/analyse.optim.biz\/wp-content\/uploads\/2026\/01\/societatea-timisoara-110.jpg\" class=\"attachment-hp_article_big size-hp_article_big wp-post-image\" alt=\"societatea timisoara\" loading=\"lazy\" title=\"societatea-timisoara-110\"><\/a><\/div>\n<div class=\"post-inner\">\n<header class=\"entry-header\">\n<h2 class=\"entry-title\"><a href=\"https:\/\/debanat.ro\/2026\/01\/victor-rebengiuc-tudor-chirila-dar-si-lia-savonea-laureati-ai-premiilor-societatii-timisoara_461761.html\" title=\"Permalink to Victor Rebengiuc, Tudor Chiril\u0103, dar \u015fi Lia Savonea, laurea\u0163i ai  premiilor Societ\u0103\u021bii Timi\u0219oara\" rel=\"bookmark\"><br \/>\n                        \t\t\t\t\t\t\t\t\t\t\tVictor Rebengiuc, Tudor Chiril\u0103, dar \u015fi Lia Savonea, laurea\u0163i ai  premiilor Societ\u0103\u021bii Timi\u0219oara\t\t\t\t\t\t\t\t                        \t<\/a><\/h2>\n<div class=\"entry-meta entry-meta-top\">\n\t                        31 ianuarie 2026<br \/>\n\t                        de:\t                                <a href=\"https:\/\/debanat.ro\/author\/iulia\" rel=\"author\">Iulia Ardelean<\/a><\/div>\n<\/header>\n<div class=\"entry-content\">\n                    \tConsiliul de conducere al Societ\u0103\u021bii Timi\u0219oara a stabilit tradi\u0163ionalele premii pentru anul 2025. Printre laurea\u0163i se num\u0103r\u0103 Victor Rebengiuc, Raluca Moro\u0219anu, Tudor Chiril\u0103 \u015fi Dan Perjovschi. Totodat\u0103 Lia Savonea \u015fi \u015fefa CSM, Elena Costache, au primit Premiul \u201eSecera \u0219i ciocanul\u201d: Premiile Societ\u0103\u021bii Timi\u0219oara pe anul 2025 sunt urm\u0103toarele: Premiul \u201eSperan\u021ba\u201d:Victor Rebengiuc \u0219i Raluca Moro\u0219anu Premiul&#8230;                    \t<br \/><a href=\"https:\/\/debanat.ro\/2026\/01\/victor-rebengiuc-tudor-chirila-dar-si-lia-savonea-laureati-ai-premiilor-societatii-timisoara_461761.html\" class=\"read_more\" title=\"Permanent Link to Victor Rebengiuc, Tudor Chiril\u0103, dar \u015fi Lia Savonea, laurea\u0163i ai  premiilor Societ\u0103\u021bii Timi\u0219oara\">Cite\u015fte tot articolul<\/a><img decoding=\"async\" alt=\"Citeste articolul Final de poveste \u00een disputa cu prim\u0103ria? Directorul Direc\u021biei de Cultur\u0103 Timi\u0219 scrie despre pasarela pietonal\u0103 peste Bega\" src=\"https:\/\/analyse.optim.biz\/wp-content\/uploads\/2026\/01\/arr_red-920.png\" title=\"arr_red-920\"><\/div>\n<footer class=\"entry-meta entry-meta-bottom\"><span class=\"tags-links\"><br \/>\n\t\t                    Etichete: <a href=\"https:\/\/debanat.ro\/stiri-despre\/dan-perjovschi\" rel=\"tag\">Dan Perjovschi<\/a>, <a href=\"https:\/\/debanat.ro\/stiri-despre\/elena-costache\" rel=\"tag\">Elena Costache<\/a>, <a href=\"https:\/\/debanat.ro\/stiri-despre\/lia-savonea\" rel=\"tag\">Lia Savonea<\/a>, <a href=\"https:\/\/debanat.ro\/stiri-despre\/premii\" rel=\"tag\">premii<\/a>, <a href=\"https:\/\/debanat.ro\/stiri-despre\/raluca-morosanu\" rel=\"tag\">Raluca Moro\u0219anu<\/a>, <a href=\"https:\/\/debanat.ro\/stiri-despre\/societatea-timisoara\" rel=\"tag\">societatea timisoara<\/a>, <a href=\"https:\/\/debanat.ro\/stiri-despre\/tudor-chirila\" rel=\"tag\">tudor chirila<\/a>, <a href=\"https:\/\/debanat.ro\/stiri-despre\/victor-rebengiuc\" rel=\"tag\">Victor Rebengiuc<\/a><\/span><\/footer>\n<\/div>\n<\/article>\n<div class=\"entry-content\">\n                    \tConsiliul de conducere al Societ\u0103\u021bii Timi\u0219oara a stabilit tradi\u0163ionalele premii pentru anul 2025. Printre laurea\u0163i se num\u0103r\u0103 Victor Rebengiuc, Raluca Moro\u0219anu, Tudor Chiril\u0103 \u015fi Dan Perjovschi. Totodat\u0103 Lia Savonea \u015fi \u015fefa CSM, Elena Costache, au primit Premiul \u201eSecera \u0219i ciocanul\u201d: Premiile Societ\u0103\u021bii Timi\u0219oara pe anul 2025 sunt urm\u0103toarele: Premiul \u201eSperan\u021ba\u201d:Victor Rebengiuc \u0219i Raluca Moro\u0219anu Premiul&#8230;                    \t<br \/><a href=\"https:\/\/debanat.ro\/2026\/01\/victor-rebengiuc-tudor-chirila-dar-si-lia-savonea-laureati-ai-premiilor-societatii-timisoara_461761.html\" class=\"read_more\" title=\"Permanent Link to Victor Rebengiuc, Tudor Chiril\u0103, dar \u015fi Lia Savonea, laurea\u0163i ai  premiilor Societ\u0103\u021bii Timi\u0219oara\">Cite\u015fte tot articolul<\/a><img decoding=\"async\" alt=\"Citeste articolul Final de poveste \u00een disputa cu prim\u0103ria? Directorul Direc\u021biei de Cultur\u0103 Timi\u0219 scrie despre pasarela pietonal\u0103 peste Bega\" src=\"https:\/\/analyse.optim.biz\/wp-content\/uploads\/2026\/01\/arr_red-920.png\" title=\"arr_red-920\"><\/div>\n<article class=\"has-thumbnail post-461581 post type-post status-publish format-standard has-post-thumbnail hentry category-politica tag-graffiti tag-online tag-pasajul-solventul tag-reactie tag-ruben-latcau content-print\">\n<div class=\"full_img\">\n<div class=\"entry-thumbnail\"><a href=\"https:\/\/debanat.ro\/2026\/01\/viceprimarul-ruben-latcau-reactioneaza-dupa-aparitia-unui-graffiti-cu-atac-la-adresa-usr-la-pasajul-solventul_461581.html\" title=\"Permalink to Viceprimarul Ruben La\u0163c\u0103u reac\u021bioneaz\u0103 dup\u0103 apari\u021bia unui graffiti cu atac la adresa USR, la Pasajul Solventul\" rel=\"bookmark\"><img decoding=\"async\" width=\"209\" height=\"130\" src=\"https:\/\/analyse.optim.biz\/wp-content\/uploads\/2026\/01\/fb_img_17696198880112-209x130-13-12.jpg\" class=\"attachment-hp_art_trei size-hp_art_trei wp-post-image\" loading=\"lazy\" title=\"fb_img_17696198880112-209x130-13-12\"><\/a><\/div>\n<div class=\"entry-meta\">\n\t                        28 ianuarie 2026\n\t                        \t                        <\/div>\n<h2 class=\"entry-title\"><a href=\"https:\/\/debanat.ro\/2026\/01\/viceprimarul-ruben-latcau-reactioneaza-dupa-aparitia-unui-graffiti-cu-atac-la-adresa-usr-la-pasajul-solventul_461581.html\" title=\"Permalink to Viceprimarul Ruben La\u0163c\u0103u reac\u021bioneaz\u0103 dup\u0103 apari\u021bia unui graffiti cu atac la adresa USR, la Pasajul Solventul\" rel=\"bookmark\"><br \/>\n                        \t\t\t\t\t\t\t\t\t\t\tViceprimarul Ruben La\u0163c\u0103u reac\u021bioneaz\u0103 dup\u0103 apari\u021bia unui graffiti cu atac la adresa USR, la Pasajul Solventul\t\t\t\t\t\t\t\t                        \t<\/a><\/h2>\n<div class=\"entry-meta\">\n<p>                    \t\tde:\t                                <a href=\"https:\/\/debanat.ro\/author\/hoster\" rel=\"author\">Marcel Hoster<\/a><\/div>\n<\/div>\n<\/article>\n<article class=\"has-thumbnail post-461552 post type-post status-publish format-standard has-post-thumbnail hentry category-politica tag-consiliul-local tag-florarie tag-pnl tag-razvan-negrisanu tag-romi tag-seeds-of-kenosis content-print\">\n<div class=\"full_img\">\n<div class=\"entry-thumbnail\"><a href=\"https:\/\/debanat.ro\/2026\/01\/razvan-negrisanu-usr-cum-imparte-pnl-timisoara-dreptul-la-oras-ori-romi-de-matase-ori-deloc_461552.html\" title=\"Permalink to R\u0103zvan Negri\u015fanu (USR): Cum \u00eemparte PNL Timi\u0219oara dreptul la ora\u0219: ori romi \u201ede m\u0103tase\u201d, ori deloc.\" rel=\"bookmark\"><img decoding=\"async\" width=\"209\" height=\"130\" src=\"https:\/\/analyse.optim.biz\/wp-content\/uploads\/2026\/01\/razvan-negrisanu-209x130-93-16.png\" class=\"attachment-hp_art_trei size-hp_art_trei wp-post-image\" loading=\"lazy\" title=\"razvan-negrisanu-209x130-93-16\"><\/a><\/div>\n<div class=\"entry-meta\">\n\t                        28 ianuarie 2026\n\t                        \t                        <\/div>\n<h2 class=\"entry-title\"><a href=\"https:\/\/debanat.ro\/2026\/01\/razvan-negrisanu-usr-cum-imparte-pnl-timisoara-dreptul-la-oras-ori-romi-de-matase-ori-deloc_461552.html\" title=\"Permalink to R\u0103zvan Negri\u015fanu (USR): Cum \u00eemparte PNL Timi\u0219oara dreptul la ora\u0219: ori romi \u201ede m\u0103tase\u201d, ori deloc.\" rel=\"bookmark\"><br \/>\n                        \t\t\t\t\t\t\t\t\t\t\tR\u0103zvan Negri\u015fanu (USR): Cum \u00eemparte PNL Timi\u0219oara dreptul la ora\u0219: ori romi \u201ede m\u0103tase\u201d, ori deloc.\t\t\t\t\t\t\t\t                        \t<\/a><\/h2>\n<div class=\"entry-meta\">\n<p>                    \t\tde:\t                                <a href=\"https:\/\/debanat.ro\/author\/iulia\" rel=\"author\">Iulia Ardelean<\/a><\/div>\n<\/div>\n<\/article>\n<article class=\"has-thumbnail post-461537 post type-post status-publish format-standard has-post-thumbnail hentry category-politica tag-combaterea-coruptiei tag-cresterea-veniturilor tag-dorinte tag-locuri-de-munca tag-razboiul-din-ucraina tag-sondaj-inscop content-print\">\n<div class=\"full_img\">\n<div class=\"entry-thumbnail\"><a href=\"https:\/\/debanat.ro\/2026\/01\/ce-si-doresc-romanii-pentru-2026-votantii-aur-vor-lefuri-mai-bune-cei-ai-usr-si-pnl-combaterea-coruptiei-sondaj-inscop_461537.html\" title=\"Permalink to Ce-\u015fi doresc rom\u00e2nii pentru 2026. Votan\u0163ii AUR vor lefuri mai bune, cei ai USR \u015fi PNL \u2013 combaterea corup\u0163iei. Sondaj INSCOP\" rel=\"bookmark\"><img decoding=\"async\" width=\"209\" height=\"130\" src=\"https:\/\/analyse.optim.biz\/wp-content\/uploads\/2026\/01\/unnamed-2-209x130-683.jpg\" class=\"attachment-hp_art_trei size-hp_art_trei wp-post-image\" loading=\"lazy\" title=\"unnamed-2-209x130-683\"><\/a><\/div>\n<div class=\"entry-meta\">\n\t                        28 ianuarie 2026\n\t                        \t                        <\/div>\n<h2 class=\"entry-title\"><a href=\"https:\/\/debanat.ro\/2026\/01\/ce-si-doresc-romanii-pentru-2026-votantii-aur-vor-lefuri-mai-bune-cei-ai-usr-si-pnl-combaterea-coruptiei-sondaj-inscop_461537.html\" title=\"Permalink to Ce-\u015fi doresc rom\u00e2nii pentru 2026. Votan\u0163ii AUR vor lefuri mai bune, cei ai USR \u015fi PNL \u2013 combaterea corup\u0163iei. Sondaj INSCOP\" rel=\"bookmark\"><br \/>\n                        \t\t\t\t\t\t\t\t\t\t\tCe-\u015fi doresc rom\u00e2nii pentru 2026. Votan\u0163ii AUR vor lefuri mai bune, cei ai USR \u015fi PNL \u2013 combaterea corup\u0163iei. Sondaj INSCOP\t\t\t\t\t\t\t\t                        \t<\/a><\/h2>\n<div class=\"entry-meta\">\n<p>                    \t\tde:\t                                <a href=\"https:\/\/debanat.ro\/author\/iulia\" rel=\"author\">Iulia Ardelean<\/a><\/div>\n<\/div>\n<\/article>\n<article class=\"has-thumbnail post-461452 post type-post status-publish format-standard has-post-thumbnail hentry category-politica tag-guvern-minoritar tag-ilie-bolojan tag-interviu tag-ipoteza-de-lucru tag-psd tag-rfi content-print\">\n<div class=\"full_img\">\n<div class=\"entry-thumbnail\"><a href=\"https:\/\/debanat.ro\/2026\/01\/ilie-bolojan-nu-exclude-un-guvern-fara-psd-dar-a-adaugat-ca-nu-e-o-ipoteza-de-lucru_461452.html\" title=\"Permalink to Ilie Bolojan nu exclude un guvern f\u0103r\u0103 PSD, dar a ad\u0103ugat c\u0103 \u201cnu e o ipotez\u0103 de lucru\u201d\" rel=\"bookmark\"><img decoding=\"async\" width=\"209\" height=\"130\" src=\"https:\/\/analyse.optim.biz\/wp-content\/uploads\/2026\/01\/ilie-b-209x130-95-16.png\" class=\"attachment-hp_art_trei size-hp_art_trei wp-post-image\" loading=\"lazy\" title=\"ilie-b-209x130-95-16\"><\/a><\/div>\n<div class=\"entry-meta\">\n\t                        27 ianuarie 2026\n\t                        \t                        <\/div>\n<h2 class=\"entry-title\"><a href=\"https:\/\/debanat.ro\/2026\/01\/ilie-bolojan-nu-exclude-un-guvern-fara-psd-dar-a-adaugat-ca-nu-e-o-ipoteza-de-lucru_461452.html\" title=\"Permalink to Ilie Bolojan nu exclude un guvern f\u0103r\u0103 PSD, dar a ad\u0103ugat c\u0103 \u201cnu e o ipotez\u0103 de lucru\u201d\" rel=\"bookmark\"><br \/>\n                        \t\t\t\t\t\t\t\t\t\t\tIlie Bolojan nu exclude un guvern f\u0103r\u0103 PSD, dar a ad\u0103ugat c\u0103 \u201cnu e o ipotez\u0103 de lucru\u201d\t\t\t\t\t\t\t\t                        \t<\/a><\/h2>\n<div class=\"entry-meta\">\n<p>                    \t\tde:\t                                <a href=\"https:\/\/debanat.ro\/author\/alex-nestor\" rel=\"author\">Alex Nestor<\/a><\/div>\n<\/div>\n<\/article>\n<article class=\"has-thumbnail post-461441 post type-post status-publish format-standard has-post-thumbnail hentry category-politica tag-casa tag-declaratie-de-avere tag-hoti tag-marilen-pirtea tag-promisiune-de-vanzare-cumparare tag-proprietar content-print\">\n<div class=\"full_img\">\n<div class=\"entry-thumbnail\"><a href=\"https:\/\/debanat.ro\/2026\/01\/marilen-pirtea-sustine-ca-nu-e-proprietarul-imobilului-spart-de-hoti-de-la-dumbravita-exista-o-promisiune-de-cumparare_461441.html\" title=\"Permalink to Marilen Pirtea sus\u0163ine c\u0103 nu e proprietarul imobilului spart de ho\u021bi de la Dumbr\u0103vi\u021ba: \u201dExist\u0103 o promisiune de cump\u0103rare\u201d\" rel=\"bookmark\"><img decoding=\"async\" width=\"209\" height=\"130\" src=\"https:\/\/analyse.optim.biz\/wp-content\/uploads\/2026\/01\/504378278_1274732020676809_4428128047263627754_n-209x130-738.jpg\" class=\"attachment-hp_art_trei size-hp_art_trei wp-post-image\" loading=\"lazy\" title=\"504378278_1274732020676809_4428128047263627754_n-209x130-738\"><\/a><\/div>\n<div class=\"entry-meta\">\n\t                        27 ianuarie 2026\n\t                        \t                        <\/div>\n<h2 class=\"entry-title\"><a href=\"https:\/\/debanat.ro\/2026\/01\/marilen-pirtea-sustine-ca-nu-e-proprietarul-imobilului-spart-de-hoti-de-la-dumbravita-exista-o-promisiune-de-cumparare_461441.html\" title=\"Permalink to Marilen Pirtea sus\u0163ine c\u0103 nu e proprietarul imobilului spart de ho\u021bi de la Dumbr\u0103vi\u021ba: \u201dExist\u0103 o promisiune de cump\u0103rare\u201d\" rel=\"bookmark\"><br \/>\n                        \t\t\t\t\t\t\t\t\t\t\tMarilen Pirtea sus\u0163ine c\u0103 nu e proprietarul imobilului spart de ho\u021bi de la Dumbr\u0103vi\u021ba: \u201dExist\u0103 o promisiune de cump\u0103rare\u201d\t\t\t\t\t\t\t\t                        \t<\/a><\/h2>\n<div class=\"entry-meta\">\n<p>                    \t\tde:\t                                <a href=\"https:\/\/debanat.ro\/author\/hoster\" rel=\"author\">Marcel Hoster<\/a><\/div>\n<\/div>\n<\/article>\n<article class=\"has-thumbnail post-461386 post type-post status-publish format-standard has-post-thumbnail hentry category-politica tag-coaliie tag-intalnire tag-jp-morgan tag-program-psd tag-relansarea-economiei tag-sorin-grindeanu content-print\">\n<div class=\"full_img\">\n<div class=\"entry-thumbnail\"><a href=\"https:\/\/debanat.ro\/2026\/01\/inainte-de-sedinta-coalitiei-sorin-grindeanu-intalnire-cu-delegatia-jp-morgan-stimularea-economiei-este-esentiala_461386.html\" title=\"Permalink to \u00cenainte de \u015fedin\u0163a coali\u0163iei, Sorin Grindeanu, \u00eent\u00e2lnire cu delega\u0163ia JP Morgan: \u201cStimularea economiei este esen\u021bial\u0103\u201d\" rel=\"bookmark\"><img decoding=\"async\" width=\"209\" height=\"130\" src=\"https:\/\/analyse.optim.biz\/wp-content\/uploads\/2026\/01\/619199536_1624664555681509_1331580201627927375_n-209x130-736.jpg\" class=\"attachment-hp_art_trei size-hp_art_trei wp-post-image\" loading=\"lazy\" title=\"619199536_1624664555681509_1331580201627927375_n-209x130-736\"><\/a><\/div>\n<div class=\"entry-meta\">\n\t                        26 ianuarie 2026\n\t                        \t                        <\/div>\n<h2 class=\"entry-title\"><a href=\"https:\/\/debanat.ro\/2026\/01\/inainte-de-sedinta-coalitiei-sorin-grindeanu-intalnire-cu-delegatia-jp-morgan-stimularea-economiei-este-esentiala_461386.html\" title=\"Permalink to \u00cenainte de \u015fedin\u0163a coali\u0163iei, Sorin Grindeanu, \u00eent\u00e2lnire cu delega\u0163ia JP Morgan: \u201cStimularea economiei este esen\u021bial\u0103\u201d\" rel=\"bookmark\"><br \/>\n                        \t\t\t\t\t\t\t\t\t\t\t\u00cenainte de \u015fedin\u0163a coali\u0163iei, Sorin Grindeanu, \u00eent\u00e2lnire cu delega\u0163ia JP Morgan: \u201cStimularea economiei este esen\u021bial\u0103\u201d\t\t\t\t\t\t\t\t                        \t<\/a><\/h2>\n<div class=\"entry-meta\">\n<p>                    \t\tde:\t                                <a href=\"https:\/\/debanat.ro\/author\/iulia\" rel=\"author\">Iulia Ardelean<\/a><\/div>\n<\/div>\n<\/article>\n<article class=\"has-thumbnail post-461777 post type-post status-publish format-standard has-post-thumbnail hentry category-poli-timisoara category-sport tag-meciuri-amicale-poli tag-poli-santana-2-0 tag-teste-de-verificare content-print\">\n<div class=\"entry-thumbnail fixed\"><a href=\"https:\/\/debanat.ro\/2026\/01\/final-in-forta-a-treia-victorie-amicala-urmeaza-cantonamentul-din-antalya_461777.html\" title=\"Permalink to Final \u00een for\u021b\u0103! A treia victorie amical\u0103, urmeaz\u0103 cantonamentul din Antalya\" rel=\"bookmark\"><img decoding=\"async\" width=\"700\" height=\"435\" src=\"https:\/\/analyse.optim.biz\/wp-content\/uploads\/2026\/01\/poli-700x435-41.jpeg\" class=\"attachment-hp_article_big size-hp_article_big wp-post-image\" loading=\"lazy\" title=\"poli-700x435-41\"><\/a><\/div>\n<div class=\"post-inner\">\n<header class=\"entry-header\">\n<h2 class=\"entry-title\"><a href=\"https:\/\/debanat.ro\/2026\/01\/final-in-forta-a-treia-victorie-amicala-urmeaza-cantonamentul-din-antalya_461777.html\" title=\"Permalink to Final \u00een for\u021b\u0103! A treia victorie amical\u0103, urmeaz\u0103 cantonamentul din Antalya\" rel=\"bookmark\"><br \/>\n                        \t\t\t\t\t\t\t\t\t\t\tFinal \u00een for\u021b\u0103! A treia victorie amical\u0103, urmeaz\u0103 cantonamentul din Antalya\t\t\t\t\t\t\t\t                        \t<\/a><\/h2>\n<div class=\"entry-meta entry-meta-top\">\n\t                        31 ianuarie 2026<br \/>\n\t                        de:\t                                <a href=\"https:\/\/debanat.ro\/author\/daniel-neacsu\" rel=\"author\">Daniel Neac\u0219u<\/a><\/div>\n<\/header>\n<div class=\"entry-content\">\n                    \tPolitehnica Timi\u0219oara a c\u00e2\u0219tigat primul meci sus\u021binut \u00een acest an pe teren cu iarb\u0103 \u0219i pe stadionul Electrica. Scorul partidei cu Unirea S\u00e2ntana a fost 2-0 (0-0). Prima repriz\u0103 a fost f\u0103r\u0103 gol, de\u0219i alb-viole\u021bii au lovit de dou\u0103 ori bara, prin D. Popa (3, transversal\u0103) \u0219i C. Toma (27), iar \u00een min. 37 un&#8230;                    \t<br \/><a href=\"https:\/\/debanat.ro\/2026\/01\/final-in-forta-a-treia-victorie-amicala-urmeaza-cantonamentul-din-antalya_461777.html\" class=\"read_more\" title=\"Permanent Link to Final \u00een for\u021b\u0103! A treia victorie amical\u0103, urmeaz\u0103 cantonamentul din Antalya\">Cite\u015fte tot articolul<\/a><img decoding=\"async\" alt=\"Citeste articolul Final de poveste \u00een disputa cu prim\u0103ria? Directorul Direc\u021biei de Cultur\u0103 Timi\u0219 scrie despre pasarela pietonal\u0103 peste Bega\" src=\"https:\/\/analyse.optim.biz\/wp-content\/uploads\/2026\/01\/arr_red-920.png\" title=\"arr_red-920\"><\/div>\n<footer class=\"entry-meta entry-meta-bottom\"><span class=\"tags-links\"><br \/>\n\t\t                    Etichete: <a href=\"https:\/\/debanat.ro\/stiri-despre\/meciuri-amicale-poli\" rel=\"tag\">meciuri amicale poli<\/a>, <a href=\"https:\/\/debanat.ro\/stiri-despre\/poli-santana-2-0\" rel=\"tag\">poli &#8211; santana 2-0<\/a>, <a href=\"https:\/\/debanat.ro\/stiri-despre\/teste-de-verificare\" rel=\"tag\">teste de verificare<\/a><\/span><\/footer>\n<\/div>\n<\/article>\n<div class=\"entry-content\">\n                    \tPolitehnica Timi\u0219oara a c\u00e2\u0219tigat primul meci sus\u021binut \u00een acest an pe teren cu iarb\u0103 \u0219i pe stadionul Electrica. Scorul partidei cu Unirea S\u00e2ntana a fost 2-0 (0-0). Prima repriz\u0103 a fost f\u0103r\u0103 gol, de\u0219i alb-viole\u021bii au lovit de dou\u0103 ori bara, prin D. Popa (3, transversal\u0103) \u0219i C. Toma (27), iar \u00een min. 37 un&#8230;                    \t<br \/><a href=\"https:\/\/debanat.ro\/2026\/01\/final-in-forta-a-treia-victorie-amicala-urmeaza-cantonamentul-din-antalya_461777.html\" class=\"read_more\" title=\"Permanent Link to Final \u00een for\u021b\u0103! A treia victorie amical\u0103, urmeaz\u0103 cantonamentul din Antalya\">Cite\u015fte tot articolul<\/a><img decoding=\"async\" alt=\"Citeste articolul Final de poveste \u00een disputa cu prim\u0103ria? Directorul Direc\u021biei de Cultur\u0103 Timi\u0219 scrie despre pasarela pietonal\u0103 peste Bega\" src=\"https:\/\/analyse.optim.biz\/wp-content\/uploads\/2026\/01\/arr_red-920.png\" title=\"arr_red-920\"><\/div>\n<article class=\"has-thumbnail post-461749 post type-post status-publish format-standard has-post-thumbnail hentry category-poli-timisoara category-sport tag-mihai-pinzariu tag-portari-poli tag-transfer-poli tag-transferuri-poli-2026-poli content-print\">\n<div class=\"full_img\">\n<div class=\"entry-thumbnail\"><a href=\"https:\/\/debanat.ro\/2026\/01\/politehnica-vrea-sa-isi-betoneze-poarta-inca-un-transfer-neasteptat_461749.html\" title=\"Permalink to Politehnica vrea s\u0103 \u00ee\u0219i betoneze poarta! \u00cenc\u0103 un transfer, nea\u0219teptat\" rel=\"bookmark\"><img decoding=\"async\" width=\"209\" height=\"130\" src=\"https:\/\/analyse.optim.biz\/wp-content\/uploads\/2026\/01\/pinzariu-s-209x130-5-12.jpeg\" class=\"attachment-hp_art_trei size-hp_art_trei wp-post-image\" loading=\"lazy\" title=\"pinzariu-s-209x130-5-12\"><\/a><\/div>\n<div class=\"entry-meta\">\n\t                        31 ianuarie 2026\n\t                        \t                        <\/div>\n<h2 class=\"entry-title\"><a href=\"https:\/\/debanat.ro\/2026\/01\/politehnica-vrea-sa-isi-betoneze-poarta-inca-un-transfer-neasteptat_461749.html\" title=\"Permalink to Politehnica vrea s\u0103 \u00ee\u0219i betoneze poarta! \u00cenc\u0103 un transfer, nea\u0219teptat\" rel=\"bookmark\"><br \/>\n                        \t\t\t\t\t\t\t\t\t\t\tPolitehnica vrea s\u0103 \u00ee\u0219i betoneze poarta! \u00cenc\u0103 un transfer, nea\u0219teptat\t\t\t\t\t\t\t\t                        \t<\/a><\/h2>\n<div class=\"entry-meta\">\n<p>                    \t\tde:\t                                <a href=\"https:\/\/debanat.ro\/author\/daniel-neacsu\" rel=\"author\">Daniel Neac\u0219u<\/a><\/div>\n<\/div>\n<\/article>\n<article class=\"has-thumbnail post-461733 post type-post status-publish format-standard has-post-thumbnail hentry category-poli-timisoara category-sport tag-claudiu-savianu tag-jucator-polivalent tag-negresi-oas tag-savianu-poli tag-transfer-poli tag-transferuri-poli-2026 content-print\">\n<div class=\"full_img\">\n<div class=\"entry-thumbnail\"><a href=\"https:\/\/debanat.ro\/2026\/01\/6-transferuri-claudiu-savianu-19-ani-a-semnat-cu-politehnica-timisoara_461733.html\" title=\"Permalink to 6!! Transferuri. Claudiu Savianu (19 ani) a semnat cu Politehnica Timi\u0219oara\" rel=\"bookmark\"><img decoding=\"async\" width=\"209\" height=\"130\" src=\"https:\/\/analyse.optim.biz\/wp-content\/uploads\/2026\/01\/savianu-s-209x130-20-4.jpeg\" class=\"attachment-hp_art_trei size-hp_art_trei wp-post-image\" loading=\"lazy\" title=\"savianu-s-209x130-20-4\"><\/a><\/div>\n<div class=\"entry-meta\">\n\t                        30 ianuarie 2026\n\t                        \t                        <\/div>\n<h2 class=\"entry-title\"><a href=\"https:\/\/debanat.ro\/2026\/01\/6-transferuri-claudiu-savianu-19-ani-a-semnat-cu-politehnica-timisoara_461733.html\" title=\"Permalink to 6!! Transferuri. Claudiu Savianu (19 ani) a semnat cu Politehnica Timi\u0219oara\" rel=\"bookmark\"><br \/>\n                        \t\t\t\t\t\t\t\t\t\t\t6!! Transferuri. Claudiu Savianu (19 ani) a semnat cu Politehnica Timi\u0219oara\t\t\t\t\t\t\t\t                        \t<\/a><\/h2>\n<div class=\"entry-meta\">\n<p>                    \t\tde:\t                                <a href=\"https:\/\/debanat.ro\/author\/daniel-neacsu\" rel=\"author\">Daniel Neac\u0219u<\/a><\/div>\n<\/div>\n<\/article>\n<article class=\"post-461613 post type-post status-publish format-standard hentry category-sport tag-carlo-casap tag-casap-la-dumbravita tag-csc-dumbravita-2026 tag-transfer-important tag-transferuri-liga-2 content-print\">\n<div class=\"full_img\">\n<div class=\"entry-meta\">\n\t                        29 ianuarie 2026\n\t                        \t                        <\/div>\n<h2 class=\"entry-title\"><a href=\"https:\/\/debanat.ro\/2026\/01\/nascut-la-timisoara-crescut-la-academia-hagi-acum-e-la-dumbravita-transfer-important-carlo-casap_461613.html\" title=\"Permalink to N\u0103scut la Timi\u0219oara, crescut la Academia Hagi, acum e la Dumbr\u0103vi\u021ba. Transfer important, Carlo Casap\" rel=\"bookmark\"><br \/>\n                        \t\t\t\t\t\t\t\t\t\t\tN\u0103scut la Timi\u0219oara, crescut la Academia Hagi, acum e la Dumbr\u0103vi\u021ba. Transfer important, Carlo Casap\t\t\t\t\t\t\t\t                        \t<\/a><\/h2>\n<div class=\"entry-meta\">\n<p>                    \t\tde:\t                                <a href=\"https:\/\/debanat.ro\/author\/daniel-neacsu\" rel=\"author\">Daniel Neac\u0219u<\/a><\/div>\n<\/div>\n<\/article>\n<article class=\"has-thumbnail post-461775 post type-post status-publish format-standard has-post-thumbnail hentry category-social tag-noua-parcare-lugoj tag-smart-parking tag-solutii-is-pentru-smart-parking-lugoj content-print\">\n<div class=\"entry-thumbnail fixed\"><a href=\"https:\/\/debanat.ro\/2026\/01\/lugojul-se-pregateste-pentru-introducerea-unui-sistem-de-smart-parking_461775.html\" title=\"Permalink to Lugojul se preg\u0103te\u0219te pentru introducerea unui sistem de smart parking\" rel=\"bookmark\"><img decoding=\"async\" width=\"700\" height=\"435\" src=\"https:\/\/analyse.optim.biz\/wp-content\/uploads\/2026\/01\/parcare-orsova-3-700x435-67.png\" class=\"attachment-hp_article_big size-hp_article_big wp-post-image\" loading=\"lazy\" title=\"parcare-orsova-3-700x435-67\"><\/a><\/div>\n<div class=\"post-inner\">\n<header class=\"entry-header\">\n<h2 class=\"entry-title\"><a href=\"https:\/\/debanat.ro\/2026\/01\/lugojul-se-pregateste-pentru-introducerea-unui-sistem-de-smart-parking_461775.html\" title=\"Permalink to Lugojul se preg\u0103te\u0219te pentru introducerea unui sistem de smart parking\" rel=\"bookmark\"><br \/>\n                        \t\t\t\t\t\t\t\t\t\t\tLugojul se preg\u0103te\u0219te pentru introducerea unui sistem de smart parking\t\t\t\t\t\t\t\t                        \t<\/a><\/h2>\n<div class=\"entry-meta entry-meta-top\">\n\t                        31 ianuarie 2026<br \/>\n\t                        de:\t                                <a href=\"https:\/\/debanat.ro\/author\/hoster\" rel=\"author\">Marcel Hoster<\/a><\/div>\n<\/header>\n<div class=\"entry-content\">\n                    \tCel de al doilea municipiu din Timi\u0219, Lugojul, se preg\u0103te\u0219te s\u0103 o ia \u00een fa\u021ba Timi\u0219oarei \u00een ceea ce prive\u0219te parcarea pl\u0103tit\u0103. Astfel, administra\u021bia ora\u0219ului de pe Timi\u0219 caut\u0103 o firm\u0103 care s\u0103 realizeze un sistem de smart parking, unul cu numeroase facilit\u0103\u021bi, \u0219i a lansat licita\u021bia \u00een acest sens. Valoarea proiectului este de 3,04&#8230;                    \t<br \/><a href=\"https:\/\/debanat.ro\/2026\/01\/lugojul-se-pregateste-pentru-introducerea-unui-sistem-de-smart-parking_461775.html\" class=\"read_more\" title=\"Permanent Link to Lugojul se preg\u0103te\u0219te pentru introducerea unui sistem de smart parking\">Cite\u015fte tot articolul<\/a><img decoding=\"async\" alt=\"Citeste articolul Final de poveste \u00een disputa cu prim\u0103ria? Directorul Direc\u021biei de Cultur\u0103 Timi\u0219 scrie despre pasarela pietonal\u0103 peste Bega\" src=\"https:\/\/analyse.optim.biz\/wp-content\/uploads\/2026\/01\/arr_red-920.png\" title=\"arr_red-920\"><\/div>\n<footer class=\"entry-meta entry-meta-bottom\"><span class=\"tags-links\"><br \/>\n\t\t                    Etichete: <a href=\"https:\/\/debanat.ro\/stiri-despre\/noua-parcare-lugoj\" rel=\"tag\">noua parcare lugoj<\/a>, <a href=\"https:\/\/debanat.ro\/stiri-despre\/smart-parking\" rel=\"tag\">smart parking<\/a>, <a href=\"https:\/\/debanat.ro\/stiri-despre\/solutii-is-pentru-smart-parking-lugoj\" rel=\"tag\">solutii is pentru smart parking lugoj<\/a><\/span><\/footer>\n<\/div>\n<\/article>\n<div class=\"entry-content\">\n                    \tCel de al doilea municipiu din Timi\u0219, Lugojul, se preg\u0103te\u0219te s\u0103 o ia \u00een fa\u021ba Timi\u0219oarei \u00een ceea ce prive\u0219te parcarea pl\u0103tit\u0103. Astfel, administra\u021bia ora\u0219ului de pe Timi\u0219 caut\u0103 o firm\u0103 care s\u0103 realizeze un sistem de smart parking, unul cu numeroase facilit\u0103\u021bi, \u0219i a lansat licita\u021bia \u00een acest sens. Valoarea proiectului este de 3,04&#8230;                    \t<br \/><a href=\"https:\/\/debanat.ro\/2026\/01\/lugojul-se-pregateste-pentru-introducerea-unui-sistem-de-smart-parking_461775.html\" class=\"read_more\" title=\"Permanent Link to Lugojul se preg\u0103te\u0219te pentru introducerea unui sistem de smart parking\">Cite\u015fte tot articolul<\/a><img decoding=\"async\" alt=\"Citeste articolul Final de poveste \u00een disputa cu prim\u0103ria? Directorul Direc\u021biei de Cultur\u0103 Timi\u0219 scrie despre pasarela pietonal\u0103 peste Bega\" src=\"https:\/\/analyse.optim.biz\/wp-content\/uploads\/2026\/01\/arr_red-920.png\" title=\"arr_red-920\"><\/div>\n<article class=\"has-thumbnail post-461772 post type-post status-publish format-standard has-post-thumbnail hentry category-social tag-director-general-das-mt tag-emese-esztero tag-incluziune-si-demnitate-sociala-2021-2027 tag-proiectul-vital tag-servicii-sociale-seniori content-print\">\n<div class=\"full_img\">\n<div class=\"entry-thumbnail\"><a href=\"https:\/\/debanat.ro\/2026\/01\/directia-de-asistenta-sociala-timisoara-va-deschide-un-nou-centru-pentru-batrani-realizat-cu-fonduri-nerambursabile_461772.html\" title=\"Permalink to Direc\u021bia de Asisten\u021b\u0103 Social\u0103 Timi\u0219oara va deschide un nou centru pentru b\u0103tr\u00e2ni, realizat cu fonduri nerambursabile\" rel=\"bookmark\"><img decoding=\"async\" width=\"209\" height=\"130\" src=\"https:\/\/analyse.optim.biz\/wp-content\/uploads\/2026\/01\/directia-de-asistenta-sociala-209x130-67.jpg\" class=\"attachment-hp_art_trei size-hp_art_trei wp-post-image\" loading=\"lazy\" title=\"directia-de-asistenta-sociala-209x130-67\"><\/a><\/div>\n<div class=\"entry-meta\">\n\t                        31 ianuarie 2026\n\t                        \t                        <\/div>\n<h2 class=\"entry-title\"><a href=\"https:\/\/debanat.ro\/2026\/01\/directia-de-asistenta-sociala-timisoara-va-deschide-un-nou-centru-pentru-batrani-realizat-cu-fonduri-nerambursabile_461772.html\" title=\"Permalink to Direc\u021bia de Asisten\u021b\u0103 Social\u0103 Timi\u0219oara va deschide un nou centru pentru b\u0103tr\u00e2ni, realizat cu fonduri nerambursabile\" rel=\"bookmark\"><br \/>\n                        \t\t\t\t\t\t\t\t\t\t\tDirec\u021bia de Asisten\u021b\u0103 Social\u0103 Timi\u0219oara va deschide un nou centru pentru b\u0103tr\u00e2ni, realizat cu fonduri nerambursabile\t\t\t\t\t\t\t\t                        \t<\/a><\/h2>\n<div class=\"entry-meta\">\n<p>                    \t\tde:\t                                <a href=\"https:\/\/debanat.ro\/author\/hoster\" rel=\"author\">Marcel Hoster<\/a><\/div>\n<\/div>\n<\/article>\n<article class=\"has-thumbnail post-461770 post type-post status-publish format-standard has-post-thumbnail hentry category-social tag-autorizatii-de-mediu tag-garda-de-mediu tag-localizare-gps tag-vidanjare tag-vidanje content-print\">\n<div class=\"full_img\">\n<div class=\"entry-thumbnail\"><a href=\"https:\/\/debanat.ro\/2026\/01\/probleme-in-prestarea-activitatii-de-vidanjare-in-timis-amenzi-de-peste-o-suta-de-mii-de-lei_461770.html\" title=\"Permalink to Probleme \u00een prestarea activit\u0103\u021bii de vidanjare \u00een Timi\u0219. Amenzi de peste o sut\u0103 de mii de lei\" rel=\"bookmark\"><img decoding=\"async\" width=\"209\" height=\"130\" src=\"https:\/\/analyse.optim.biz\/wp-content\/uploads\/2026\/01\/garda-de-mediu-850x479-1-209x130-88.jpg\" class=\"attachment-hp_art_trei size-hp_art_trei wp-post-image\" loading=\"lazy\" title=\"garda-de-mediu-850x479-1-209x130-88\"><\/a><\/div>\n<div class=\"entry-meta\">\n\t                        31 ianuarie 2026\n\t                        \t                        <\/div>\n<h2 class=\"entry-title\"><a href=\"https:\/\/debanat.ro\/2026\/01\/probleme-in-prestarea-activitatii-de-vidanjare-in-timis-amenzi-de-peste-o-suta-de-mii-de-lei_461770.html\" title=\"Permalink to Probleme \u00een prestarea activit\u0103\u021bii de vidanjare \u00een Timi\u0219. Amenzi de peste o sut\u0103 de mii de lei\" rel=\"bookmark\"><br \/>\n                        \t\t\t\t\t\t\t\t\t\t\tProbleme \u00een prestarea activit\u0103\u021bii de vidanjare \u00een Timi\u0219. Amenzi de peste o sut\u0103 de mii de lei\t\t\t\t\t\t\t\t                        \t<\/a><\/h2>\n<div class=\"entry-meta\">\n<p>                    \t\tde:\t                                <a href=\"https:\/\/debanat.ro\/author\/hoster\" rel=\"author\">Marcel Hoster<\/a><\/div>\n<\/div>\n<\/article>\n<article class=\"has-thumbnail post-461757 post type-post status-publish format-standard has-post-thumbnail hentry category-invatamant category-social tag-gradinita tag-reabilitare-energetica tag-scoala tag-urseni content-print\">\n<div class=\"full_img\">\n<div class=\"entry-thumbnail\"><a href=\"https:\/\/debanat.ro\/2026\/01\/scoala-si-gradinita-din-urseni-comuna-mosnita-noua-vor-fi-reabilitate-energetic-a-fost-semnat-contractul-de-finantare_461757.html\" title=\"Permalink to \u015ecoala \u015fi gr\u0103dini\u0163a din Urseni, comuna Mo\u015fni\u0163a Nou\u0103, vor fi reabilitate energetic. A fost semnat contractul de finan\u0163are\" rel=\"bookmark\"><img decoding=\"async\" width=\"209\" height=\"130\" src=\"https:\/\/analyse.optim.biz\/wp-content\/uploads\/2026\/01\/623262370_1479724487488293_6948000844815517633_n-209x130-95.jpg\" class=\"attachment-hp_art_trei size-hp_art_trei wp-post-image\" loading=\"lazy\" title=\"623262370_1479724487488293_6948000844815517633_n-209x130-95\"><\/a><\/div>\n<div class=\"entry-meta\">\n\t                        31 ianuarie 2026\n\t                        \t                        <\/div>\n<h2 class=\"entry-title\"><a href=\"https:\/\/debanat.ro\/2026\/01\/scoala-si-gradinita-din-urseni-comuna-mosnita-noua-vor-fi-reabilitate-energetic-a-fost-semnat-contractul-de-finantare_461757.html\" title=\"Permalink to \u015ecoala \u015fi gr\u0103dini\u0163a din Urseni, comuna Mo\u015fni\u0163a Nou\u0103, vor fi reabilitate energetic. A fost semnat contractul de finan\u0163are\" rel=\"bookmark\"><br \/>\n                        \t\t\t\t\t\t\t\t\t\t\t\u015ecoala \u015fi gr\u0103dini\u0163a din Urseni, comuna Mo\u015fni\u0163a Nou\u0103, vor fi reabilitate energetic. A fost semnat contractul de finan\u0163are\t\t\t\t\t\t\t\t                        \t<\/a><\/h2>\n<div class=\"entry-meta\">\n<p>                    \t\tde:\t                                <a href=\"https:\/\/debanat.ro\/author\/vlad-stoian\" rel=\"author\">Vlad Stoian<\/a><\/div>\n<\/div>\n<\/article>\n<article class=\"has-thumbnail post-461755 post type-post status-publish format-standard has-post-thumbnail hentry category-social tag-crima-din-cenei tag-criminalul-de-13-ani tag-dgaspc tag-drepturi-parintesti-suspendate content-print\">\n<div class=\"full_img\">\n<div class=\"entry-thumbnail\"><a href=\"https:\/\/debanat.ro\/2026\/01\/copilul-de-13-ani-acuzat-de-familie-a-fost-preluat-de-stat-dupa-ce-familia-nu-si-a-facut-datoria_461755.html\" title=\"Permalink to Copilul de 13 ani acuzat de familie a fost preluat de stat, dup\u0103 ce familia nu \u0219i-a f\u0103cut datoria\" rel=\"bookmark\"><img decoding=\"async\" width=\"209\" height=\"130\" src=\"https:\/\/analyse.optim.biz\/wp-content\/uploads\/2026\/01\/crima-arad-209x130-13-4.jpg\" class=\"attachment-hp_art_trei size-hp_art_trei wp-post-image\" loading=\"lazy\" title=\"crima-arad-209x130-13-4\"><\/a><\/div>\n<div class=\"entry-meta\">\n\t                        31 ianuarie 2026\n\t                        \t                        <\/div>\n<h2 class=\"entry-title\"><a href=\"https:\/\/debanat.ro\/2026\/01\/copilul-de-13-ani-acuzat-de-familie-a-fost-preluat-de-stat-dupa-ce-familia-nu-si-a-facut-datoria_461755.html\" title=\"Permalink to Copilul de 13 ani acuzat de familie a fost preluat de stat, dup\u0103 ce familia nu \u0219i-a f\u0103cut datoria\" rel=\"bookmark\"><br \/>\n                        \t\t\t\t\t\t\t\t\t\t\tCopilul de 13 ani acuzat de familie a fost preluat de stat, dup\u0103 ce familia nu \u0219i-a f\u0103cut datoria\t\t\t\t\t\t\t\t                        \t<\/a><\/h2>\n<div class=\"entry-meta\">\n<p>                    \t\tde:\t                                <a href=\"https:\/\/debanat.ro\/author\/daniel-neacsu\" rel=\"author\">Daniel Neac\u0219u<\/a><\/div>\n<\/div>\n<\/article>\n<article class=\"has-thumbnail post-461721 post type-post status-publish format-standard has-post-thumbnail hentry category-invatamant category-social tag-europa-de-est tag-qs-europe-university-rankings tag-ranking tag-uvt content-print\">\n<div class=\"full_img\">\n<div class=\"entry-thumbnail\"><a href=\"https:\/\/debanat.ro\/2026\/01\/universitatea-de-vest-timisoara-urca-in-clasamentul-qs-europe-university-rankings_461721.html\" title=\"Permalink to Universitatea de Vest Timi\u0219oara urc\u0103 \u00een clasamentul QS Europe University Rankings\" rel=\"bookmark\"><img decoding=\"async\" width=\"209\" height=\"130\" src=\"https:\/\/analyse.optim.biz\/wp-content\/uploads\/2026\/01\/unnamed-1-209x130-239.jpg\" class=\"attachment-hp_art_trei size-hp_art_trei wp-post-image\" loading=\"lazy\" title=\"unnamed-1-209x130-239\"><\/a><\/div>\n<div class=\"entry-meta\">\n\t                        30 ianuarie 2026\n\t                        \t                        <\/div>\n<h2 class=\"entry-title\"><a href=\"https:\/\/debanat.ro\/2026\/01\/universitatea-de-vest-timisoara-urca-in-clasamentul-qs-europe-university-rankings_461721.html\" title=\"Permalink to Universitatea de Vest Timi\u0219oara urc\u0103 \u00een clasamentul QS Europe University Rankings\" rel=\"bookmark\"><br \/>\n                        \t\t\t\t\t\t\t\t\t\t\tUniversitatea de Vest Timi\u0219oara urc\u0103 \u00een clasamentul QS Europe University Rankings\t\t\t\t\t\t\t\t                        \t<\/a><\/h2>\n<div class=\"entry-meta\">\n<p>                    \t\tde:\t                                <a href=\"https:\/\/debanat.ro\/author\/hoster\" rel=\"author\">Marcel Hoster<\/a><\/div>\n<\/div>\n<\/article>\n<article class=\"has-thumbnail post-461706 post type-post status-publish format-standard has-post-thumbnail hentry category-diverse category-social category-ultima-ora tag-barometru tag-calitatea-vietii tag-satisfactie tag-stpt tag-transport-in-comun content-print\">\n<div class=\"full_img\">\n<div class=\"entry-thumbnail\"><a href=\"https:\/\/debanat.ro\/2026\/01\/timisorenii-incep-sa-aprecieze-transportul-in-comun-din-oras_461706.html\" title=\"Permalink to Timi\u0219orenii \u00eencep s\u0103 aprecieze transportul \u00een comun din ora\u0219\" rel=\"bookmark\"><img decoding=\"async\" width=\"209\" height=\"130\" src=\"https:\/\/analyse.optim.biz\/wp-content\/uploads\/2026\/01\/122-209x130-366.jpeg\" class=\"attachment-hp_art_trei size-hp_art_trei wp-post-image\" loading=\"lazy\" title=\"122-209x130-366\"><\/a><\/div>\n<div class=\"entry-meta\">\n\t                        30 ianuarie 2026\n\t                        \t                        <\/div>\n<h2 class=\"entry-title\"><a href=\"https:\/\/debanat.ro\/2026\/01\/timisorenii-incep-sa-aprecieze-transportul-in-comun-din-oras_461706.html\" title=\"Permalink to Timi\u0219orenii \u00eencep s\u0103 aprecieze transportul \u00een comun din ora\u0219\" rel=\"bookmark\"><br \/>\n                        \t\t\t\t\t\t\t\t\t\t\tTimi\u0219orenii \u00eencep s\u0103 aprecieze transportul \u00een comun din ora\u0219\t\t\t\t\t\t\t\t                        \t<\/a><\/h2>\n<div class=\"entry-meta\">\n<p>                    \t\tde:\t                                <a href=\"https:\/\/debanat.ro\/author\/hoster\" rel=\"author\">Marcel Hoster<\/a><\/div>\n<\/div>\n<\/article>\n<article class=\"span3 has-thumbnail post-461692 post type-post status-publish format-standard has-post-thumbnail hentry category-sanatate tag-efectele-utilizarii-inteligentei-artificiale tag-ministrul-sanatatii tag-reforma-din-sanatate tag-robobete tag-sandesc content-print\">\n<div class=\"entry-thumbnail\"><a href=\"https:\/\/debanat.ro\/2026\/01\/reforma-din-sanatate-si-efectele-utilizarii-inteligentei-artificiale-dezbatute-de-ministrul-sanatatii-la-timisoara_461692.html\" title=\"Reforma din s\u0103n\u0103tate \u0219i efectele utiliz\u0103rii inteligen\u021bei artificiale, dezb\u0103tute de ministrul S\u0103n\u0103t\u0103\u021bii, la Timi\u0219oara\"><img decoding=\"async\" width=\"230\" height=\"130\" src=\"https:\/\/analyse.optim.biz\/wp-content\/uploads\/2026\/01\/365272419_240232608976506_208202896908096573_n-230x130-400.jpg\" class=\"attachment-medium size-medium wp-post-image\" alt=\"Alexandru Rogobete\" loading=\"lazy\" title=\"365272419_240232608976506_208202896908096573_n-230x130-400\"><\/a><\/div>\n<h2 class=\"entry-title\"><a href=\"https:\/\/debanat.ro\/2026\/01\/reforma-din-sanatate-si-efectele-utilizarii-inteligentei-artificiale-dezbatute-de-ministrul-sanatatii-la-timisoara_461692.html\" title=\"Reforma din s\u0103n\u0103tate \u0219i efectele utiliz\u0103rii inteligen\u021bei artificiale, dezb\u0103tute de ministrul S\u0103n\u0103t\u0103\u021bii, la Timi\u0219oara\"><br \/>\n                        \t\t\t\t\t\t\t\t\tReforma din s\u0103n\u0103tate \u0219i efectele utiliz\u0103rii inteligen\u021bei artificiale, dezb\u0103tute de ministrul S\u0103n\u0103t\u0103\u021bii, la Timi\u0219oara\t\t\t\t\t\t\t                        <\/a><\/h2>\n<div class=\"entry-meta\"><time datetime=\"2026-01-30T10:55:31+02:00\" class=\"entry-date\">30.01.2026<\/time><\/div>\n<\/article>\n<article class=\"span3 has-thumbnail post-461447 post type-post status-publish format-standard has-post-thumbnail hentry category-sanatate category-sfatul-medicului tag-asist-univ-dr-noemi-suppini tag-medic-primar-pneumolog tag-pneumoftiziologie-dr-victor-babes-timisoara tag-reversia-completa-a-bronhoconstrictiei tag-testul-de-provocare-cu-metacolina content-print\">\n<div class=\"entry-thumbnail\"><a href=\"https:\/\/debanat.ro\/2026\/01\/test-de-provocare-cu-metacolina-spitalul-victor-babes-singura-unitate-sanitara-din-vestul-romaniei-care-a-implementat-aceasta-procedura_461447.html\" title=\"Test de provocare cu metacolin\u0103. Spitalul \u201eVictor Babe\u0219\u201d, singura unitate sanitar\u0103 din vestul Rom\u00e2niei care a implementat aceast\u0103 procedur\u0103\"><img decoding=\"async\" width=\"230\" height=\"130\" src=\"https:\/\/analyse.optim.biz\/wp-content\/uploads\/2026\/01\/mamograf-victor-babes-3-230x130-709.jpeg\" class=\"attachment-medium size-medium wp-post-image\" loading=\"lazy\" title=\"mamograf-victor-babes-3-230x130-709\"><\/a><\/div>\n<h2 class=\"entry-title\"><a href=\"https:\/\/debanat.ro\/2026\/01\/test-de-provocare-cu-metacolina-spitalul-victor-babes-singura-unitate-sanitara-din-vestul-romaniei-care-a-implementat-aceasta-procedura_461447.html\" title=\"Test de provocare cu metacolin\u0103. Spitalul \u201eVictor Babe\u0219\u201d, singura unitate sanitar\u0103 din vestul Rom\u00e2niei care a implementat aceast\u0103 procedur\u0103\"><br \/>\n                        \t\t\t\t\t\t\t\t\tTest de provocare cu metacolin\u0103. Spitalul \u201eVictor Babe\u0219\u201d, singura unitate sanitar\u0103 din vestul Rom\u00e2niei care a implementat aceast\u0103 procedur\u0103\t\t\t\t\t\t\t                        <\/a><\/h2>\n<div class=\"entry-meta\"><time datetime=\"2026-01-27T10:29:22+02:00\" class=\"entry-date\">27.01.2026<\/time><\/div>\n<\/article>\n<article class=\"span3 has-thumbnail post-461146 post type-post status-publish format-standard has-post-thumbnail hentry category-sanatate tag-adrian-badescu tag-cristian-vlad tag-fepam tag-medicina tag-sanatate-2 content-print\">\n<div class=\"entry-thumbnail\"><a href=\"https:\/\/debanat.ro\/2026\/01\/antreprenorii-din-sanatate-isi-unesc-vocile-prima-federatie-patronala-medicala-pluridisciplinara-cu-acoperire-nationala-membra-conaf_461146.html\" title=\"Antreprenorii din s\u0103n\u0103tate \u00ee\u0219i unesc vocile. Prima federa\u021bie patronal\u0103 medical\u0103 pluridisciplinar\u0103 cu acoperire na\u021bional\u0103, membr\u0103 CONAF\"><img decoding=\"async\" width=\"230\" height=\"130\" src=\"https:\/\/analyse.optim.biz\/wp-content\/uploads\/2026\/01\/17-230x130-721.jpg\" class=\"attachment-medium size-medium wp-post-image\" loading=\"lazy\" title=\"17-230x130-721\"><\/a><\/div>\n<h2 class=\"entry-title\"><a href=\"https:\/\/debanat.ro\/2026\/01\/antreprenorii-din-sanatate-isi-unesc-vocile-prima-federatie-patronala-medicala-pluridisciplinara-cu-acoperire-nationala-membra-conaf_461146.html\" title=\"Antreprenorii din s\u0103n\u0103tate \u00ee\u0219i unesc vocile. Prima federa\u021bie patronal\u0103 medical\u0103 pluridisciplinar\u0103 cu acoperire na\u021bional\u0103, membr\u0103 CONAF\"><br \/>\n                        \t\t\t\t\t\t\t\t\tAntreprenorii din s\u0103n\u0103tate \u00ee\u0219i unesc vocile. Prima federa\u021bie patronal\u0103 medical\u0103 pluridisciplinar\u0103 cu acoperire na\u021bional\u0103, membr\u0103 CONAF\t\t\t\t\t\t\t                        <\/a><\/h2>\n<div class=\"entry-meta\"><time datetime=\"2026-01-21T17:46:00+02:00\" class=\"entry-date\">21.01.2026<\/time><\/div>\n<\/article>\n<article class=\"span3 has-thumbnail post-460973 post type-post status-publish format-standard has-post-thumbnail hentry category-sanatate tag-clinica-ascar tag-clinica-de-cardiologie-ascar tag-prof-univ-dr-andor-minodora tag-urgente-cardiovasculare content-print\">\n<div class=\"entry-thumbnail\"><a href=\"https:\/\/debanat.ro\/2026\/01\/ambulatorul-de-cardiologie-al-clinicii-ascar-ofera-evaluare-completa-si-ingrijire-continua-pentru-pacientii-cu-boli-cardiovasculare_460973.html\" title=\"Ambulatorul de Cardiologie al Clinicii ASCAR ofer\u0103 evaluare complet\u0103 \u0219i \u00eengrijire continu\u0103 pentru pacien\u021bii cu boli cardiovasculare\"><img decoding=\"async\" width=\"230\" height=\"130\" src=\"https:\/\/analyse.optim.biz\/wp-content\/uploads\/2026\/01\/ascar-230x130-716.jpg\" class=\"attachment-medium size-medium wp-post-image\" loading=\"lazy\" title=\"ascar-230x130-716\"><\/a><\/div>\n<h2 class=\"entry-title\"><a href=\"https:\/\/debanat.ro\/2026\/01\/ambulatorul-de-cardiologie-al-clinicii-ascar-ofera-evaluare-completa-si-ingrijire-continua-pentru-pacientii-cu-boli-cardiovasculare_460973.html\" title=\"Ambulatorul de Cardiologie al Clinicii ASCAR ofer\u0103 evaluare complet\u0103 \u0219i \u00eengrijire continu\u0103 pentru pacien\u021bii cu boli cardiovasculare\"><br \/>\n                        \t\t\t\t\t\t\t\t\tAmbulatorul de Cardiologie al Clinicii ASCAR ofer\u0103 evaluare complet\u0103 \u0219i \u00eengrijire continu\u0103 pentru pacien\u021bii cu boli cardiovasculare\t\t\t\t\t\t\t                        <\/a><\/h2>\n<div class=\"entry-meta\"><time datetime=\"2026-01-20T10:24:53+02:00\" class=\"entry-date\">20.01.2026<\/time><\/div>\n<\/article>\n<article class=\"span3 has-thumbnail post-460882 post type-post status-publish format-standard has-post-thumbnail hentry category-sanatate tag-director-medical-spitalului-clinic-cf tag-dr-cosmin-gridan tag-dr-dan-surducan tag-manager-spitalului-clinic-cf tag-spitalul-clinic-cf-timisoara tag-sputalul-cfr-2025-2026 content-print\">\n<div class=\"entry-thumbnail\"><a href=\"https:\/\/debanat.ro\/2026\/01\/ambulatoriul-spitalului-clinic-cf-timisoara-extrem-de-aglomerat-peste-17-000-de-persoane-au-beneficiat-de-investigatii-gratuite-in-2025_460882.html\" title=\"Ambulatoriul Spitalului Clinic CF Timi\u0219oara, extrem de aglomerat. Peste 17.000 de persoane au beneficiat de investiga\u021bii gratuite \u00een 2025\"><img decoding=\"async\" width=\"230\" height=\"130\" src=\"https:\/\/analyse.optim.biz\/wp-content\/uploads\/2026\/01\/spitalul-cf-timisoara-230x130-59-4.jpg\" class=\"attachment-medium size-medium wp-post-image\" loading=\"lazy\" title=\"spitalul-cf-timisoara-230x130-59-4\"><\/a><\/div>\n<h2 class=\"entry-title\"><a href=\"https:\/\/debanat.ro\/2026\/01\/ambulatoriul-spitalului-clinic-cf-timisoara-extrem-de-aglomerat-peste-17-000-de-persoane-au-beneficiat-de-investigatii-gratuite-in-2025_460882.html\" title=\"Ambulatoriul Spitalului Clinic CF Timi\u0219oara, extrem de aglomerat. Peste 17.000 de persoane au beneficiat de investiga\u021bii gratuite \u00een 2025\"><br \/>\n                        \t\t\t\t\t\t\t\t\tAmbulatoriul Spitalului Clinic CF Timi\u0219oara, extrem de aglomerat. Peste 17.000 de persoane au beneficiat de investiga\u021bii gratuite \u00een 2025\t\t\t\t\t\t\t                        <\/a><\/h2>\n<div class=\"entry-meta\"><time datetime=\"2026-01-19T10:39:49+02:00\" class=\"entry-date\">19.01.2026<\/time><\/div>\n<\/article>\n<article class=\"span3 has-thumbnail post-460851 post type-post status-publish format-standard has-post-thumbnail hentry category-sanatate tag-catalina-poiana tag-colegiul-medicilor tag-medici-timis tag-medicina-de-familie content-print\">\n<div class=\"entry-thumbnail\"><a href=\"https:\/\/debanat.ro\/2026\/01\/zeci-de-localitati-din-timis-nu-au-medic-de-familie-presedintele-colegiului-medicilor-cere-implicarea-autoritatilor_460851.html\" title=\"Zeci de localit\u0103\u021bi din Timi\u0219 nu au medic de familie. Pre\u0219edintele Colegiului Medicilor cere implicarea autorit\u0103\u021bilor\"><img decoding=\"async\" width=\"230\" height=\"130\" src=\"https:\/\/analyse.optim.biz\/wp-content\/uploads\/2026\/01\/medicina-6-230x130-58-4.jpg\" class=\"attachment-medium size-medium wp-post-image\" loading=\"lazy\" title=\"medicina-6-230x130-58-4\"><\/a><\/div>\n<h2 class=\"entry-title\"><a href=\"https:\/\/debanat.ro\/2026\/01\/zeci-de-localitati-din-timis-nu-au-medic-de-familie-presedintele-colegiului-medicilor-cere-implicarea-autoritatilor_460851.html\" title=\"Zeci de localit\u0103\u021bi din Timi\u0219 nu au medic de familie. Pre\u0219edintele Colegiului Medicilor cere implicarea autorit\u0103\u021bilor\"><br \/>\n                        \t\t\t\t\t\t\t\t\tZeci de localit\u0103\u021bi din Timi\u0219 nu au medic de familie. Pre\u0219edintele Colegiului Medicilor cere implicarea autorit\u0103\u021bilor\t\t\t\t\t\t\t                        <\/a><\/h2>\n<div class=\"entry-meta\"><time datetime=\"2026-01-17T13:07:43+02:00\" class=\"entry-date\">17.01.2026<\/time><\/div>\n<\/article>\n<article class=\"span3 has-thumbnail post-460796 post type-post status-publish format-standard has-post-thumbnail hentry category-sanatate tag-burnout tag-catalina-poiana tag-colegiul-medicilor tag-dorel-sandesc content-print\">\n<div class=\"entry-thumbnail\"><a href=\"https:\/\/debanat.ro\/2026\/01\/medicii-afectati-de-burnout-dorel-sandesc-contribuie-oboseala-psihica-si-impactul-psihic-al-unui-mediu-nesigur-plin-de-tensiune-ostil_460796.html\" title=\"Medicii, afecta\u021bi de burnout. Dorel S\u0103ndesc: \u201dContribuie oboseala psihic\u0103 \u0219i impactul psihic al unui mediu nesigur, plin de tensiune, ostil\u201d\"><img decoding=\"async\" width=\"230\" height=\"130\" src=\"https:\/\/analyse.optim.biz\/wp-content\/uploads\/2026\/01\/poiana-230x130-715.jpg\" class=\"attachment-medium size-medium wp-post-image\" loading=\"lazy\" title=\"poiana-230x130-715\"><\/a><\/div>\n<h2 class=\"entry-title\"><a href=\"https:\/\/debanat.ro\/2026\/01\/medicii-afectati-de-burnout-dorel-sandesc-contribuie-oboseala-psihica-si-impactul-psihic-al-unui-mediu-nesigur-plin-de-tensiune-ostil_460796.html\" title=\"Medicii, afecta\u021bi de burnout. Dorel S\u0103ndesc: \u201dContribuie oboseala psihic\u0103 \u0219i impactul psihic al unui mediu nesigur, plin de tensiune, ostil\u201d\"><br \/>\n                        \t\t\t\t\t\t\t\t\tMedicii, afecta\u021bi de burnout. Dorel S\u0103ndesc: \u201dContribuie oboseala psihic\u0103 \u0219i impactul psihic al unui mediu nesigur, plin de tensiune, ostil\u201d\t\t\t\t\t\t\t                        <\/a><\/h2>\n<div class=\"entry-meta\"><time datetime=\"2026-01-16T16:56:29+02:00\" class=\"entry-date\">16.01.2026<\/time><\/div>\n<\/article>\n<article class=\"span3 has-thumbnail post-460547 post type-post status-publish format-standard has-post-thumbnail hentry category-sanatate tag-deseuri-medicale tag-plan tag-primaria-timisoara content-print\">\n<div class=\"entry-thumbnail\"><a href=\"https:\/\/debanat.ro\/2026\/01\/primaria-timisoara-cere-depunerea-planurilor-de-gestionare-a-deseurilor-medicale-obligatorie-pana-la-1-martie-2026_460547.html\" title=\"Prim\u0103ria Timi\u0219oara cere depunerea Planurilor de gestionare a de\u0219eurilor medicale, obligatorie p\u00e2n\u0103 la 1 martie 2026\"><img decoding=\"async\" width=\"230\" height=\"130\" src=\"https:\/\/analyse.optim.biz\/wp-content\/uploads\/2026\/01\/206220324_894602694731396_6981904365824107429_n-230x130-712.jpg\" class=\"attachment-medium size-medium wp-post-image\" loading=\"lazy\" title=\"206220324_894602694731396_6981904365824107429_n-230x130-712\"><\/a><\/div>\n<h2 class=\"entry-title\"><a href=\"https:\/\/debanat.ro\/2026\/01\/primaria-timisoara-cere-depunerea-planurilor-de-gestionare-a-deseurilor-medicale-obligatorie-pana-la-1-martie-2026_460547.html\" title=\"Prim\u0103ria Timi\u0219oara cere depunerea Planurilor de gestionare a de\u0219eurilor medicale, obligatorie p\u00e2n\u0103 la 1 martie 2026\"><br \/>\n                        \t\t\t\t\t\t\t\t\tPrim\u0103ria Timi\u0219oara cere depunerea Planurilor de gestionare a de\u0219eurilor medicale, obligatorie p\u00e2n\u0103 la 1 martie 2026\t\t\t\t\t\t\t                        <\/a><\/h2>\n<div class=\"entry-meta\"><time datetime=\"2026-01-13T10:06:52+02:00\" class=\"entry-date\">13.01.2026<\/time><\/div>\n<\/article>\n<article class=\"span3 has-thumbnail post-458939 post type-post status-publish format-standard has-post-thumbnail hentry category-sanatate tag-collaborator-65-lite tag-director-medical-al-spitalului-medlife-medicis tag-medicis tag-medlife tag-prof-univ-dr-radu-prejbeanu tag-spitalul-medlife content-print\">\n<div class=\"entry-thumbnail\"><a href=\"https:\/\/debanat.ro\/2025\/12\/eficienta-in-domeniul-sanitar-spitalul-medlife-medicis-timisoara-marcheaza-primul-an-de-existenta-un-an-de-performanta-investitii-si-excelenta-medicala_458939.html\" title=\"Eficien\u021b\u0103 \u00een domeniul sanitar! Spitalul MedLife Medici\u2019s Timi\u0219oara marcheaz\u0103 primul an de existen\u021b\u0103: un an de performan\u021b\u0103, investi\u021bii \u0219i excelen\u021b\u0103 medical\u0103\"><img decoding=\"async\" width=\"230\" height=\"130\" src=\"https:\/\/analyse.optim.biz\/wp-content\/uploads\/2026\/01\/medlife1-230x130-713.jpg\" class=\"attachment-medium size-medium wp-post-image\" loading=\"lazy\" title=\"medlife1-230x130-713\"><\/a><\/div>\n<h2 class=\"entry-title\"><a href=\"https:\/\/debanat.ro\/2025\/12\/eficienta-in-domeniul-sanitar-spitalul-medlife-medicis-timisoara-marcheaza-primul-an-de-existenta-un-an-de-performanta-investitii-si-excelenta-medicala_458939.html\" title=\"Eficien\u021b\u0103 \u00een domeniul sanitar! Spitalul MedLife Medici\u2019s Timi\u0219oara marcheaz\u0103 primul an de existen\u021b\u0103: un an de performan\u021b\u0103, investi\u021bii \u0219i excelen\u021b\u0103 medical\u0103\"><br \/>\n                        \t\t\t\t\t\t\t\t\tEficien\u021b\u0103 \u00een domeniul sanitar! Spitalul MedLife Medici\u2019s Timi\u0219oara marcheaz\u0103 primul an de existen\u021b\u0103: un an de performan\u021b\u0103, investi\u021bii \u0219i excelen\u021b\u0103 medical\u0103\t\t\t\t\t\t\t                        <\/a><\/h2>\n<div class=\"entry-meta\"><time datetime=\"2025-12-12T18:22:31+02:00\" class=\"entry-date\">12.12.2025<\/time><\/div>\n<\/article>\n<article class=\"span3 has-thumbnail post-458679 post type-post status-publish format-standard has-post-thumbnail hentry category-sanatate tag-alexandru-rogobete tag-spitalul-cfr content-print\">\n<div class=\"entry-thumbnail\"><a href=\"https:\/\/debanat.ro\/2025\/12\/transferul-spitalului-cfr-de-la-timisoara-la-un-nou-administrator-e-asteptata-in-lunile-viitoare-cel-mai-probabil-la-judetean_458679.html\" title=\"Transferul Spitalului CFR de la Timi\u0219oara la un nou administrator e a\u0219teptat\u0103 \u00een lunile viitoare. Cel mai probabil la Jude\u021bean\"><img decoding=\"async\" width=\"230\" height=\"130\" src=\"https:\/\/analyse.optim.biz\/wp-content\/uploads\/2026\/01\/cefere-640x300-1-230x130-707.jpg\" class=\"attachment-medium size-medium wp-post-image\" alt=\"Spitalul CFR Timisoara\" loading=\"lazy\" title=\"cefere-640x300-1-230x130-707\"><\/a><\/div>\n<h2 class=\"entry-title\"><a href=\"https:\/\/debanat.ro\/2025\/12\/transferul-spitalului-cfr-de-la-timisoara-la-un-nou-administrator-e-asteptata-in-lunile-viitoare-cel-mai-probabil-la-judetean_458679.html\" title=\"Transferul Spitalului CFR de la Timi\u0219oara la un nou administrator e a\u0219teptat\u0103 \u00een lunile viitoare. Cel mai probabil la Jude\u021bean\"><br \/>\n                        \t\t\t\t\t\t\t\t\tTransferul Spitalului CFR de la Timi\u0219oara la un nou administrator e a\u0219teptat\u0103 \u00een lunile viitoare. Cel mai probabil la Jude\u021bean\t\t\t\t\t\t\t                        <\/a><\/h2>\n<div class=\"entry-meta\"><time datetime=\"2025-12-09T09:36:18+02:00\" class=\"entry-date\">09.12.2025<\/time><\/div>\n<\/article>\n<article class=\"span3 has-thumbnail post-458662 post type-post status-publish format-standard has-post-thumbnail hentry category-sanatate tag-alexandru-rogobete tag-institutul-oncologic-timisoara content-print\">\n<div class=\"entry-thumbnail\"><a href=\"https:\/\/debanat.ro\/2025\/12\/problema-banilor-pentru-institutul-oncologic-timisoara-e-rezolvata-alocari-pana-in-2030-timp-de-implementare-suplimentar_458662.html\" title=\"Problema banilor pentru Institutul Oncologic Timi\u0219oara e rezolvat\u0103. Aloc\u0103ri p\u00e2n\u0103 \u00een 2030, timp de implementare suplimentar\"><img decoding=\"async\" width=\"230\" height=\"130\" src=\"https:\/\/analyse.optim.biz\/wp-content\/uploads\/2026\/01\/drogobete1-230x130-705.jpg\" class=\"attachment-medium size-medium wp-post-image\" loading=\"lazy\" title=\"drogobete1-230x130-705\"><\/a><\/div>\n<h2 class=\"entry-title\"><a href=\"https:\/\/debanat.ro\/2025\/12\/problema-banilor-pentru-institutul-oncologic-timisoara-e-rezolvata-alocari-pana-in-2030-timp-de-implementare-suplimentar_458662.html\" title=\"Problema banilor pentru Institutul Oncologic Timi\u0219oara e rezolvat\u0103. Aloc\u0103ri p\u00e2n\u0103 \u00een 2030, timp de implementare suplimentar\"><br \/>\n                        \t\t\t\t\t\t\t\t\tProblema banilor pentru Institutul Oncologic Timi\u0219oara e rezolvat\u0103. Aloc\u0103ri p\u00e2n\u0103 \u00een 2030, timp de implementare suplimentar\t\t\t\t\t\t\t                        <\/a><\/h2>\n<div class=\"entry-meta\"><time datetime=\"2025-12-08T17:50:03+02:00\" class=\"entry-date\">08.12.2025<\/time><\/div>\n<\/article>\n<article class=\"span3 has-thumbnail post-458654 post type-post status-publish format-standard has-post-thumbnail hentry category-sanatate tag-togobete-si-simonis tag-tratate-avc-timisoara content-print\">\n<div class=\"entry-thumbnail\"><a href=\"https:\/\/debanat.ro\/2025\/12\/la-timisoara-va-functiona-un-centru-pentru-tratarea-avc-dotat-cu-aparatura-de-30-de-milioane-de-lei_458654.html\" title=\"La Timi\u0219oara va func\u021biona un centru pentru tratarea AVC, dotat cu aparatur\u0103 de 30 de milioane de lei\"><img decoding=\"async\" width=\"230\" height=\"130\" src=\"https:\/\/analyse.optim.biz\/wp-content\/uploads\/2026\/01\/simonis-rogobete-230x130-707.jpg\" class=\"attachment-medium size-medium wp-post-image\" loading=\"lazy\" title=\"simonis-rogobete-230x130-707\"><\/a><\/div>\n<h2 class=\"entry-title\"><a href=\"https:\/\/debanat.ro\/2025\/12\/la-timisoara-va-functiona-un-centru-pentru-tratarea-avc-dotat-cu-aparatura-de-30-de-milioane-de-lei_458654.html\" title=\"La Timi\u0219oara va func\u021biona un centru pentru tratarea AVC, dotat cu aparatur\u0103 de 30 de milioane de lei\"><br \/>\n                        \t\t\t\t\t\t\t\t\tLa Timi\u0219oara va func\u021biona un centru pentru tratarea AVC, dotat cu aparatur\u0103 de 30 de milioane de lei\t\t\t\t\t\t\t                        <\/a><\/h2>\n<div class=\"entry-meta\"><time datetime=\"2025-12-08T16:15:18+02:00\" class=\"entry-date\">08.12.2025<\/time><\/div>\n<\/article>\n<article class=\"span3 has-thumbnail post-461679 post type-post status-publish format-standard has-post-thumbnail hentry category-timp-liber tag-ankara tag-as-tour-timisoara tag-cappadocia tag-circuit tag-istanbul tag-turcia content-print\">\n<div class=\"entry-thumbnail\"><a href=\"https:\/\/debanat.ro\/2026\/01\/as-tour-timisoara-va-propune-un-circuit-de-vis-in-turcia-istanbul-ankara-cappadocia_461679.html\" title=\"As Tour Timi\u015foara v\u0103 propune un circuit de vis \u00een Turcia: Istanbul \u2013 Ankara \u2013 Cappadocia\"><img decoding=\"async\" width=\"230\" height=\"130\" src=\"https:\/\/analyse.optim.biz\/wp-content\/uploads\/2026\/01\/img-20260127-wa0000-230x130-16-1.jpg\" class=\"attachment-medium size-medium wp-post-image\" loading=\"lazy\" title=\"img-20260127-wa0000-230x130-16-1\"><\/a><\/div>\n<h2 class=\"entry-title\"><a href=\"https:\/\/debanat.ro\/2026\/01\/as-tour-timisoara-va-propune-un-circuit-de-vis-in-turcia-istanbul-ankara-cappadocia_461679.html\" title=\"As Tour Timi\u015foara v\u0103 propune un circuit de vis \u00een Turcia: Istanbul \u2013 Ankara \u2013 Cappadocia\"><br \/>\n                        \t\t\t\t\t\t\t\t\tAs Tour Timi\u015foara v\u0103 propune un circuit de vis \u00een Turcia: Istanbul \u2013 Ankara \u2013 Cappadocia\t\t\t\t\t\t\t                        <\/a><\/h2>\n<div class=\"entry-meta\"><time datetime=\"2026-01-31T07:10:12+02:00\" class=\"entry-date\">31.01.2026<\/time><\/div>\n<\/article>\n<article class=\"span3 has-thumbnail post-461726 post type-post status-publish format-standard has-post-thumbnail hentry category-timp-liber tag-banater-zeitung tag-carnati tag-sacalaz tag-traditie tag-worschkoschtprob content-print\">\n<div class=\"entry-thumbnail\"><a href=\"https:\/\/debanat.ro\/2026\/01\/cei-mai-buni-carnati-banateni-alesi-in-cadrul-worschkoschtprob-vor-fi-stabiliti-in-acest-an-la-sacalaz_461726.html\" title=\"Cei mai buni c\u00e2rna\u021bi b\u0103n\u0103\u021beni, ale\u0219i \u00een cadrul Worschkoschtprob, vor fi stabili\u021bi \u00een acest an la S\u0103c\u0103laz\"><img decoding=\"async\" width=\"230\" height=\"130\" src=\"https:\/\/analyse.optim.biz\/wp-content\/uploads\/2026\/01\/carnati005-230x130-350.jpg\" class=\"attachment-medium size-medium wp-post-image\" loading=\"lazy\" title=\"carnati005-230x130-350\"><\/a><\/div>\n<h2 class=\"entry-title\"><a href=\"https:\/\/debanat.ro\/2026\/01\/cei-mai-buni-carnati-banateni-alesi-in-cadrul-worschkoschtprob-vor-fi-stabiliti-in-acest-an-la-sacalaz_461726.html\" title=\"Cei mai buni c\u00e2rna\u021bi b\u0103n\u0103\u021beni, ale\u0219i \u00een cadrul Worschkoschtprob, vor fi stabili\u021bi \u00een acest an la S\u0103c\u0103laz\"><br \/>\n                        \t\t\t\t\t\t\t\t\tCei mai buni c\u00e2rna\u021bi b\u0103n\u0103\u021beni, ale\u0219i \u00een cadrul Worschkoschtprob, vor fi stabili\u021bi \u00een acest an la S\u0103c\u0103laz\t\t\t\t\t\t\t                        <\/a><\/h2>\n<div class=\"entry-meta\"><time datetime=\"2026-01-30T16:07:15+02:00\" class=\"entry-date\">30.01.2026<\/time><\/div>\n<\/article>\n<article class=\"span3 has-thumbnail post-461654 post type-post status-publish format-standard has-post-thumbnail hentry category-cultura-timp-liber category-timp-liber tag-art-encounters tag-catalog tag-in-ritmul-lumii-in-tune-with-the-world tag-stefan-bertalan content-print\">\n<div class=\"entry-thumbnail\"><a href=\"https:\/\/debanat.ro\/2026\/01\/art-encounters-a-lansat-catalogul-stefan-bertalan-in-ritmul-lumii-in-tune-with-the-worl_461654.html\" title=\"Art Encounters a lansat catalogul \u0218tefan Bertalan: \u00cen ritmul lumii \/ In Tune with the Worl\"><img decoding=\"async\" width=\"230\" height=\"130\" src=\"https:\/\/analyse.optim.biz\/wp-content\/uploads\/2026\/01\/unnamed-3-230x130-417.jpg\" class=\"attachment-medium size-medium wp-post-image\" loading=\"lazy\" title=\"unnamed-3-230x130-417\"><\/a><\/div>\n<h2 class=\"entry-title\"><a href=\"https:\/\/debanat.ro\/2026\/01\/art-encounters-a-lansat-catalogul-stefan-bertalan-in-ritmul-lumii-in-tune-with-the-worl_461654.html\" title=\"Art Encounters a lansat catalogul \u0218tefan Bertalan: \u00cen ritmul lumii \/ In Tune with the Worl\"><br \/>\n                        \t\t\t\t\t\t\t\t\tArt Encounters a lansat catalogul \u0218tefan Bertalan: \u00cen ritmul lumii \/ In Tune with the Worl\t\t\t\t\t\t\t                        <\/a><\/h2>\n<div class=\"entry-meta\"><time datetime=\"2026-01-30T07:25:58+02:00\" class=\"entry-date\">30.01.2026<\/time><\/div>\n<\/article>\n<article class=\"span3 has-thumbnail post-461576 post type-post status-publish format-standard has-post-thumbnail hentry category-timp-liber tag-foodcourt tag-gasca-zurli tag-iulius-town tag-spectacol-gratuit content-print\">\n<div class=\"entry-thumbnail\"><a href=\"https:\/\/debanat.ro\/2026\/01\/gasca-zurli-spectacol-gratuit-sustinut-la-iulius-town-timisoara-in-acest-weekend_461576.html\" title=\"Ga\u0219ca Zurli, spectacol gratuit sus\u021binut la Iulius Town Timi\u0219oara, \u00een acest weekend\"><img decoding=\"async\" width=\"230\" height=\"130\" src=\"https:\/\/analyse.optim.biz\/wp-content\/uploads\/2026\/01\/014-230x130-554.png\" class=\"attachment-medium size-medium wp-post-image\" loading=\"lazy\" title=\"014-230x130-554\"><\/a><\/div>\n<h2 class=\"entry-title\"><a href=\"https:\/\/debanat.ro\/2026\/01\/gasca-zurli-spectacol-gratuit-sustinut-la-iulius-town-timisoara-in-acest-weekend_461576.html\" title=\"Ga\u0219ca Zurli, spectacol gratuit sus\u021binut la Iulius Town Timi\u0219oara, \u00een acest weekend\"><br \/>\n                        \t\t\t\t\t\t\t\t\tGa\u0219ca Zurli, spectacol gratuit sus\u021binut la Iulius Town Timi\u0219oara, \u00een acest weekend\t\t\t\t\t\t\t                        <\/a><\/h2>\n<div class=\"entry-meta\"><time datetime=\"2026-01-29T07:03:54+02:00\" class=\"entry-date\">29.01.2026<\/time><\/div>\n<\/article>\n<article class=\"span3 has-thumbnail post-461211 post type-post status-publish format-standard has-post-thumbnail hentry category-timp-liber tag-as-tour tag-budapesta content-print\">\n<div class=\"entry-thumbnail\"><a href=\"https:\/\/debanat.ro\/2026\/01\/descoperiti-bijuteriile-budapestei-intr-o-singura-zi-cu-as-tour-timisoara_461211.html\" title=\"Descoperi\u0163i bijuteriile Budapestei \u00eentr-o singur\u0103 zi, cu As Tour Timi\u015foara\"><img decoding=\"async\" width=\"230\" height=\"130\" src=\"https:\/\/analyse.optim.biz\/wp-content\/uploads\/2026\/01\/poza-promovare-produs-230x130-39-2.jpg\" class=\"attachment-medium size-medium wp-post-image\" loading=\"lazy\" title=\"poza-promovare-produs-230x130-39-2\"><\/a><\/div>\n<h2 class=\"entry-title\"><a href=\"https:\/\/debanat.ro\/2026\/01\/descoperiti-bijuteriile-budapestei-intr-o-singura-zi-cu-as-tour-timisoara_461211.html\" title=\"Descoperi\u0163i bijuteriile Budapestei \u00eentr-o singur\u0103 zi, cu As Tour Timi\u015foara\"><br \/>\n                        \t\t\t\t\t\t\t\t\tDescoperi\u0163i bijuteriile Budapestei \u00eentr-o singur\u0103 zi, cu As Tour Timi\u015foara\t\t\t\t\t\t\t                        <\/a><\/h2>\n<div class=\"entry-meta\"><time datetime=\"2026-01-24T07:02:56+02:00\" class=\"entry-date\">24.01.2026<\/time><\/div>\n<\/article>\n<article class=\"span3 has-thumbnail post-461223 post type-post status-publish format-standard has-post-thumbnail hentry category-cultura-timp-liber category-timp-liber tag-festivalul-concurs-lada-cu-zestre tag-lada-cu-zestre-2026 tag-zestrea-timisului content-print\">\n<div class=\"entry-thumbnail\"><a href=\"https:\/\/debanat.ro\/2026\/01\/au-inceput-inscrierile-pentru-festivalul-concurs-lada-cu-zestre-editia-a-xix-a-2026_461223.html\" title=\"Au \u00eenceput \u00eenscrierile pentru Festivalul-Concurs \u201dLada cu Zestre\u201d, edi\u021bia a XIX-a, 2026\"><img decoding=\"async\" width=\"230\" height=\"130\" src=\"https:\/\/analyse.optim.biz\/wp-content\/uploads\/2026\/01\/1-2-230x130-697.jpg\" class=\"attachment-medium size-medium wp-post-image\" loading=\"lazy\" title=\"1-2-230x130-697\"><\/a><\/div>\n<h2 class=\"entry-title\"><a href=\"https:\/\/debanat.ro\/2026\/01\/au-inceput-inscrierile-pentru-festivalul-concurs-lada-cu-zestre-editia-a-xix-a-2026_461223.html\" title=\"Au \u00eenceput \u00eenscrierile pentru Festivalul-Concurs \u201dLada cu Zestre\u201d, edi\u021bia a XIX-a, 2026\"><br \/>\n                        \t\t\t\t\t\t\t\t\tAu \u00eenceput \u00eenscrierile pentru Festivalul-Concurs \u201dLada cu Zestre\u201d, edi\u021bia a XIX-a, 2026\t\t\t\t\t\t\t                        <\/a><\/h2>\n<div class=\"entry-meta\"><time datetime=\"2026-01-23T07:03:50+02:00\" class=\"entry-date\">23.01.2026<\/time><\/div>\n<\/article>\n<article class=\"span3 has-thumbnail post-461108 post type-post status-publish format-standard has-post-thumbnail hentry category-timp-liber tag-casino tag-sloturi content-print\">\n<div class=\"entry-thumbnail\"><a href=\"https:\/\/debanat.ro\/2026\/01\/trenduri-online-casino-in-2026-pe-segmentul-de-sloturi-si-jocuri-de-masa_461108.html\" title=\"Trenduri online casino \u00een 2026, pe segmentul de sloturi \u0219i jocuri de mas\u0103\"><img decoding=\"async\" width=\"230\" height=\"130\" src=\"https:\/\/analyse.optim.biz\/wp-content\/uploads\/2026\/01\/featured-image9-230x130-695.jpg\" class=\"attachment-medium size-medium wp-post-image\" loading=\"lazy\" title=\"featured-image9-230x130-695\"><\/a><\/div>\n<h2 class=\"entry-title\"><a href=\"https:\/\/debanat.ro\/2026\/01\/trenduri-online-casino-in-2026-pe-segmentul-de-sloturi-si-jocuri-de-masa_461108.html\" title=\"Trenduri online casino \u00een 2026, pe segmentul de sloturi \u0219i jocuri de mas\u0103\"><br \/>\n                        \t\t\t\t\t\t\t\t\tTrenduri online casino \u00een 2026, pe segmentul de sloturi \u0219i jocuri de mas\u0103\t\t\t\t\t\t\t                        <\/a><\/h2>\n<div class=\"entry-meta\"><time datetime=\"2026-01-22T07:01:32+02:00\" class=\"entry-date\">22.01.2026<\/time><\/div>\n<\/article>\n<article class=\"span3 has-thumbnail post-461090 post type-post status-publish format-standard has-post-thumbnail hentry category-timp-liber tag-casino tag-euforie content-print\">\n<div class=\"entry-thumbnail\"><a href=\"https:\/\/debanat.ro\/2026\/01\/de-ce-euforia-castigurilor-ar-trebui-temperata-atunci-cand-castigi-la-jocuri-de-cazino-online-tehnici-utile_461090.html\" title=\"De ce euforia c\u00e2\u0219tigurilor ar trebui temperat\u0103 atunci c\u00e2nd c\u00e2\u0219tigi la jocuri de cazino online: tehnici utile\"><img decoding=\"async\" width=\"230\" height=\"130\" src=\"https:\/\/analyse.optim.biz\/wp-content\/uploads\/2026\/01\/featured-image8-230x130-695.jpg\" class=\"attachment-medium size-medium wp-post-image\" loading=\"lazy\" title=\"featured-image8-230x130-695\"><\/a><\/div>\n<h2 class=\"entry-title\"><a href=\"https:\/\/debanat.ro\/2026\/01\/de-ce-euforia-castigurilor-ar-trebui-temperata-atunci-cand-castigi-la-jocuri-de-cazino-online-tehnici-utile_461090.html\" title=\"De ce euforia c\u00e2\u0219tigurilor ar trebui temperat\u0103 atunci c\u00e2nd c\u00e2\u0219tigi la jocuri de cazino online: tehnici utile\"><br \/>\n                        \t\t\t\t\t\t\t\t\tDe ce euforia c\u00e2\u0219tigurilor ar trebui temperat\u0103 atunci c\u00e2nd c\u00e2\u0219tigi la jocuri de cazino online: tehnici utile\t\t\t\t\t\t\t                        <\/a><\/h2>\n<div class=\"entry-meta\"><time datetime=\"2026-01-21T14:23:42+02:00\" class=\"entry-date\">21.01.2026<\/time><\/div>\n<\/article>\n<article class=\"span3 has-thumbnail post-460968 post type-post status-publish format-standard has-post-thumbnail hentry category-cultura-timp-liber category-timp-liber tag-expozitie tag-fundatia-art-encounters content-print\">\n<div class=\"entry-thumbnail\"><a href=\"https:\/\/debanat.ro\/2026\/01\/la-fundatia-art-encounters-se-deschide-pe-23-ianuarie-expozitia-pictorului-radu-oreian-retinal-vertigo_460968.html\" title=\"La Funda\u021bia Art Encounters se deschide pe 23 ianuarie expozi\u021bia pictorului Radu Oreian, Retinal Vertigo\"><img decoding=\"async\" width=\"230\" height=\"130\" src=\"https:\/\/analyse.optim.biz\/wp-content\/uploads\/2026\/01\/unnamed-230x130-693.jpg\" class=\"attachment-medium size-medium wp-post-image\" loading=\"lazy\" title=\"unnamed-230x130-693\"><\/a><\/div>\n<h2 class=\"entry-title\"><a href=\"https:\/\/debanat.ro\/2026\/01\/la-fundatia-art-encounters-se-deschide-pe-23-ianuarie-expozitia-pictorului-radu-oreian-retinal-vertigo_460968.html\" title=\"La Funda\u021bia Art Encounters se deschide pe 23 ianuarie expozi\u021bia pictorului Radu Oreian, Retinal Vertigo\"><br \/>\n                        \t\t\t\t\t\t\t\t\tLa Funda\u021bia Art Encounters se deschide pe 23 ianuarie expozi\u021bia pictorului Radu Oreian, Retinal Vertigo\t\t\t\t\t\t\t                        <\/a><\/h2>\n<div class=\"entry-meta\"><time datetime=\"2026-01-20T09:50:30+02:00\" class=\"entry-date\">20.01.2026<\/time><\/div>\n<\/article>\n<article class=\"span3 has-thumbnail post-460736 post type-post status-publish format-standard has-post-thumbnail hentry category-timp-liber tag-iulis-town tag-tarantule-si-reptile-vii tag-teatru-copii content-print\">\n<div class=\"entry-thumbnail\"><a href=\"https:\/\/debanat.ro\/2026\/01\/weekend-ul-copiilor-la-iulius-town-expozitie-educativa-de-tarantule-si-reptile-vii-si-teatru-de-papusi_460736.html\" title=\"Weekend-ul copiilor, la Iulius Town: Expozi\u021bie educativ\u0103 de Tarantule \u0219i reptile vii \u0219i Teatru de P\u0103pu\u0219i\"><img decoding=\"async\" width=\"230\" height=\"130\" src=\"https:\/\/analyse.optim.biz\/wp-content\/uploads\/2026\/01\/0352-230x130-692.jpg\" class=\"attachment-medium size-medium wp-post-image\" loading=\"lazy\" title=\"0352-230x130-692\"><\/a><\/div>\n<h2 class=\"entry-title\"><a href=\"https:\/\/debanat.ro\/2026\/01\/weekend-ul-copiilor-la-iulius-town-expozitie-educativa-de-tarantule-si-reptile-vii-si-teatru-de-papusi_460736.html\" title=\"Weekend-ul copiilor, la Iulius Town: Expozi\u021bie educativ\u0103 de Tarantule \u0219i reptile vii \u0219i Teatru de P\u0103pu\u0219i\"><br \/>\n                        \t\t\t\t\t\t\t\t\tWeekend-ul copiilor, la Iulius Town: Expozi\u021bie educativ\u0103 de Tarantule \u0219i reptile vii \u0219i Teatru de P\u0103pu\u0219i\t\t\t\t\t\t\t                        <\/a><\/h2>\n<div class=\"entry-meta\"><time datetime=\"2026-01-16T07:32:45+02:00\" class=\"entry-date\">16.01.2026<\/time><\/div>\n<\/article>\n<article class=\"span3 has-thumbnail post-460698 post type-post status-publish format-standard has-post-thumbnail hentry category-timp-liber tag-brad tag-decoratiuni tag-ioulius-town content-print\">\n<div class=\"entry-thumbnail\"><a href=\"https:\/\/debanat.ro\/2026\/01\/sambata-e-marea-descraciuneala-la-iulius-town-iar-vizitatorii-pot-pleca-acasa-cu-una-dintre-decoratiunile-led-din-brad_460698.html\" title=\"S\u00e2mb\u0103t\u0103 e \u201eMarea Descr\u0103ciuneal\u0103\u201d la Iulius Town, iar vizitatorii pot pleca acas\u0103 cu una dintre decora\u021biunile LED din brad\"><img decoding=\"async\" width=\"230\" height=\"130\" src=\"https:\/\/analyse.optim.biz\/wp-content\/uploads\/2026\/01\/141-230x130-687.jpg\" class=\"attachment-medium size-medium wp-post-image\" loading=\"lazy\" title=\"141-230x130-687\"><\/a><\/div>\n<h2 class=\"entry-title\"><a href=\"https:\/\/debanat.ro\/2026\/01\/sambata-e-marea-descraciuneala-la-iulius-town-iar-vizitatorii-pot-pleca-acasa-cu-una-dintre-decoratiunile-led-din-brad_460698.html\" title=\"S\u00e2mb\u0103t\u0103 e \u201eMarea Descr\u0103ciuneal\u0103\u201d la Iulius Town, iar vizitatorii pot pleca acas\u0103 cu una dintre decora\u021biunile LED din brad\"><br \/>\n                        \t\t\t\t\t\t\t\t\tS\u00e2mb\u0103t\u0103 e \u201eMarea Descr\u0103ciuneal\u0103\u201d la Iulius Town, iar vizitatorii pot pleca acas\u0103 cu una dintre decora\u021biunile LED din brad\t\t\t\t\t\t\t                        <\/a><\/h2>\n<div class=\"entry-meta\"><time datetime=\"2026-01-15T10:02:27+02:00\" class=\"entry-date\">15.01.2026<\/time><\/div>\n<\/article>\n<article class=\"span3 has-thumbnail post-460691 post type-post status-publish format-standard has-post-thumbnail hentry category-cultura-timp-liber category-timp-liber category-unde-mergem tag-autenticitate tag-festivalul-concurs-gelu-stan-2026 tag-folclor tag-procultura-timisiensis tag-teatrul-traian-grozavescu-din-lugoj tag-traditie content-print\">\n<div class=\"entry-thumbnail\"><a href=\"https:\/\/debanat.ro\/2026\/01\/incep-inscrierile-la-unul-din-cele-mai-asteptate-concursuri-populare-festivalul-gelu-stan-a-ajuns-la-editia-a-viii-a_460691.html\" title=\"\u00cencep \u00eenscrierile la unul din cele mai a\u0219teptate concursuri populare. Festivalul Gelu Stan a ajuns la edi\u021bia a VIII-a\"><img decoding=\"async\" width=\"230\" height=\"130\" src=\"https:\/\/analyse.optim.biz\/wp-content\/uploads\/2026\/01\/gelu-stan-8-230x130-689.jpg\" class=\"attachment-medium size-medium wp-post-image\" loading=\"lazy\" title=\"gelu-stan-8-230x130-689\"><\/a><\/div>\n<h2 class=\"entry-title\"><a href=\"https:\/\/debanat.ro\/2026\/01\/incep-inscrierile-la-unul-din-cele-mai-asteptate-concursuri-populare-festivalul-gelu-stan-a-ajuns-la-editia-a-viii-a_460691.html\" title=\"\u00cencep \u00eenscrierile la unul din cele mai a\u0219teptate concursuri populare. Festivalul Gelu Stan a ajuns la edi\u021bia a VIII-a\"><br \/>\n                        \t\t\t\t\t\t\t\t\t\u00cencep \u00eenscrierile la unul din cele mai a\u0219teptate concursuri populare. Festivalul Gelu Stan a ajuns la edi\u021bia a VIII-a\t\t\t\t\t\t\t                        <\/a><\/h2>\n<div class=\"entry-meta\"><time datetime=\"2026-01-15T07:35:53+02:00\" class=\"entry-date\">15.01.2026<\/time><\/div>\n<\/article>\n<article class=\"has-thumbnail post-461702 post type-post status-publish format-standard has-post-thumbnail hentry category-economic tag-arad-oradea tag-cnair tag-constructorul-turc-nurol-insaat-ve-ticaret-anonim-sirketi tag-contract-de-executie tag-drum-expres content-print\">\n<div class=\"entry-thumbnail fixed\"><a href=\"https:\/\/debanat.ro\/2026\/01\/toate-cele-trei-segmente-ale-drumului-expres-arad-oradea-au-contracte-semnate-pentru-executie_461702.html\" title=\"Permalink to Toate cele trei segmente ale drumului expres Arad \u2013 Oradea au contracte semnate pentru execu\u021bie\" rel=\"bookmark\"><img decoding=\"async\" width=\"700\" height=\"435\" src=\"https:\/\/analyse.optim.biz\/wp-content\/uploads\/2026\/01\/pag-14-1-700x435-355.jpg\" class=\"attachment-hp_article_big size-hp_article_big wp-post-image\" loading=\"lazy\" title=\"pag-14-1-700x435-355\"><\/a><\/div>\n<div class=\"post-inner\">\n<header class=\"entry-header\">\n<h2 class=\"entry-title\"><a href=\"https:\/\/debanat.ro\/2026\/01\/toate-cele-trei-segmente-ale-drumului-expres-arad-oradea-au-contracte-semnate-pentru-executie_461702.html\" title=\"Permalink to Toate cele trei segmente ale drumului expres Arad \u2013 Oradea au contracte semnate pentru execu\u021bie\" rel=\"bookmark\"><br \/>\n                        \t\t\t\t\t\t\t\t\t\t\tToate cele trei segmente ale drumului expres Arad \u2013 Oradea au contracte semnate pentru execu\u021bie\t\t\t\t\t\t\t\t                        \t<\/a><\/h2>\n<div class=\"entry-meta entry-meta-top\">\n\t                        30 ianuarie 2026<br \/>\n\t                        de:\t                                <a href=\"https:\/\/debanat.ro\/author\/hoster\" rel=\"author\">Marcel Hoster<\/a><\/div>\n<\/header>\n<div class=\"entry-content\">\n                    \tCNAIR a semnat contractul de execu\u021bie pentru ultimul din seria de trei contracte pentru realizarea unui drum expres \u00eentre Arad \u0219i Oradea, acest proiect \u201dlu\u00e2nd fa\u021ba\u201d celui privind realizarea autostr\u0103zii Timi\u0219oara \u2013 Moravi\u021ba. \u00cen acest moment, pe \u00eentreaga lungime de 120.47 de kilometri ai \u00eentregului Drum Expres Arad-Oradea sunt contracte parafate cu constructorii. Joi a&#8230;                    \t<br \/><a href=\"https:\/\/debanat.ro\/2026\/01\/toate-cele-trei-segmente-ale-drumului-expres-arad-oradea-au-contracte-semnate-pentru-executie_461702.html\" class=\"read_more\" title=\"Permanent Link to Toate cele trei segmente ale drumului expres Arad \u2013 Oradea au contracte semnate pentru execu\u021bie\">Cite\u015fte tot articolul<\/a><img decoding=\"async\" alt=\"Citeste articolul Final de poveste \u00een disputa cu prim\u0103ria? Directorul Direc\u021biei de Cultur\u0103 Timi\u0219 scrie despre pasarela pietonal\u0103 peste Bega\" src=\"https:\/\/analyse.optim.biz\/wp-content\/uploads\/2026\/01\/arr_red-920.png\" title=\"arr_red-920\"><\/div>\n<footer class=\"entry-meta entry-meta-bottom\"><span class=\"tags-links\"><br \/>\n\t\t                    Etichete: <a href=\"https:\/\/debanat.ro\/stiri-despre\/arad-oradea\" rel=\"tag\">arad-oradea<\/a>, <a href=\"https:\/\/debanat.ro\/stiri-despre\/cnair\" rel=\"tag\">cnair<\/a>, <a href=\"https:\/\/debanat.ro\/stiri-despre\/constructorul-turc-nurol-insaat-ve-ticaret-anonim-sirketi\" rel=\"tag\">Constructorul turc (Nurol \u0130nsaat Ve T\u0130caret Anon\u0130m S\u0130rket\u0130)<\/a>, <a href=\"https:\/\/debanat.ro\/stiri-despre\/contract-de-executie\" rel=\"tag\">contract de execu\u021bie<\/a>, <a href=\"https:\/\/debanat.ro\/stiri-despre\/drum-expres\" rel=\"tag\">drum expr\u00e8s<\/a><\/span><\/footer>\n<\/div>\n<\/article>\n<div class=\"entry-content\">\n                    \tCNAIR a semnat contractul de execu\u021bie pentru ultimul din seria de trei contracte pentru realizarea unui drum expres \u00eentre Arad \u0219i Oradea, acest proiect \u201dlu\u00e2nd fa\u021ba\u201d celui privind realizarea autostr\u0103zii Timi\u0219oara \u2013 Moravi\u021ba. \u00cen acest moment, pe \u00eentreaga lungime de 120.47 de kilometri ai \u00eentregului Drum Expres Arad-Oradea sunt contracte parafate cu constructorii. Joi a&#8230;                    \t<br \/><a href=\"https:\/\/debanat.ro\/2026\/01\/toate-cele-trei-segmente-ale-drumului-expres-arad-oradea-au-contracte-semnate-pentru-executie_461702.html\" class=\"read_more\" title=\"Permanent Link to Toate cele trei segmente ale drumului expres Arad \u2013 Oradea au contracte semnate pentru execu\u021bie\">Cite\u015fte tot articolul<\/a><img decoding=\"async\" alt=\"Citeste articolul Final de poveste \u00een disputa cu prim\u0103ria? Directorul Direc\u021biei de Cultur\u0103 Timi\u0219 scrie despre pasarela pietonal\u0103 peste Bega\" src=\"https:\/\/analyse.optim.biz\/wp-content\/uploads\/2026\/01\/arr_red-920.png\" title=\"arr_red-920\"><\/div>\n<article class=\"has-thumbnail post-461564 post type-post status-publish format-standard has-post-thumbnail hentry category-economic tag-pasarela-gara-de-nord-timisoara content-print\">\n<div class=\"full_img\">\n<div class=\"entry-thumbnail\"><a href=\"https:\/\/debanat.ro\/2026\/01\/se-lucreaza-in-continuare-la-o-noua-pasarela-pietonala-la-gara-de-nord-video_461564.html\" title=\"Permalink to Se lucreaz\u0103 \u00een continuare la o nou\u0103 pasarel\u0103 pietonal\u0103 la Gara de Nord\/VIDEO\" rel=\"bookmark\"><img decoding=\"async\" width=\"209\" height=\"130\" src=\"https:\/\/analyse.optim.biz\/wp-content\/uploads\/2026\/01\/garaaia-209x130-355.jpg\" class=\"attachment-hp_art_trei size-hp_art_trei wp-post-image\" loading=\"lazy\" title=\"garaaia-209x130-355\"><\/a><\/div>\n<div class=\"entry-meta\">\n\t                        28 ianuarie 2026\n\t                        \t                        <\/div>\n<h2 class=\"entry-title\"><a href=\"https:\/\/debanat.ro\/2026\/01\/se-lucreaza-in-continuare-la-o-noua-pasarela-pietonala-la-gara-de-nord-video_461564.html\" title=\"Permalink to Se lucreaz\u0103 \u00een continuare la o nou\u0103 pasarel\u0103 pietonal\u0103 la Gara de Nord\/VIDEO\" rel=\"bookmark\"><br \/>\n                        \t\t\t\t\t\t\t\t\t\t\tSe lucreaz\u0103 \u00een continuare la o nou\u0103 pasarel\u0103 pietonal\u0103 la Gara de Nord\/VIDEO\t\t\t\t\t\t\t\t                        \t<\/a><\/h2>\n<div class=\"entry-meta\">\n<p>                    \t\tde:\t                                <a href=\"https:\/\/debanat.ro\/author\/hoster\" rel=\"author\">Marcel Hoster<\/a><\/div>\n<\/div>\n<\/article>\n<article class=\"has-thumbnail post-461391 post type-post status-publish format-standard has-post-thumbnail hentry category-economic tag-aniversare tag-continental-anvelope tag-contributor tag-implicare tag-timisoara tag-transparenta content-print\">\n<div class=\"full_img\">\n<div class=\"entry-thumbnail\"><a href=\"https:\/\/debanat.ro\/2026\/01\/continental-anvelope-implineste-25-de-ani-de-activitate-la-timisoara-si-de-implicare-in-comunitatea-locala_461391.html\" title=\"Permalink to Continental Anvelope \u00eempline\u0219te 25 de ani de activitate la Timi\u0219oara \u0219i de implicare \u00een comunitatea local\u0103\" rel=\"bookmark\"><img decoding=\"async\" width=\"209\" height=\"130\" src=\"https:\/\/analyse.optim.biz\/wp-content\/uploads\/2026\/01\/083-209x130-612.jpg\" class=\"attachment-hp_art_trei size-hp_art_trei wp-post-image\" loading=\"lazy\" title=\"083-209x130-612\"><\/a><\/div>\n<div class=\"entry-meta\">\n\t                        26 ianuarie 2026\n\t                        \t                        <\/div>\n<h2 class=\"entry-title\"><a href=\"https:\/\/debanat.ro\/2026\/01\/continental-anvelope-implineste-25-de-ani-de-activitate-la-timisoara-si-de-implicare-in-comunitatea-locala_461391.html\" title=\"Permalink to Continental Anvelope \u00eempline\u0219te 25 de ani de activitate la Timi\u0219oara \u0219i de implicare \u00een comunitatea local\u0103\" rel=\"bookmark\"><br \/>\n                        \t\t\t\t\t\t\t\t\t\t\tContinental Anvelope \u00eempline\u0219te 25 de ani de activitate la Timi\u0219oara \u0219i de implicare \u00een comunitatea local\u0103\t\t\t\t\t\t\t\t                        \t<\/a><\/h2>\n<div class=\"entry-meta\">\n<p>                    \t\tde:\t                                <a href=\"https:\/\/debanat.ro\/author\/hoster\" rel=\"author\">Marcel Hoster<\/a><\/div>\n<\/div>\n<\/article>\n<article class=\"has-thumbnail post-461378 post type-post status-publish format-standard has-post-thumbnail hentry category-economic tag-bilbao tag-ccia-timis tag-misiune-economica tag-tara-bascilor content-print\">\n<div class=\"full_img\">\n<div class=\"entry-thumbnail\"><a href=\"https:\/\/debanat.ro\/2026\/01\/ccia-timis-organizeaza-o-misiune-economica-timiseana-in-tara-bascilor_461378.html\" title=\"Permalink to CCIA Timi\u0219 organizeaz\u0103 o misiune economic\u0103 timi\u0219ean\u0103 \u00een \u021aara Bascilor\" rel=\"bookmark\"><img decoding=\"async\" width=\"209\" height=\"130\" src=\"https:\/\/analyse.optim.biz\/wp-content\/uploads\/2026\/01\/museo_guggenheim_bilbao_31273245344-209x130-25-18.jpg\" class=\"attachment-hp_art_trei size-hp_art_trei wp-post-image\" loading=\"lazy\" title=\"museo_guggenheim_bilbao_31273245344-209x130-25-18\"><\/a><\/div>\n<div class=\"entry-meta\">\n\t                        26 ianuarie 2026\n\t                        \t                        <\/div>\n<h2 class=\"entry-title\"><a href=\"https:\/\/debanat.ro\/2026\/01\/ccia-timis-organizeaza-o-misiune-economica-timiseana-in-tara-bascilor_461378.html\" title=\"Permalink to CCIA Timi\u0219 organizeaz\u0103 o misiune economic\u0103 timi\u0219ean\u0103 \u00een \u021aara Bascilor\" rel=\"bookmark\"><br \/>\n                        \t\t\t\t\t\t\t\t\t\t\tCCIA Timi\u0219 organizeaz\u0103 o misiune economic\u0103 timi\u0219ean\u0103 \u00een \u021aara Bascilor\t\t\t\t\t\t\t\t                        \t<\/a><\/h2>\n<div class=\"entry-meta\">\n<p>                    \t\tde:\t                                <a href=\"https:\/\/debanat.ro\/author\/hoster\" rel=\"author\">Marcel Hoster<\/a><\/div>\n<\/div>\n<\/article>\n<article class=\"span3 has-thumbnail post-456033 post type-post status-publish format-standard has-post-thumbnail hentry category-invatamant-3 tag-timisoara-ideas-fest tag-universitatea-de-vest-timisoara content-print\">\n<div class=\"entry-thumbnail\"><a href=\"https:\/\/debanat.ro\/2025\/11\/la-uvt-va-avea-loc-timisoara-ideas-fest-radu-paraschivescu-marian-voicu-vlad-petreanu-moise-guran-mihai-maci-invitati_456033.html\" title=\"La UVT va avea loc Timi\u0219oara Ideas Fest. Radu Paraschivescu, Marian Voicu, Vlad Petreanu, Moise Guran, Mihai Maci, invita\u021bi\"><img decoding=\"async\" width=\"230\" height=\"130\" src=\"https:\/\/analyse.optim.biz\/wp-content\/uploads\/2026\/01\/ideas-230x130-681.jpg\" class=\"attachment-medium size-medium wp-post-image\" loading=\"lazy\" title=\"ideas-230x130-681\"><\/a><\/div>\n<h2 class=\"entry-title\"><a href=\"https:\/\/debanat.ro\/2025\/11\/la-uvt-va-avea-loc-timisoara-ideas-fest-radu-paraschivescu-marian-voicu-vlad-petreanu-moise-guran-mihai-maci-invitati_456033.html\" title=\"La UVT va avea loc Timi\u0219oara Ideas Fest. Radu Paraschivescu, Marian Voicu, Vlad Petreanu, Moise Guran, Mihai Maci, invita\u021bi\"><br \/>\n                        \t\t\t\t\t\t\t\t\tLa UVT va avea loc Timi\u0219oara Ideas Fest. Radu Paraschivescu, Marian Voicu, Vlad Petreanu, Moise Guran, Mihai Maci, invita\u021bi\t\t\t\t\t\t\t                        <\/a><\/h2>\n<div class=\"entry-meta\"><time datetime=\"2025-11-02T14:16:14+02:00\" class=\"entry-date\">02.11.2025<\/time><\/div>\n<\/article>\n<article class=\"span3 post-451736 post type-post status-publish format-standard hentry category-invatamant-3 tag-facultatea-de-economie-si-de-administrarea-a-afacerilor tag-master tag-uvt content-print\">\n<h2 class=\"entry-title\"><a href=\"https:\/\/debanat.ro\/2025\/09\/vreti-o-diploma-mba-o-puteti-obtine-la-universitatea-de-vest-timisoara_451736.html\" title=\"Vre\u021bi o diplom\u0103 MBA? O pute\u021bi ob\u021bine la Universitatea de Vest Timi\u0219oara\"><br \/>\n                        \t\t\t\t\t\t\t\t\tVre\u021bi o diplom\u0103 MBA? O pute\u021bi ob\u021bine la Universitatea de Vest Timi\u0219oara\t\t\t\t\t\t\t                        <\/a><\/h2>\n<div class=\"entry-meta\"><time datetime=\"2025-09-03T10:20:26+03:00\" class=\"entry-date\">03.09.2025<\/time><\/div>\n<\/article>\n<article class=\"span3 has-thumbnail post-451390 post type-post status-publish format-standard has-post-thumbnail hentry category-invatamant-3 tag-marilen-gabriel-pirtea tag-robotica tag-uvt content-print\">\n<div class=\"entry-thumbnail\"><a href=\"https:\/\/debanat.ro\/2025\/08\/patru-zile-de-robotica-tehnologie-si-creativitate-la-uvt-in-cadrul-open-robotics-intelligent-grid-2025_451390.html\" title=\"Patru zile de robotic\u0103, tehnologie \u0219i creativitate la UVT, \u00een cadrul Open Robotics Intelligent Grid 2025\"><img decoding=\"async\" width=\"230\" height=\"130\" src=\"https:\/\/analyse.optim.biz\/wp-content\/uploads\/2026\/01\/robot-230x130-681.jpg\" class=\"attachment-medium size-medium wp-post-image\" loading=\"lazy\" title=\"robot-230x130-681\"><\/a><\/div>\n<h2 class=\"entry-title\"><a href=\"https:\/\/debanat.ro\/2025\/08\/patru-zile-de-robotica-tehnologie-si-creativitate-la-uvt-in-cadrul-open-robotics-intelligent-grid-2025_451390.html\" title=\"Patru zile de robotic\u0103, tehnologie \u0219i creativitate la UVT, \u00een cadrul Open Robotics Intelligent Grid 2025\"><br \/>\n                        \t\t\t\t\t\t\t\t\tPatru zile de robotic\u0103, tehnologie \u0219i creativitate la UVT, \u00een cadrul Open Robotics Intelligent Grid 2025\t\t\t\t\t\t\t                        <\/a><\/h2>\n<div class=\"entry-meta\"><time datetime=\"2025-08-29T11:17:38+03:00\" class=\"entry-date\">29.08.2025<\/time><\/div>\n<\/article>\n<article class=\"span3 has-thumbnail post-451205 post type-post status-publish format-standard has-post-thumbnail hentry category-invatamant-3 tag-echipa-de-robotica tag-marilen-gabriel-pirtea tag-uvt content-print\">\n<div class=\"entry-thumbnail\"><a href=\"https:\/\/debanat.ro\/2025\/08\/uvt-antreneaza-echipa-de-robotica-ce-va-reprezenta-romania-la-competitia-internationala-first-global-challenge-2025_451205.html\" title=\"UVT antreneaz\u0103 echipa de robotic\u0103 ce va reprezenta Rom\u00e2nia la competi\u021bia interna\u021bional\u0103 \u201eFIRST Global Challenge 2025\u201d\"><img decoding=\"async\" width=\"230\" height=\"130\" src=\"https:\/\/analyse.optim.biz\/wp-content\/uploads\/2026\/01\/celengi-230x130-679.jpg\" class=\"attachment-medium size-medium wp-post-image\" loading=\"lazy\" title=\"celengi-230x130-679\"><\/a><\/div>\n<h2 class=\"entry-title\"><a href=\"https:\/\/debanat.ro\/2025\/08\/uvt-antreneaza-echipa-de-robotica-ce-va-reprezenta-romania-la-competitia-internationala-first-global-challenge-2025_451205.html\" title=\"UVT antreneaz\u0103 echipa de robotic\u0103 ce va reprezenta Rom\u00e2nia la competi\u021bia interna\u021bional\u0103 \u201eFIRST Global Challenge 2025\u201d\"><br \/>\n                        \t\t\t\t\t\t\t\t\tUVT antreneaz\u0103 echipa de robotic\u0103 ce va reprezenta Rom\u00e2nia la competi\u021bia interna\u021bional\u0103 \u201eFIRST Global Challenge 2025\u201d\t\t\t\t\t\t\t                        <\/a><\/h2>\n<div class=\"entry-meta\"><time datetime=\"2025-08-27T11:55:52+03:00\" class=\"entry-date\">27.08.2025<\/time><\/div>\n<\/article>\n<article class=\"span3 has-thumbnail post-450881 post type-post status-publish format-standard has-post-thumbnail hentry category-invatamant-3 tag-fondul-de-modernizare tag-seap tag-universitatea-de-vest content-print\">\n<div class=\"entry-thumbnail\"><a href=\"https:\/\/debanat.ro\/2025\/08\/universitatea-de-vest-timisoara-isi-face-centrala-fotovoltaica-cu-peste-4000-de-panouri-solare-cu-zece-milioane-de-lei_450881.html\" title=\"Universitatea de Vest Timi\u0219oara \u00ee\u0219i face central\u0103 fotovoltaic\u0103 cu peste 4000 de panouri solare, cu zece milioane de lei\"><img decoding=\"async\" width=\"230\" height=\"130\" src=\"https:\/\/analyse.optim.biz\/wp-content\/uploads\/2026\/01\/uvt-pe-lat-230x130-680.jpg\" class=\"attachment-medium size-medium wp-post-image\" alt=\"Universitatea de Vest Timi\u0219oara\" loading=\"lazy\" title=\"uvt-pe-lat-230x130-680\"><\/a><\/div>\n<h2 class=\"entry-title\"><a href=\"https:\/\/debanat.ro\/2025\/08\/universitatea-de-vest-timisoara-isi-face-centrala-fotovoltaica-cu-peste-4000-de-panouri-solare-cu-zece-milioane-de-lei_450881.html\" title=\"Universitatea de Vest Timi\u0219oara \u00ee\u0219i face central\u0103 fotovoltaic\u0103 cu peste 4000 de panouri solare, cu zece milioane de lei\"><br \/>\n                        \t\t\t\t\t\t\t\t\tUniversitatea de Vest Timi\u0219oara \u00ee\u0219i face central\u0103 fotovoltaic\u0103 cu peste 4000 de panouri solare, cu zece milioane de lei\t\t\t\t\t\t\t                        <\/a><\/h2>\n<div class=\"entry-meta\"><time datetime=\"2025-08-22T10:17:35+03:00\" class=\"entry-date\">22.08.2025<\/time><\/div>\n<\/article>\n<article class=\"span3 has-thumbnail post-449744 post type-post status-publish format-standard has-post-thumbnail hentry category-invatamant-3 tag-best-global-universities-rankings-2025 tag-universitatea-de-vest tag-universitatea-politehnica-timisoara content-print\">\n<div class=\"entry-thumbnail\"><a href=\"https:\/\/debanat.ro\/2025\/08\/universitatea-de-vest-timisoara-bifeaza-un-nou-top-universitar-international_449744.html\" title=\"Universitatea de Vest Timi\u0219oara bifeaz\u0103 un nou top universitar interna\u021bional\"><img decoding=\"async\" width=\"230\" height=\"130\" src=\"https:\/\/analyse.optim.biz\/wp-content\/uploads\/2026\/01\/uvt-pe-lat-230x130-680.jpg\" class=\"attachment-medium size-medium wp-post-image\" alt=\"Universitatea de Vest Timi\u0219oara\" loading=\"lazy\" title=\"uvt-pe-lat-230x130-680\"><\/a><\/div>\n<h2 class=\"entry-title\"><a href=\"https:\/\/debanat.ro\/2025\/08\/universitatea-de-vest-timisoara-bifeaza-un-nou-top-universitar-international_449744.html\" title=\"Universitatea de Vest Timi\u0219oara bifeaz\u0103 un nou top universitar interna\u021bional\"><br \/>\n                        \t\t\t\t\t\t\t\t\tUniversitatea de Vest Timi\u0219oara bifeaz\u0103 un nou top universitar interna\u021bional\t\t\t\t\t\t\t                        <\/a><\/h2>\n<div class=\"entry-meta\"><time datetime=\"2025-08-04T10:08:25+03:00\" class=\"entry-date\">04.08.2025<\/time><\/div>\n<\/article>\n<article class=\"span3 has-thumbnail post-449455 post type-post status-publish format-standard has-post-thumbnail hentry category-invatamant-3 tag-asistenta-sociala-militara tag-masterat tag-uvt content-print\">\n<div class=\"entry-thumbnail\"><a href=\"https:\/\/debanat.ro\/2025\/07\/universitatea-de-vest-timisoara-pregateste-un-program-de-masterat-asistenta-sociala-militara_449455.html\" title=\"Universitatea de Vest Timi\u0219oara preg\u0103te\u0219te un program de masterat, Asisten\u021b\u0103 social\u0103 militar\u0103\"><img decoding=\"async\" width=\"230\" height=\"130\" src=\"https:\/\/analyse.optim.biz\/wp-content\/uploads\/2026\/01\/uvt-230x130-682.jpg\" class=\"attachment-medium size-medium wp-post-image\" alt=\"Universitatea de Vest\" loading=\"lazy\" title=\"uvt-230x130-682\"><\/a><\/div>\n<h2 class=\"entry-title\"><a href=\"https:\/\/debanat.ro\/2025\/07\/universitatea-de-vest-timisoara-pregateste-un-program-de-masterat-asistenta-sociala-militara_449455.html\" title=\"Universitatea de Vest Timi\u0219oara preg\u0103te\u0219te un program de masterat, Asisten\u021b\u0103 social\u0103 militar\u0103\"><br \/>\n                        \t\t\t\t\t\t\t\t\tUniversitatea de Vest Timi\u0219oara preg\u0103te\u0219te un program de masterat, Asisten\u021b\u0103 social\u0103 militar\u0103\t\t\t\t\t\t\t                        <\/a><\/h2>\n<div class=\"entry-meta\"><time datetime=\"2025-07-31T10:04:21+03:00\" class=\"entry-date\">31.07.2025<\/time><\/div>\n<\/article>\n<article class=\"span3 has-thumbnail post-449415 post type-post status-publish format-standard has-post-thumbnail hentry category-invatamant-3 tag-clasament tag-marilen-pirtea tag-uvt content-print\">\n<div class=\"entry-thumbnail\"><a href=\"https:\/\/debanat.ro\/2025\/07\/universitatea-de-vest-urca-o-mie-de-locuri-intr-un-clasament-de-specialitate_449415.html\" title=\"Universitatea de Vest urc\u0103 o mie de locuri \u00eentr-un clasament de specialitate\"><img decoding=\"async\" width=\"230\" height=\"130\" src=\"https:\/\/analyse.optim.biz\/wp-content\/uploads\/2026\/01\/uvt-pe-lat-230x130-680.jpg\" class=\"attachment-medium size-medium wp-post-image\" alt=\"Universitatea de Vest Timi\u0219oara\" loading=\"lazy\" title=\"uvt-pe-lat-230x130-680\"><\/a><\/div>\n<h2 class=\"entry-title\"><a href=\"https:\/\/debanat.ro\/2025\/07\/universitatea-de-vest-urca-o-mie-de-locuri-intr-un-clasament-de-specialitate_449415.html\" title=\"Universitatea de Vest urc\u0103 o mie de locuri \u00eentr-un clasament de specialitate\"><br \/>\n                        \t\t\t\t\t\t\t\t\tUniversitatea de Vest urc\u0103 o mie de locuri \u00eentr-un clasament de specialitate\t\t\t\t\t\t\t                        <\/a><\/h2>\n<div class=\"entry-meta\"><time datetime=\"2025-07-30T13:54:45+03:00\" class=\"entry-date\">30.07.2025<\/time><\/div>\n<\/article>\n<article class=\"span3 has-thumbnail post-449330 post type-post status-publish format-standard has-post-thumbnail hentry category-invatamant-3 tag-art-center tag-expozitie tag-uvt content-print\">\n<div class=\"entry-thumbnail\"><a href=\"https:\/\/debanat.ro\/2025\/07\/lucrarile-de-licenta-si-disertatie-ale-absolventilor-facultatii-de-arte-si-design-prezentate-la-art-center_449330.html\" title=\"Lucr\u0103rile de licen\u021b\u0103 \u0219i diserta\u021bie ale absolven\u021bilor Facult\u0103\u021bii de Arte \u0219i Design, prezentate la Art Center\"><img decoding=\"async\" width=\"230\" height=\"130\" src=\"https:\/\/analyse.optim.biz\/wp-content\/uploads\/2026\/01\/artcenter-230x130-680.jpg\" class=\"attachment-medium size-medium wp-post-image\" loading=\"lazy\" title=\"artcenter-230x130-680\"><\/a><\/div>\n<h2 class=\"entry-title\"><a href=\"https:\/\/debanat.ro\/2025\/07\/lucrarile-de-licenta-si-disertatie-ale-absolventilor-facultatii-de-arte-si-design-prezentate-la-art-center_449330.html\" title=\"Lucr\u0103rile de licen\u021b\u0103 \u0219i diserta\u021bie ale absolven\u021bilor Facult\u0103\u021bii de Arte \u0219i Design, prezentate la Art Center\"><br \/>\n                        \t\t\t\t\t\t\t\t\tLucr\u0103rile de licen\u021b\u0103 \u0219i diserta\u021bie ale absolven\u021bilor Facult\u0103\u021bii de Arte \u0219i Design, prezentate la Art Center\t\t\t\t\t\t\t                        <\/a><\/h2>\n<div class=\"entry-meta\"><time datetime=\"2025-07-29T10:02:32+03:00\" class=\"entry-date\">29.07.2025<\/time><\/div>\n<\/article>\n<article class=\"span3 has-thumbnail post-449101 post type-post status-publish format-standard has-post-thumbnail hentry category-invatamant-3 tag-licenta tag-marilen-gabriel-pirtea tag-masterat tag-universitatea-de-vest content-print\">\n<div class=\"entry-thumbnail\"><a href=\"https:\/\/debanat.ro\/2025\/07\/la-uvt-creste-numarul-de-candidati-la-programele-de-masterat-dar-scade-la-licenta_449101.html\" title=\"La UVT, cre\u0219te num\u0103rul de candida\u021bi la programele de masterat, dar scade la licen\u021b\u0103\"><img decoding=\"async\" width=\"230\" height=\"130\" src=\"https:\/\/analyse.optim.biz\/wp-content\/uploads\/2026\/01\/uvt-pe-lat-230x130-680.jpg\" class=\"attachment-medium size-medium wp-post-image\" alt=\"Universitatea de Vest Timi\u0219oara\" loading=\"lazy\" title=\"uvt-pe-lat-230x130-680\"><\/a><\/div>\n<h2 class=\"entry-title\"><a href=\"https:\/\/debanat.ro\/2025\/07\/la-uvt-creste-numarul-de-candidati-la-programele-de-masterat-dar-scade-la-licenta_449101.html\" title=\"La UVT, cre\u0219te num\u0103rul de candida\u021bi la programele de masterat, dar scade la licen\u021b\u0103\"><br \/>\n                        \t\t\t\t\t\t\t\t\tLa UVT, cre\u0219te num\u0103rul de candida\u021bi la programele de masterat, dar scade la licen\u021b\u0103\t\t\t\t\t\t\t                        <\/a><\/h2>\n<div class=\"entry-meta\"><time datetime=\"2025-07-25T11:58:49+03:00\" class=\"entry-date\">25.07.2025<\/time><\/div>\n<\/article>\n<article class=\"span3 has-thumbnail post-447925 post type-post status-publish format-standard has-post-thumbnail hentry category-invatamant-3 tag-esci-champion-of-excellence tag-marilen-pirtea tag-uvt content-print\">\n<div class=\"entry-thumbnail\"><a href=\"https:\/\/debanat.ro\/2025\/07\/universitatea-de-vest-timisoara-a-primit-titlul-esci-champion-of-excellence_447925.html\" title=\"Universitatea de Vest Timi\u0219oara a primit titlul \u201eESCI Champion of excellence\u201d\"><img decoding=\"async\" width=\"230\" height=\"130\" src=\"https:\/\/analyse.optim.biz\/wp-content\/uploads\/2026\/01\/uvt-pe-lat-230x130-680.jpg\" class=\"attachment-medium size-medium wp-post-image\" alt=\"Universitatea de Vest Timi\u0219oara\" loading=\"lazy\" title=\"uvt-pe-lat-230x130-680\"><\/a><\/div>\n<h2 class=\"entry-title\"><a href=\"https:\/\/debanat.ro\/2025\/07\/universitatea-de-vest-timisoara-a-primit-titlul-esci-champion-of-excellence_447925.html\" title=\"Universitatea de Vest Timi\u0219oara a primit titlul \u201eESCI Champion of excellence\u201d\"><br \/>\n                        \t\t\t\t\t\t\t\t\tUniversitatea de Vest Timi\u0219oara a primit titlul \u201eESCI Champion of excellence\u201d\t\t\t\t\t\t\t                        <\/a><\/h2>\n<div class=\"entry-meta\"><time datetime=\"2025-07-08T09:37:39+03:00\" class=\"entry-date\">08.07.2025<\/time><\/div>\n<\/article>\n<article class=\"span3 has-thumbnail post-447411 post type-post status-publish format-standard has-post-thumbnail hentry category-invatamant-3 tag-alegerea-programului-de-studii-potrivit tag-serviciul-de-consiliere-si-sprijin-pentru-studenti tag-uvt content-print\">\n<div class=\"entry-thumbnail\"><a href=\"https:\/\/debanat.ro\/2025\/07\/candidatii-la-un-loc-la-facultate-isi-pot-testa-aptitudinile-vocationale-pe-o-platforma-creata-de-universitatea-de-vest_447411.html\" title=\"Candida\u021bii la un loc la facultate \u00ee\u0219i pot testa aptitudinile voca\u021bionale pe o platform\u0103 creat\u0103 de Universitatea de Vest\"><img decoding=\"async\" width=\"230\" height=\"130\" src=\"https:\/\/analyse.optim.biz\/wp-content\/uploads\/2026\/01\/uvt-230x130-682.jpg\" class=\"attachment-medium size-medium wp-post-image\" alt=\"Universitatea de Vest\" loading=\"lazy\" title=\"uvt-230x130-682\"><\/a><\/div>\n<h2 class=\"entry-title\"><a href=\"https:\/\/debanat.ro\/2025\/07\/candidatii-la-un-loc-la-facultate-isi-pot-testa-aptitudinile-vocationale-pe-o-platforma-creata-de-universitatea-de-vest_447411.html\" title=\"Candida\u021bii la un loc la facultate \u00ee\u0219i pot testa aptitudinile voca\u021bionale pe o platform\u0103 creat\u0103 de Universitatea de Vest\"><br \/>\n                        \t\t\t\t\t\t\t\t\tCandida\u021bii la un loc la facultate \u00ee\u0219i pot testa aptitudinile voca\u021bionale pe o platform\u0103 creat\u0103 de Universitatea de Vest\t\t\t\t\t\t\t                        <\/a><\/h2>\n<div class=\"entry-meta\"><time datetime=\"2025-07-01T10:03:49+03:00\" class=\"entry-date\">01.07.2025<\/time><\/div>\n<\/article>\n<article class=\"has-thumbnail post-461777 post type-post status-publish format-standard has-post-thumbnail hentry category-poli-timisoara category-sport tag-meciuri-amicale-poli tag-poli-santana-2-0 tag-teste-de-verificare content-print\">\n<div class=\"zona_left full_img\">\n<h2 class=\"entry-title\"><a href=\"https:\/\/debanat.ro\/2026\/01\/final-in-forta-a-treia-victorie-amicala-urmeaza-cantonamentul-din-antalya_461777.html\" title=\"Permalink to Final \u00een for\u021b\u0103! A treia victorie amical\u0103, urmeaz\u0103 cantonamentul din Antalya\" rel=\"bookmark\"><br \/>\n                        \t\t\t\t\t\t\t\t\t\t\tFinal \u00een for\u021b\u0103! A treia victorie amical\u0103, urmeaz\u0103 cantonamentul din Antalya\t\t\t\t\t\t\t\t                        \t<\/a><\/h2>\n<div class=\"entry-meta\">\n\t                        31 ianuarie 2026<br \/>\n\t                        de\t                                <a href=\"https:\/\/debanat.ro\/author\/daniel-neacsu\" rel=\"author\">Daniel Neac\u0219u<\/a><\/div>\n<div class=\"entry-thumbnail\"><a href=\"https:\/\/debanat.ro\/2026\/01\/final-in-forta-a-treia-victorie-amicala-urmeaza-cantonamentul-din-antalya_461777.html\" title=\"Permalink to Final \u00een for\u021b\u0103! A treia victorie amical\u0103, urmeaz\u0103 cantonamentul din Antalya\" rel=\"bookmark\"><img decoding=\"async\" width=\"337\" height=\"209\" src=\"https:\/\/analyse.optim.biz\/wp-content\/uploads\/2026\/01\/poli-337x209-40.jpeg\" class=\"attachment-hp_article size-hp_article wp-post-image\" loading=\"lazy\" title=\"poli-337x209-40\"><\/a><\/div>\n<\/div>\n<div class=\"entry-content full_img\">\n                    \tPolitehnica Timi\u0219oara a c\u00e2\u0219tigat primul meci sus\u021binut \u00een acest an pe teren cu iarb\u0103 \u0219i pe stadionul Electrica. Scorul partidei cu Unirea S\u00e2ntana a fost 2-0 (0-0). Prima repriz\u0103 a fost f\u0103r\u0103 gol, de\u0219i alb-viole\u021bii au lovit de dou\u0103 ori bara, prin D. Popa (3, transversal\u0103) \u0219i C. Toma (27), iar \u00een min. 37 un&#8230;                    \t<a href=\"https:\/\/debanat.ro\/2026\/01\/final-in-forta-a-treia-victorie-amicala-urmeaza-cantonamentul-din-antalya_461777.html\" class=\"read_more\" title=\"Permanent Link to Final \u00een for\u021b\u0103! A treia victorie amical\u0103, urmeaz\u0103 cantonamentul din Antalya\">Cite\u015fte tot articolul<\/a><img decoding=\"async\" alt=\"Citeste articolul Final de poveste \u00een disputa cu prim\u0103ria? Directorul Direc\u021biei de Cultur\u0103 Timi\u0219 scrie despre pasarela pietonal\u0103 peste Bega\" src=\"https:\/\/analyse.optim.biz\/wp-content\/uploads\/2026\/01\/arr_red-920.png\" title=\"arr_red-920\"><\/div>\n<\/article>\n<div class=\"entry-content full_img\">\n                    \tPolitehnica Timi\u0219oara a c\u00e2\u0219tigat primul meci sus\u021binut \u00een acest an pe teren cu iarb\u0103 \u0219i pe stadionul Electrica. Scorul partidei cu Unirea S\u00e2ntana a fost 2-0 (0-0). Prima repriz\u0103 a fost f\u0103r\u0103 gol, de\u0219i alb-viole\u021bii au lovit de dou\u0103 ori bara, prin D. Popa (3, transversal\u0103) \u0219i C. Toma (27), iar \u00een min. 37 un&#8230;                    \t<a href=\"https:\/\/debanat.ro\/2026\/01\/final-in-forta-a-treia-victorie-amicala-urmeaza-cantonamentul-din-antalya_461777.html\" class=\"read_more\" title=\"Permanent Link to Final \u00een for\u021b\u0103! A treia victorie amical\u0103, urmeaz\u0103 cantonamentul din Antalya\">Cite\u015fte tot articolul<\/a><img decoding=\"async\" alt=\"Citeste articolul Final de poveste \u00een disputa cu prim\u0103ria? Directorul Direc\u021biei de Cultur\u0103 Timi\u0219 scrie despre pasarela pietonal\u0103 peste Bega\" src=\"https:\/\/analyse.optim.biz\/wp-content\/uploads\/2026\/01\/arr_red-920.png\" title=\"arr_red-920\"><\/div>\n<article class=\"has-thumbnail post-461775 post type-post status-publish format-standard has-post-thumbnail hentry category-social tag-noua-parcare-lugoj tag-smart-parking tag-solutii-is-pentru-smart-parking-lugoj content-print\">\n<div class=\"zona_left full_img\">\n<h2 class=\"entry-title\"><a href=\"https:\/\/debanat.ro\/2026\/01\/lugojul-se-pregateste-pentru-introducerea-unui-sistem-de-smart-parking_461775.html\" title=\"Permalink to Lugojul se preg\u0103te\u0219te pentru introducerea unui sistem de smart parking\" rel=\"bookmark\"><br \/>\n                        \t\t\t\t\t\t\t\t\t\t\tLugojul se preg\u0103te\u0219te pentru introducerea unui sistem de smart parking\t\t\t\t\t\t\t\t                        \t<\/a><\/h2>\n<div class=\"entry-meta\">\n\t                        31 ianuarie 2026<br \/>\n\t                        de\t                                <a href=\"https:\/\/debanat.ro\/author\/hoster\" rel=\"author\">Marcel Hoster<\/a><\/div>\n<div class=\"entry-thumbnail\"><a href=\"https:\/\/debanat.ro\/2026\/01\/lugojul-se-pregateste-pentru-introducerea-unui-sistem-de-smart-parking_461775.html\" title=\"Permalink to Lugojul se preg\u0103te\u0219te pentru introducerea unui sistem de smart parking\" rel=\"bookmark\"><img decoding=\"async\" width=\"337\" height=\"209\" src=\"https:\/\/analyse.optim.biz\/wp-content\/uploads\/2026\/01\/parcare-orsova-3-337x209-65.png\" class=\"attachment-hp_article size-hp_article wp-post-image\" loading=\"lazy\" title=\"parcare-orsova-3-337x209-65\"><\/a><\/div>\n<\/div>\n<div class=\"entry-content full_img\">\n                    \tCel de al doilea municipiu din Timi\u0219, Lugojul, se preg\u0103te\u0219te s\u0103 o ia \u00een fa\u021ba Timi\u0219oarei \u00een ceea ce prive\u0219te parcarea pl\u0103tit\u0103. Astfel, administra\u021bia ora\u0219ului de pe Timi\u0219 caut\u0103 o firm\u0103 care s\u0103 realizeze un sistem de smart parking, unul cu numeroase facilit\u0103\u021bi, \u0219i a lansat licita\u021bia \u00een acest sens. Valoarea proiectului este de 3,04&#8230;                    \t<a href=\"https:\/\/debanat.ro\/2026\/01\/lugojul-se-pregateste-pentru-introducerea-unui-sistem-de-smart-parking_461775.html\" class=\"read_more\" title=\"Permanent Link to Lugojul se preg\u0103te\u0219te pentru introducerea unui sistem de smart parking\">Cite\u015fte tot articolul<\/a><img decoding=\"async\" alt=\"Citeste articolul Final de poveste \u00een disputa cu prim\u0103ria? Directorul Direc\u021biei de Cultur\u0103 Timi\u0219 scrie despre pasarela pietonal\u0103 peste Bega\" src=\"https:\/\/analyse.optim.biz\/wp-content\/uploads\/2026\/01\/arr_red-920.png\" title=\"arr_red-920\"><\/div>\n<\/article>\n<div class=\"entry-content full_img\">\n                    \tCel de al doilea municipiu din Timi\u0219, Lugojul, se preg\u0103te\u0219te s\u0103 o ia \u00een fa\u021ba Timi\u0219oarei \u00een ceea ce prive\u0219te parcarea pl\u0103tit\u0103. Astfel, administra\u021bia ora\u0219ului de pe Timi\u0219 caut\u0103 o firm\u0103 care s\u0103 realizeze un sistem de smart parking, unul cu numeroase facilit\u0103\u021bi, \u0219i a lansat licita\u021bia \u00een acest sens. Valoarea proiectului este de 3,04&#8230;                    \t<a href=\"https:\/\/debanat.ro\/2026\/01\/lugojul-se-pregateste-pentru-introducerea-unui-sistem-de-smart-parking_461775.html\" class=\"read_more\" title=\"Permanent Link to Lugojul se preg\u0103te\u0219te pentru introducerea unui sistem de smart parking\">Cite\u015fte tot articolul<\/a><img decoding=\"async\" alt=\"Citeste articolul Final de poveste \u00een disputa cu prim\u0103ria? Directorul Direc\u021biei de Cultur\u0103 Timi\u0219 scrie despre pasarela pietonal\u0103 peste Bega\" src=\"https:\/\/analyse.optim.biz\/wp-content\/uploads\/2026\/01\/arr_red-920.png\" title=\"arr_red-920\"><\/div>\n<article class=\"has-thumbnail post-461772 post type-post status-publish format-standard has-post-thumbnail hentry category-social tag-director-general-das-mt tag-emese-esztero tag-incluziune-si-demnitate-sociala-2021-2027 tag-proiectul-vital tag-servicii-sociale-seniori content-print\">\n<div class=\"zona_left full_img\">\n<h2 class=\"entry-title\"><a href=\"https:\/\/debanat.ro\/2026\/01\/directia-de-asistenta-sociala-timisoara-va-deschide-un-nou-centru-pentru-batrani-realizat-cu-fonduri-nerambursabile_461772.html\" title=\"Permalink to Direc\u021bia de Asisten\u021b\u0103 Social\u0103 Timi\u0219oara va deschide un nou centru pentru b\u0103tr\u00e2ni, realizat cu fonduri nerambursabile\" rel=\"bookmark\"><br \/>\n                        \t\t\t\t\t\t\t\t\t\t\tDirec\u021bia de Asisten\u021b\u0103 Social\u0103 Timi\u0219oara va deschide un nou centru pentru b\u0103tr\u00e2ni, realizat cu fonduri nerambursabile\t\t\t\t\t\t\t\t                        \t<\/a><\/h2>\n<div class=\"entry-meta\">\n\t                        31 ianuarie 2026<br \/>\n\t                        de\t                                <a href=\"https:\/\/debanat.ro\/author\/hoster\" rel=\"author\">Marcel Hoster<\/a><\/div>\n<div class=\"entry-thumbnail\"><a href=\"https:\/\/debanat.ro\/2026\/01\/directia-de-asistenta-sociala-timisoara-va-deschide-un-nou-centru-pentru-batrani-realizat-cu-fonduri-nerambursabile_461772.html\" title=\"Permalink to Direc\u021bia de Asisten\u021b\u0103 Social\u0103 Timi\u0219oara va deschide un nou centru pentru b\u0103tr\u00e2ni, realizat cu fonduri nerambursabile\" rel=\"bookmark\"><img decoding=\"async\" width=\"337\" height=\"209\" src=\"https:\/\/analyse.optim.biz\/wp-content\/uploads\/2026\/01\/directia-de-asistenta-sociala-337x209-86.jpg\" class=\"attachment-hp_article size-hp_article wp-post-image\" loading=\"lazy\" title=\"directia-de-asistenta-sociala-337x209-86\"><\/a><\/div>\n<\/div>\n<div class=\"entry-content full_img\">\n                    \tB\u0103tr\u00e2nii din Timi\u0219oara vor beneficia de un nou centru, cu 50 de locuri, unde vor putea beneficia de servicii sociale moderne. Acesta va func\u021biona \u00eentr-un spa\u021biu reamenajat, iar investi\u021bia este realizat\u0103 cu peste \u0219apte milioane de lei, fonduri nerambursabile. \u00cen acest moment poate fi lansat\u0103 licita\u021bia pentru g\u0103sirea firmei constructoare care se va ocupa de&#8230;                    \t<a href=\"https:\/\/debanat.ro\/2026\/01\/directia-de-asistenta-sociala-timisoara-va-deschide-un-nou-centru-pentru-batrani-realizat-cu-fonduri-nerambursabile_461772.html\" class=\"read_more\" title=\"Permanent Link to Direc\u021bia de Asisten\u021b\u0103 Social\u0103 Timi\u0219oara va deschide un nou centru pentru b\u0103tr\u00e2ni, realizat cu fonduri nerambursabile\">Cite\u015fte tot articolul<\/a><img decoding=\"async\" alt=\"Citeste articolul Final de poveste \u00een disputa cu prim\u0103ria? Directorul Direc\u021biei de Cultur\u0103 Timi\u0219 scrie despre pasarela pietonal\u0103 peste Bega\" src=\"https:\/\/analyse.optim.biz\/wp-content\/uploads\/2026\/01\/arr_red-920.png\" title=\"arr_red-920\"><\/div>\n<\/article>\n<div class=\"entry-content full_img\">\n                    \tB\u0103tr\u00e2nii din Timi\u0219oara vor beneficia de un nou centru, cu 50 de locuri, unde vor putea beneficia de servicii sociale moderne. Acesta va func\u021biona \u00eentr-un spa\u021biu reamenajat, iar investi\u021bia este realizat\u0103 cu peste \u0219apte milioane de lei, fonduri nerambursabile. \u00cen acest moment poate fi lansat\u0103 licita\u021bia pentru g\u0103sirea firmei constructoare care se va ocupa de&#8230;                    \t<a href=\"https:\/\/debanat.ro\/2026\/01\/directia-de-asistenta-sociala-timisoara-va-deschide-un-nou-centru-pentru-batrani-realizat-cu-fonduri-nerambursabile_461772.html\" class=\"read_more\" title=\"Permanent Link to Direc\u021bia de Asisten\u021b\u0103 Social\u0103 Timi\u0219oara va deschide un nou centru pentru b\u0103tr\u00e2ni, realizat cu fonduri nerambursabile\">Cite\u015fte tot articolul<\/a><img decoding=\"async\" alt=\"Citeste articolul Final de poveste \u00een disputa cu prim\u0103ria? Directorul Direc\u021biei de Cultur\u0103 Timi\u0219 scrie despre pasarela pietonal\u0103 peste Bega\" src=\"https:\/\/analyse.optim.biz\/wp-content\/uploads\/2026\/01\/arr_red-920.png\" title=\"arr_red-920\"><\/div>\n<article class=\"has-thumbnail post-461770 post type-post status-publish format-standard has-post-thumbnail hentry category-social tag-autorizatii-de-mediu tag-garda-de-mediu tag-localizare-gps tag-vidanjare tag-vidanje content-print\">\n<div class=\"zona_left full_img\">\n<h2 class=\"entry-title\"><a href=\"https:\/\/debanat.ro\/2026\/01\/probleme-in-prestarea-activitatii-de-vidanjare-in-timis-amenzi-de-peste-o-suta-de-mii-de-lei_461770.html\" title=\"Permalink to Probleme \u00een prestarea activit\u0103\u021bii de vidanjare \u00een Timi\u0219. Amenzi de peste o sut\u0103 de mii de lei\" rel=\"bookmark\"><br \/>\n                        \t\t\t\t\t\t\t\t\t\t\tProbleme \u00een prestarea activit\u0103\u021bii de vidanjare \u00een Timi\u0219. Amenzi de peste o sut\u0103 de mii de lei\t\t\t\t\t\t\t\t                        \t<\/a><\/h2>\n<div class=\"entry-meta\">\n\t                        31 ianuarie 2026<br \/>\n\t                        de\t                                <a href=\"https:\/\/debanat.ro\/author\/hoster\" rel=\"author\">Marcel Hoster<\/a><\/div>\n<div class=\"entry-thumbnail\"><a href=\"https:\/\/debanat.ro\/2026\/01\/probleme-in-prestarea-activitatii-de-vidanjare-in-timis-amenzi-de-peste-o-suta-de-mii-de-lei_461770.html\" title=\"Permalink to Probleme \u00een prestarea activit\u0103\u021bii de vidanjare \u00een Timi\u0219. Amenzi de peste o sut\u0103 de mii de lei\" rel=\"bookmark\"><img decoding=\"async\" width=\"337\" height=\"209\" src=\"https:\/\/analyse.optim.biz\/wp-content\/uploads\/2026\/01\/garda-de-mediu-850x479-1-337x209-93.jpg\" class=\"attachment-hp_article size-hp_article wp-post-image\" loading=\"lazy\" title=\"garda-de-mediu-850x479-1-337x209-93\"><\/a><\/div>\n<\/div>\n<div class=\"entry-content full_img\">\n                    \tSociet\u0103\u021bile care ofer\u0103 servicii de vidanjare \u00een Timi\u0219 au fost descoperite cu probleme \u00een urma unor controale realizate de Garda de Mediu. Amenzile scrise de inspectori au dep\u0103\u0219it o sut\u0103 de mii de lei. Comisarii G\u0103rzii Na\u021bionale de Mediu \u2013 Comisariatul Jude\u021bean Timi\u0219 au desf\u0103\u0219urat, \u00een perioada 23.01.2026 \u2013 29.01.2026, ac\u021biuni de control la operatorii&#8230;                    \t<a href=\"https:\/\/debanat.ro\/2026\/01\/probleme-in-prestarea-activitatii-de-vidanjare-in-timis-amenzi-de-peste-o-suta-de-mii-de-lei_461770.html\" class=\"read_more\" title=\"Permanent Link to Probleme \u00een prestarea activit\u0103\u021bii de vidanjare \u00een Timi\u0219. Amenzi de peste o sut\u0103 de mii de lei\">Cite\u015fte tot articolul<\/a><img decoding=\"async\" alt=\"Citeste articolul Final de poveste \u00een disputa cu prim\u0103ria? Directorul Direc\u021biei de Cultur\u0103 Timi\u0219 scrie despre pasarela pietonal\u0103 peste Bega\" src=\"https:\/\/analyse.optim.biz\/wp-content\/uploads\/2026\/01\/arr_red-920.png\" title=\"arr_red-920\"><\/div>\n<\/article>\n<div class=\"entry-content full_img\">\n                    \tSociet\u0103\u021bile care ofer\u0103 servicii de vidanjare \u00een Timi\u0219 au fost descoperite cu probleme \u00een urma unor controale realizate de Garda de Mediu. Amenzile scrise de inspectori au dep\u0103\u0219it o sut\u0103 de mii de lei. Comisarii G\u0103rzii Na\u021bionale de Mediu \u2013 Comisariatul Jude\u021bean Timi\u0219 au desf\u0103\u0219urat, \u00een perioada 23.01.2026 \u2013 29.01.2026, ac\u021biuni de control la operatorii&#8230;                    \t<a href=\"https:\/\/debanat.ro\/2026\/01\/probleme-in-prestarea-activitatii-de-vidanjare-in-timis-amenzi-de-peste-o-suta-de-mii-de-lei_461770.html\" class=\"read_more\" title=\"Permanent Link to Probleme \u00een prestarea activit\u0103\u021bii de vidanjare \u00een Timi\u0219. Amenzi de peste o sut\u0103 de mii de lei\">Cite\u015fte tot articolul<\/a><img decoding=\"async\" alt=\"Citeste articolul Final de poveste \u00een disputa cu prim\u0103ria? Directorul Direc\u021biei de Cultur\u0103 Timi\u0219 scrie despre pasarela pietonal\u0103 peste Bega\" src=\"https:\/\/analyse.optim.biz\/wp-content\/uploads\/2026\/01\/arr_red-920.png\" title=\"arr_red-920\"><\/div>\n<article class=\"has-thumbnail post-461767 post type-post status-publish format-standard has-post-thumbnail hentry tag-cciat tag-cooperare tag-israel tag-networking content-print\">\n<div class=\"zona_left full_img\">\n<h2 class=\"entry-title\"><a href=\"https:\/\/debanat.ro\/2026\/01\/ccia-timis-sustine-cooperarea-romania-israel-in-cadrul-unui-eveniment-de-networking_461767.html\" title=\"Permalink to CCIA Timi\u0219 sus\u021bine cooperarea Rom\u00e2nia-Israel \u00een cadrul unui eveniment de networking\" rel=\"bookmark\"><br \/>\n                        \t\t\t\t\t\t\t\t\t\t\tCCIA Timi\u0219 sus\u021bine cooperarea Rom\u00e2nia-Israel \u00een cadrul unui eveniment de networking\t\t\t\t\t\t\t\t                        \t<\/a><\/h2>\n<div class=\"entry-meta\">\n\t                        31 ianuarie 2026<br \/>\n\t                        de\t                                <a href=\"https:\/\/debanat.ro\/author\/hoster\" rel=\"author\">Marcel Hoster<\/a><\/div>\n<div class=\"entry-thumbnail\"><a href=\"https:\/\/debanat.ro\/2026\/01\/ccia-timis-sustine-cooperarea-romania-israel-in-cadrul-unui-eveniment-de-networking_461767.html\" title=\"Permalink to CCIA Timi\u0219 sus\u021bine cooperarea Rom\u00e2nia-Israel \u00een cadrul unui eveniment de networking\" rel=\"bookmark\"><img decoding=\"async\" width=\"337\" height=\"209\" src=\"https:\/\/analyse.optim.biz\/wp-content\/uploads\/2026\/01\/craft-337x209-95.jpg\" class=\"attachment-hp_article size-hp_article wp-post-image\" alt=\"craft\" loading=\"lazy\" title=\"craft-337x209-95\"><\/a><\/div>\n<\/div>\n<div class=\"entry-content full_img\">\n                    \tCamera de Comer\u021b, Industrie \u0219i Agricultur\u0103 Timi\u0219, \u00een calitate de partener Enterprise Europe Network (EEN), \u00een colaborare cu Camera de Comer\u021b \u0219i Industrie Israel\u2013Rom\u00e2nia, sub egida Ambasadei Statului Israel \u00een Rom\u00e2nia, invit\u0103 companiile timi\u0219ene s\u0103 acceseze noi parteneriate de afaceri pe pia\u021ba israelian\u0103 prin participarea la un eveniment de networking interna\u021bional dedicat promov\u0103rii cooper\u0103rii economice&#8230;                    \t<a href=\"https:\/\/debanat.ro\/2026\/01\/ccia-timis-sustine-cooperarea-romania-israel-in-cadrul-unui-eveniment-de-networking_461767.html\" class=\"read_more\" title=\"Permanent Link to CCIA Timi\u0219 sus\u021bine cooperarea Rom\u00e2nia-Israel \u00een cadrul unui eveniment de networking\">Cite\u015fte tot articolul<\/a><img decoding=\"async\" alt=\"Citeste articolul Final de poveste \u00een disputa cu prim\u0103ria? Directorul Direc\u021biei de Cultur\u0103 Timi\u0219 scrie despre pasarela pietonal\u0103 peste Bega\" src=\"https:\/\/analyse.optim.biz\/wp-content\/uploads\/2026\/01\/arr_red-920.png\" title=\"arr_red-920\"><\/div>\n<\/article>\n<div class=\"entry-content full_img\">\n                    \tCamera de Comer\u021b, Industrie \u0219i Agricultur\u0103 Timi\u0219, \u00een calitate de partener Enterprise Europe Network (EEN), \u00een colaborare cu Camera de Comer\u021b \u0219i Industrie Israel\u2013Rom\u00e2nia, sub egida Ambasadei Statului Israel \u00een Rom\u00e2nia, invit\u0103 companiile timi\u0219ene s\u0103 acceseze noi parteneriate de afaceri pe pia\u021ba israelian\u0103 prin participarea la un eveniment de networking interna\u021bional dedicat promov\u0103rii cooper\u0103rii economice&#8230;                    \t<a href=\"https:\/\/debanat.ro\/2026\/01\/ccia-timis-sustine-cooperarea-romania-israel-in-cadrul-unui-eveniment-de-networking_461767.html\" class=\"read_more\" title=\"Permanent Link to CCIA Timi\u0219 sus\u021bine cooperarea Rom\u00e2nia-Israel \u00een cadrul unui eveniment de networking\">Cite\u015fte tot articolul<\/a><img decoding=\"async\" alt=\"Citeste articolul Final de poveste \u00een disputa cu prim\u0103ria? Directorul Direc\u021biei de Cultur\u0103 Timi\u0219 scrie despre pasarela pietonal\u0103 peste Bega\" src=\"https:\/\/analyse.optim.biz\/wp-content\/uploads\/2026\/01\/arr_red-920.png\" title=\"arr_red-920\"><\/div>\n<article class=\"has-thumbnail post-461761 post type-post status-publish format-standard has-post-thumbnail hentry category-politica tag-dan-perjovschi tag-elena-costache tag-lia-savonea tag-premii tag-raluca-morosanu tag-societatea-timisoara tag-tudor-chirila tag-victor-rebengiuc content-print\">\n<div class=\"zona_left full_img\">\n<h2 class=\"entry-title\"><a href=\"https:\/\/debanat.ro\/2026\/01\/victor-rebengiuc-tudor-chirila-dar-si-lia-savonea-laureati-ai-premiilor-societatii-timisoara_461761.html\" title=\"Permalink to Victor Rebengiuc, Tudor Chiril\u0103, dar \u015fi Lia Savonea, laurea\u0163i ai  premiilor Societ\u0103\u021bii Timi\u0219oara\" rel=\"bookmark\"><br \/>\n                        \t\t\t\t\t\t\t\t\t\t\tVictor Rebengiuc, Tudor Chiril\u0103, dar \u015fi Lia Savonea, laurea\u0163i ai  premiilor Societ\u0103\u021bii Timi\u0219oara\t\t\t\t\t\t\t\t                        \t<\/a><\/h2>\n<div class=\"entry-meta\">\n\t                        31 ianuarie 2026<br \/>\n\t                        de\t                                <a href=\"https:\/\/debanat.ro\/author\/iulia\" rel=\"author\">Iulia Ardelean<\/a><\/div>\n<div class=\"entry-thumbnail\"><a href=\"https:\/\/debanat.ro\/2026\/01\/victor-rebengiuc-tudor-chirila-dar-si-lia-savonea-laureati-ai-premiilor-societatii-timisoara_461761.html\" title=\"Permalink to Victor Rebengiuc, Tudor Chiril\u0103, dar \u015fi Lia Savonea, laurea\u0163i ai  premiilor Societ\u0103\u021bii Timi\u0219oara\" rel=\"bookmark\"><img decoding=\"async\" width=\"337\" height=\"209\" src=\"https:\/\/analyse.optim.biz\/wp-content\/uploads\/2026\/01\/societatea-timisoara-337x209-106.jpg\" class=\"attachment-hp_article size-hp_article wp-post-image\" alt=\"societatea timisoara\" loading=\"lazy\" title=\"societatea-timisoara-337x209-106\"><\/a><\/div>\n<\/div>\n<div class=\"entry-content full_img\">\n                    \tConsiliul de conducere al Societ\u0103\u021bii Timi\u0219oara a stabilit tradi\u0163ionalele premii pentru anul 2025. Printre laurea\u0163i se num\u0103r\u0103 Victor Rebengiuc, Raluca Moro\u0219anu, Tudor Chiril\u0103 \u015fi Dan Perjovschi. Totodat\u0103 Lia Savonea \u015fi \u015fefa CSM, Elena Costache, au primit Premiul \u201eSecera \u0219i ciocanul\u201d: Premiile Societ\u0103\u021bii Timi\u0219oara pe anul 2025 sunt urm\u0103toarele: Premiul \u201eSperan\u021ba\u201d:Victor Rebengiuc \u0219i Raluca Moro\u0219anu Premiul&#8230;                    \t<a href=\"https:\/\/debanat.ro\/2026\/01\/victor-rebengiuc-tudor-chirila-dar-si-lia-savonea-laureati-ai-premiilor-societatii-timisoara_461761.html\" class=\"read_more\" title=\"Permanent Link to Victor Rebengiuc, Tudor Chiril\u0103, dar \u015fi Lia Savonea, laurea\u0163i ai  premiilor Societ\u0103\u021bii Timi\u0219oara\">Cite\u015fte tot articolul<\/a><img decoding=\"async\" alt=\"Citeste articolul Final de poveste \u00een disputa cu prim\u0103ria? Directorul Direc\u021biei de Cultur\u0103 Timi\u0219 scrie despre pasarela pietonal\u0103 peste Bega\" src=\"https:\/\/analyse.optim.biz\/wp-content\/uploads\/2026\/01\/arr_red-920.png\" title=\"arr_red-920\"><\/div>\n<\/article>\n<div class=\"entry-content full_img\">\n                    \tConsiliul de conducere al Societ\u0103\u021bii Timi\u0219oara a stabilit tradi\u0163ionalele premii pentru anul 2025. Printre laurea\u0163i se num\u0103r\u0103 Victor Rebengiuc, Raluca Moro\u0219anu, Tudor Chiril\u0103 \u015fi Dan Perjovschi. Totodat\u0103 Lia Savonea \u015fi \u015fefa CSM, Elena Costache, au primit Premiul \u201eSecera \u0219i ciocanul\u201d: Premiile Societ\u0103\u021bii Timi\u0219oara pe anul 2025 sunt urm\u0103toarele: Premiul \u201eSperan\u021ba\u201d:Victor Rebengiuc \u0219i Raluca Moro\u0219anu Premiul&#8230;                    \t<a href=\"https:\/\/debanat.ro\/2026\/01\/victor-rebengiuc-tudor-chirila-dar-si-lia-savonea-laureati-ai-premiilor-societatii-timisoara_461761.html\" class=\"read_more\" title=\"Permanent Link to Victor Rebengiuc, Tudor Chiril\u0103, dar \u015fi Lia Savonea, laurea\u0163i ai  premiilor Societ\u0103\u021bii Timi\u0219oara\">Cite\u015fte tot articolul<\/a><img decoding=\"async\" alt=\"Citeste articolul Final de poveste \u00een disputa cu prim\u0103ria? Directorul Direc\u021biei de Cultur\u0103 Timi\u0219 scrie despre pasarela pietonal\u0103 peste Bega\" src=\"https:\/\/analyse.optim.biz\/wp-content\/uploads\/2026\/01\/arr_red-920.png\" title=\"arr_red-920\"><\/div>\n<article class=\"has-thumbnail post-461757 post type-post status-publish format-standard has-post-thumbnail hentry category-invatamant category-social tag-gradinita tag-reabilitare-energetica tag-scoala tag-urseni content-print\">\n<div class=\"zona_left full_img\">\n<h2 class=\"entry-title\"><a href=\"https:\/\/debanat.ro\/2026\/01\/scoala-si-gradinita-din-urseni-comuna-mosnita-noua-vor-fi-reabilitate-energetic-a-fost-semnat-contractul-de-finantare_461757.html\" title=\"Permalink to \u015ecoala \u015fi gr\u0103dini\u0163a din Urseni, comuna Mo\u015fni\u0163a Nou\u0103, vor fi reabilitate energetic. A fost semnat contractul de finan\u0163are\" rel=\"bookmark\"><br \/>\n                        \t\t\t\t\t\t\t\t\t\t\t\u015ecoala \u015fi gr\u0103dini\u0163a din Urseni, comuna Mo\u015fni\u0163a Nou\u0103, vor fi reabilitate energetic. A fost semnat contractul de finan\u0163are\t\t\t\t\t\t\t\t                        \t<\/a><\/h2>\n<div class=\"entry-meta\">\n\t                        31 ianuarie 2026<br \/>\n\t                        de\t                                <a href=\"https:\/\/debanat.ro\/author\/vlad-stoian\" rel=\"author\">Vlad Stoian<\/a><\/div>\n<div class=\"entry-thumbnail\"><a href=\"https:\/\/debanat.ro\/2026\/01\/scoala-si-gradinita-din-urseni-comuna-mosnita-noua-vor-fi-reabilitate-energetic-a-fost-semnat-contractul-de-finantare_461757.html\" title=\"Permalink to \u015ecoala \u015fi gr\u0103dini\u0163a din Urseni, comuna Mo\u015fni\u0163a Nou\u0103, vor fi reabilitate energetic. A fost semnat contractul de finan\u0163are\" rel=\"bookmark\"><img decoding=\"async\" width=\"337\" height=\"209\" src=\"https:\/\/analyse.optim.biz\/wp-content\/uploads\/2026\/01\/623262370_1479724487488293_6948000844815517633_n-337x209-108.jpg\" class=\"attachment-hp_article size-hp_article wp-post-image\" loading=\"lazy\" title=\"623262370_1479724487488293_6948000844815517633_n-337x209-108\"><\/a><\/div>\n<\/div>\n<div class=\"entry-content full_img\">\n                    \tVineri, primarul comunei Mo\u015fni\u0163a Nou\u0103, Gerald Simonis, a semnat contractul de finan\u021bare pentru proiectul \u201eCre\u0219terea eficien\u021bei energetice prin reabilitare termic\u0103 a institu\u021biilor de \u00eenv\u0103\u021b\u0103m\u00e2nt din comuna Mo\u0219ni\u021ba Nou\u0103\u201d. \u00a0Proiectul presupune: reabilitare termoenergetic\u0103 a cl\u0103dirilor \u00eenlocuirea t\u00e2mpl\u0103riei modernizarea sistemelor de \u00eenc\u0103lzire, ventilare \u0219i iluminat instalarea de panouri fotovoltaice Beneficiare vor fi Gr\u0103dini\u021ba \u015fi \u0218coala din Urseni&#8230;.                    \t<a href=\"https:\/\/debanat.ro\/2026\/01\/scoala-si-gradinita-din-urseni-comuna-mosnita-noua-vor-fi-reabilitate-energetic-a-fost-semnat-contractul-de-finantare_461757.html\" class=\"read_more\" title=\"Permanent Link to \u015ecoala \u015fi gr\u0103dini\u0163a din Urseni, comuna Mo\u015fni\u0163a Nou\u0103, vor fi reabilitate energetic. A fost semnat contractul de finan\u0163are\">Cite\u015fte tot articolul<\/a><img decoding=\"async\" alt=\"Citeste articolul Final de poveste \u00een disputa cu prim\u0103ria? Directorul Direc\u021biei de Cultur\u0103 Timi\u0219 scrie despre pasarela pietonal\u0103 peste Bega\" src=\"https:\/\/analyse.optim.biz\/wp-content\/uploads\/2026\/01\/arr_red-920.png\" title=\"arr_red-920\"><\/div>\n<\/article>\n<div class=\"entry-content full_img\">\n                    \tVineri, primarul comunei Mo\u015fni\u0163a Nou\u0103, Gerald Simonis, a semnat contractul de finan\u021bare pentru proiectul \u201eCre\u0219terea eficien\u021bei energetice prin reabilitare termic\u0103 a institu\u021biilor de \u00eenv\u0103\u021b\u0103m\u00e2nt din comuna Mo\u0219ni\u021ba Nou\u0103\u201d. \u00a0Proiectul presupune: reabilitare termoenergetic\u0103 a cl\u0103dirilor \u00eenlocuirea t\u00e2mpl\u0103riei modernizarea sistemelor de \u00eenc\u0103lzire, ventilare \u0219i iluminat instalarea de panouri fotovoltaice Beneficiare vor fi Gr\u0103dini\u021ba \u015fi \u0218coala din Urseni&#8230;.                    \t<a href=\"https:\/\/debanat.ro\/2026\/01\/scoala-si-gradinita-din-urseni-comuna-mosnita-noua-vor-fi-reabilitate-energetic-a-fost-semnat-contractul-de-finantare_461757.html\" class=\"read_more\" title=\"Permanent Link to \u015ecoala \u015fi gr\u0103dini\u0163a din Urseni, comuna Mo\u015fni\u0163a Nou\u0103, vor fi reabilitate energetic. A fost semnat contractul de finan\u0163are\">Cite\u015fte tot articolul<\/a><img decoding=\"async\" alt=\"Citeste articolul Final de poveste \u00een disputa cu prim\u0103ria? Directorul Direc\u021biei de Cultur\u0103 Timi\u0219 scrie despre pasarela pietonal\u0103 peste Bega\" src=\"https:\/\/analyse.optim.biz\/wp-content\/uploads\/2026\/01\/arr_red-920.png\" title=\"arr_red-920\"><\/div>\n<article class=\"has-thumbnail post-461749 post type-post status-publish format-standard has-post-thumbnail hentry category-poli-timisoara category-sport tag-mihai-pinzariu tag-portari-poli tag-transfer-poli tag-transferuri-poli-2026-poli content-print\">\n<div class=\"zona_left full_img\">\n<h2 class=\"entry-title\"><a href=\"https:\/\/debanat.ro\/2026\/01\/politehnica-vrea-sa-isi-betoneze-poarta-inca-un-transfer-neasteptat_461749.html\" title=\"Permalink to Politehnica vrea s\u0103 \u00ee\u0219i betoneze poarta! \u00cenc\u0103 un transfer, nea\u0219teptat\" rel=\"bookmark\"><br \/>\n                        \t\t\t\t\t\t\t\t\t\t\tPolitehnica vrea s\u0103 \u00ee\u0219i betoneze poarta! \u00cenc\u0103 un transfer, nea\u0219teptat\t\t\t\t\t\t\t\t                        \t<\/a><\/h2>\n<div class=\"entry-meta\">\n\t                        31 ianuarie 2026<br \/>\n\t                        de\t                                <a href=\"https:\/\/debanat.ro\/author\/daniel-neacsu\" rel=\"author\">Daniel Neac\u0219u<\/a><\/div>\n<div class=\"entry-thumbnail\"><a href=\"https:\/\/debanat.ro\/2026\/01\/politehnica-vrea-sa-isi-betoneze-poarta-inca-un-transfer-neasteptat_461749.html\" title=\"Permalink to Politehnica vrea s\u0103 \u00ee\u0219i betoneze poarta! \u00cenc\u0103 un transfer, nea\u0219teptat\" rel=\"bookmark\"><img decoding=\"async\" width=\"337\" height=\"209\" src=\"https:\/\/analyse.optim.biz\/wp-content\/uploads\/2026\/01\/pinzariu-s-337x209-5-47.jpeg\" class=\"attachment-hp_article size-hp_article wp-post-image\" loading=\"lazy\" title=\"pinzariu-s-337x209-5-47\"><\/a><\/div>\n<\/div>\n<div class=\"entry-content full_img\">\n                    \tMo\u0219oarc\u0103 \u2013 portarul care a dus greul anul trecut \u0219i merita mai mult \u00een acest sezon, Traia \u2013 jocuri slabe, En\u0103\u0219escu \u2013 portar titular \u00een acest sezon, au fost gardienii echipei p\u00e2n\u0103 acum, iar \u00een aceast\u0103 iarn\u0103 a venit pe acela\u0219i post Sebastian Micu, iar acum clubul a mai anun\u021bat un transfer \u00een poart\u0103. Mihai&#8230;                    \t<a href=\"https:\/\/debanat.ro\/2026\/01\/politehnica-vrea-sa-isi-betoneze-poarta-inca-un-transfer-neasteptat_461749.html\" class=\"read_more\" title=\"Permanent Link to Politehnica vrea s\u0103 \u00ee\u0219i betoneze poarta! \u00cenc\u0103 un transfer, nea\u0219teptat\">Cite\u015fte tot articolul<\/a><img decoding=\"async\" alt=\"Citeste articolul Final de poveste \u00een disputa cu prim\u0103ria? Directorul Direc\u021biei de Cultur\u0103 Timi\u0219 scrie despre pasarela pietonal\u0103 peste Bega\" src=\"https:\/\/analyse.optim.biz\/wp-content\/uploads\/2026\/01\/arr_red-920.png\" title=\"arr_red-920\"><\/div>\n<\/article>\n<div class=\"entry-content full_img\">\n                    \tMo\u0219oarc\u0103 \u2013 portarul care a dus greul anul trecut \u0219i merita mai mult \u00een acest sezon, Traia \u2013 jocuri slabe, En\u0103\u0219escu \u2013 portar titular \u00een acest sezon, au fost gardienii echipei p\u00e2n\u0103 acum, iar \u00een aceast\u0103 iarn\u0103 a venit pe acela\u0219i post Sebastian Micu, iar acum clubul a mai anun\u021bat un transfer \u00een poart\u0103. Mihai&#8230;                    \t<a href=\"https:\/\/debanat.ro\/2026\/01\/politehnica-vrea-sa-isi-betoneze-poarta-inca-un-transfer-neasteptat_461749.html\" class=\"read_more\" title=\"Permanent Link to Politehnica vrea s\u0103 \u00ee\u0219i betoneze poarta! \u00cenc\u0103 un transfer, nea\u0219teptat\">Cite\u015fte tot articolul<\/a><img decoding=\"async\" alt=\"Citeste articolul Final de poveste \u00een disputa cu prim\u0103ria? Directorul Direc\u021biei de Cultur\u0103 Timi\u0219 scrie despre pasarela pietonal\u0103 peste Bega\" src=\"https:\/\/analyse.optim.biz\/wp-content\/uploads\/2026\/01\/arr_red-920.png\" title=\"arr_red-920\"><\/div>\n<article class=\"has-thumbnail post-461755 post type-post status-publish format-standard has-post-thumbnail hentry category-social tag-crima-din-cenei tag-criminalul-de-13-ani tag-dgaspc tag-drepturi-parintesti-suspendate content-print\">\n<div class=\"zona_left full_img\">\n<h2 class=\"entry-title\"><a href=\"https:\/\/debanat.ro\/2026\/01\/copilul-de-13-ani-acuzat-de-familie-a-fost-preluat-de-stat-dupa-ce-familia-nu-si-a-facut-datoria_461755.html\" title=\"Permalink to Copilul de 13 ani acuzat de familie a fost preluat de stat, dup\u0103 ce familia nu \u0219i-a f\u0103cut datoria\" rel=\"bookmark\"><br \/>\n                        \t\t\t\t\t\t\t\t\t\t\tCopilul de 13 ani acuzat de familie a fost preluat de stat, dup\u0103 ce familia nu \u0219i-a f\u0103cut datoria\t\t\t\t\t\t\t\t                        \t<\/a><\/h2>\n<div class=\"entry-meta\">\n\t                        31 ianuarie 2026<br \/>\n\t                        de\t                                <a href=\"https:\/\/debanat.ro\/author\/daniel-neacsu\" rel=\"author\">Daniel Neac\u0219u<\/a><\/div>\n<div class=\"entry-thumbnail\"><a href=\"https:\/\/debanat.ro\/2026\/01\/copilul-de-13-ani-acuzat-de-familie-a-fost-preluat-de-stat-dupa-ce-familia-nu-si-a-facut-datoria_461755.html\" title=\"Permalink to Copilul de 13 ani acuzat de familie a fost preluat de stat, dup\u0103 ce familia nu \u0219i-a f\u0103cut datoria\" rel=\"bookmark\"><img decoding=\"async\" width=\"337\" height=\"209\" src=\"https:\/\/analyse.optim.biz\/wp-content\/uploads\/2026\/01\/crima-arad-337x209-4-47.jpg\" class=\"attachment-hp_article size-hp_article wp-post-image\" loading=\"lazy\" title=\"crima-arad-337x209-4-47\"><\/a><\/div>\n<\/div>\n<div class=\"entry-content full_img\">\n                    \tAutorit\u0103\u021bile statului l-au luat din familie pe b\u0103iatul de 13 ani, acuzat c\u0103 l-a ucis pe Mario, adolescentul de 15 ani din Cenei. Drepturile p\u0103rinte\u0219ti au fost suspendate. Direc\u021bia pentru Protec\u021bia Copilului Timi\u0219 l-a ridicat de urgen\u021b\u0103 pe copilul de 13 ani din familie, dup\u0103 ce p\u0103rin\u021bii nu s-au conformat solicit\u0103rilor DGASPC. Inspectorii au solicitat&#8230;                    \t<a href=\"https:\/\/debanat.ro\/2026\/01\/copilul-de-13-ani-acuzat-de-familie-a-fost-preluat-de-stat-dupa-ce-familia-nu-si-a-facut-datoria_461755.html\" class=\"read_more\" title=\"Permanent Link to Copilul de 13 ani acuzat de familie a fost preluat de stat, dup\u0103 ce familia nu \u0219i-a f\u0103cut datoria\">Cite\u015fte tot articolul<\/a><img decoding=\"async\" alt=\"Citeste articolul Final de poveste \u00een disputa cu prim\u0103ria? Directorul Direc\u021biei de Cultur\u0103 Timi\u0219 scrie despre pasarela pietonal\u0103 peste Bega\" src=\"https:\/\/analyse.optim.biz\/wp-content\/uploads\/2026\/01\/arr_red-920.png\" title=\"arr_red-920\"><\/div>\n<\/article>\n<div class=\"entry-content full_img\">\n                    \tAutorit\u0103\u021bile statului l-au luat din familie pe b\u0103iatul de 13 ani, acuzat c\u0103 l-a ucis pe Mario, adolescentul de 15 ani din Cenei. Drepturile p\u0103rinte\u0219ti au fost suspendate. Direc\u021bia pentru Protec\u021bia Copilului Timi\u0219 l-a ridicat de urgen\u021b\u0103 pe copilul de 13 ani din familie, dup\u0103 ce p\u0103rin\u021bii nu s-au conformat solicit\u0103rilor DGASPC. Inspectorii au solicitat&#8230;                    \t<a href=\"https:\/\/debanat.ro\/2026\/01\/copilul-de-13-ani-acuzat-de-familie-a-fost-preluat-de-stat-dupa-ce-familia-nu-si-a-facut-datoria_461755.html\" class=\"read_more\" title=\"Permanent Link to Copilul de 13 ani acuzat de familie a fost preluat de stat, dup\u0103 ce familia nu \u0219i-a f\u0103cut datoria\">Cite\u015fte tot articolul<\/a><img decoding=\"async\" alt=\"Citeste articolul Final de poveste \u00een disputa cu prim\u0103ria? Directorul Direc\u021biei de Cultur\u0103 Timi\u0219 scrie despre pasarela pietonal\u0103 peste Bega\" src=\"https:\/\/analyse.optim.biz\/wp-content\/uploads\/2026\/01\/arr_red-920.png\" title=\"arr_red-920\"><\/div>\n<article class=\"has-thumbnail post-461698 post type-post status-publish format-standard has-post-thumbnail hentry category-etica-luciditatii-asistate category-opinii-2 category-ultima-ora tag-blocaje tag-neperformanta tag-putere tag-strandul-uszoda-test tag-timisoara content-print\">\n<div class=\"zona_left full_img\">\n<h2 class=\"entry-title\"><a href=\"https:\/\/debanat.ro\/2026\/01\/trei-blocaje-care-tin-timisoara-captiva_461698.html\" title=\"Permalink to Timi\u0219oara captiv\u0103 \u00een propriile promisiuni\" rel=\"bookmark\"><br \/>\n                        \t\t\t\t\t\t\t\t\t\t\tTimi\u0219oara captiv\u0103 \u00een propriile promisiuni\t\t\t\t\t\t\t\t                        \t<\/a><\/h2>\n<div class=\"entry-meta\">\n\t                        31 ianuarie 2026<br \/>\n\t                        de\t                                <a href=\"https:\/\/debanat.ro\/author\/radu-nicosevici\" rel=\"author\">Radu Nicosevici &amp; GPT<\/a><\/div>\n<div class=\"entry-thumbnail\"><a href=\"https:\/\/debanat.ro\/2026\/01\/trei-blocaje-care-tin-timisoara-captiva_461698.html\" title=\"Permalink to Timi\u0219oara captiv\u0103 \u00een propriile promisiuni\" rel=\"bookmark\"><img decoding=\"async\" width=\"322\" height=\"209\" src=\"https:\/\/analyse.optim.biz\/wp-content\/uploads\/2026\/01\/nicos-190.png\" class=\"attachment-hp_article size-hp_article wp-post-image\" loading=\"lazy\" title=\"nicos-190\"><\/a><\/div>\n<\/div>\n<div class=\"entry-content full_img\">\n                    \tTimi\u0219oara produce discurs de metropol\u0103, dar rezultate de ora\u0219 mic. Nu entuziasmul lipse\u0219te, ci puterea real\u0103 de a livra. Ora\u0219ul vorbe\u0219te compulsiv despre proiecte, mobilitate, digitalizare. Dar diferen\u021ba nu se vede \u00een conferin\u021be, ci \u00een \u0219antiere \u00eenchise; nu \u00een post\u0103ri, ci \u00een finaliz\u0103ri. Iar aici, Timi\u0219oara exceleaz\u0103 \u00eentr-o disciplin\u0103 ru\u0219inoas\u0103:\u00a0\u201eaproape gata\u201d. Comunicarea a devenit performan\u021b\u0103,&#8230;                    \t<a href=\"https:\/\/debanat.ro\/2026\/01\/trei-blocaje-care-tin-timisoara-captiva_461698.html\" class=\"read_more\" title=\"Permanent Link to Timi\u0219oara captiv\u0103 \u00een propriile promisiuni\">Cite\u015fte tot articolul<\/a><img decoding=\"async\" alt=\"Citeste articolul Final de poveste \u00een disputa cu prim\u0103ria? Directorul Direc\u021biei de Cultur\u0103 Timi\u0219 scrie despre pasarela pietonal\u0103 peste Bega\" src=\"https:\/\/analyse.optim.biz\/wp-content\/uploads\/2026\/01\/arr_red-920.png\" title=\"arr_red-920\"><\/div>\n<\/article>\n<div class=\"entry-content full_img\">\n                    \tTimi\u0219oara produce discurs de metropol\u0103, dar rezultate de ora\u0219 mic. Nu entuziasmul lipse\u0219te, ci puterea real\u0103 de a livra. Ora\u0219ul vorbe\u0219te compulsiv despre proiecte, mobilitate, digitalizare. Dar diferen\u021ba nu se vede \u00een conferin\u021be, ci \u00een \u0219antiere \u00eenchise; nu \u00een post\u0103ri, ci \u00een finaliz\u0103ri. Iar aici, Timi\u0219oara exceleaz\u0103 \u00eentr-o disciplin\u0103 ru\u0219inoas\u0103:\u00a0\u201eaproape gata\u201d. Comunicarea a devenit performan\u021b\u0103,&#8230;                    \t<a href=\"https:\/\/debanat.ro\/2026\/01\/trei-blocaje-care-tin-timisoara-captiva_461698.html\" class=\"read_more\" title=\"Permanent Link to Timi\u0219oara captiv\u0103 \u00een propriile promisiuni\">Cite\u015fte tot articolul<\/a><img decoding=\"async\" alt=\"Citeste articolul Final de poveste \u00een disputa cu prim\u0103ria? Directorul Direc\u021biei de Cultur\u0103 Timi\u0219 scrie despre pasarela pietonal\u0103 peste Bega\" src=\"https:\/\/analyse.optim.biz\/wp-content\/uploads\/2026\/01\/arr_red-920.png\" title=\"arr_red-920\"><\/div>\n<p> Source URL: https:\/\/debanat.ro\/2014\/04\/principalele-probleme-stomatologice_69719.html<\/p>\n","protected":false},"excerpt":{"rendered":"<p>Principalele probleme stomatologice Publicat la: 28 aprilie 2014 | ora: 9:10 | \u00een Sfatul medicului | de Bogdan Fondrea, estetica dentara si implantologie orala \u00cen primul r\u00e2nd trebuie s\u0103 \u00een\u021belegem un lucru, de la bun \u00eenceput: tratamentul modern \u00een stomatologie se bazeaz\u0103 foarte mult pe ameliorarea simptomelor, dar singurul aspect care \u00eentr-adev\u0103r ar trebui considerat [&hellip;]<\/p>\n","protected":false},"author":1,"featured_media":1639731,"comment_status":"open","ping_status":"","sticky":false,"template":"","format":"standard","meta":{"footnotes":""},"categories":[89],"tags":[192],"class_list":["post-1639727","post","type-post","status-publish","format-standard","has-post-thumbnail","hentry","category-romania","tag-debanat-ro"],"_links":{"self":[{"href":"https:\/\/analyse.optim.biz\/index.php?rest_route=\/wp\/v2\/posts\/1639727","targetHints":{"allow":["GET"]}}],"collection":[{"href":"https:\/\/analyse.optim.biz\/index.php?rest_route=\/wp\/v2\/posts"}],"about":[{"href":"https:\/\/analyse.optim.biz\/index.php?rest_route=\/wp\/v2\/types\/post"}],"author":[{"embeddable":true,"href":"https:\/\/analyse.optim.biz\/index.php?rest_route=\/wp\/v2\/users\/1"}],"replies":[{"embeddable":true,"href":"https:\/\/analyse.optim.biz\/index.php?rest_route=%2Fwp%2Fv2%2Fcomments&post=1639727"}],"version-history":[{"count":0,"href":"https:\/\/analyse.optim.biz\/index.php?rest_route=\/wp\/v2\/posts\/1639727\/revisions"}],"wp:featuredmedia":[{"embeddable":true,"href":"https:\/\/analyse.optim.biz\/index.php?rest_route=\/wp\/v2\/media\/1639731"}],"wp:attachment":[{"href":"https:\/\/analyse.optim.biz\/index.php?rest_route=%2Fwp%2Fv2%2Fmedia&parent=1639727"}],"wp:term":[{"taxonomy":"category","embeddable":true,"href":"https:\/\/analyse.optim.biz\/index.php?rest_route=%2Fwp%2Fv2%2Fcategories&post=1639727"},{"taxonomy":"post_tag","embeddable":true,"href":"https:\/\/analyse.optim.biz\/index.php?rest_route=%2Fwp%2Fv2%2Ftags&post=1639727"}],"curies":[{"name":"wp","href":"https:\/\/api.w.org\/{rel}","templated":true}]}}